{"id":36009,"date":"2016-07-06T23:27:25","date_gmt":"2016-07-07T02:27:25","guid":{"rendered":"http:\/\/www.jornalja.com.br\/?p=36009"},"modified":"2016-07-06T23:27:25","modified_gmt":"2016-07-07T02:27:25","slug":"o-que-e-este-espaco","status":"publish","type":"post","link":"https:\/\/www.jornalja.com.br\/especiais\/o-que-e-este-espaco\/","title":{"rendered":"O que \u00e9 este espa\u00e7o?"},"content":{"rendered":"<p>Esta p\u00e1gina do Jornal J\u00c1, de responsabilidade do Comit\u00ea em Defesa da Democracia e do Estado Democr\u00e1tico de Direito, traz publica\u00e7\u00f5es de membros do comit\u00ea e de pessoas por ele convidadas, com o objetivo de discutir temas da realidade brasileira e internacional, a partir do conhecimento especializado de seus autores e de suas diferentes vis\u00f5es ideol\u00f3gicas e pol\u00edticas, reunidas aqui para o livre debate imprescind\u00edvel para a consolida\u00e7\u00e3o da democracia no pa\u00eds.<br \/>\nO Comit\u00ea em Defesa da Democracia e do Estado Democr\u00e1tico de Direito foi criado no dia 04 de abril de 2016, no ato de lan\u00e7amento de um <a href=\"https:\/\/secure.avaaz.org\/po\/petition\/Ao_Povo_Brasileiro_ao_Congresso_Nacional_e_ao_Supremo_Tribunal_Federal_Manifesto_em_defesa_da_Democracia_e_do_Estado_Dem\/?cnzRRdb\" target=\"_blank\" rel=\"noopener noreferrer\">manifesto em defesa da democracia<\/a> subscrito inicialmente por 434 profissionais ga\u00fachos das \u00e1reas de educa\u00e7\u00e3o superior, cultura, pesquisa, comunica\u00e7\u00e3o, direito e a\u00e7\u00f5es comunit\u00e1rias, com atua\u00e7\u00e3o em diferentes espa\u00e7os de produ\u00e7\u00e3o intelectual p\u00fablicos e privados no Rio Grande do Sul. Disponibilizado para assinaturas atrav\u00e9s do Avaaz, o manifesto chegou at\u00e9 o presente momento ao total de 2.906 signat\u00e1rios.<br \/>\nO comit\u00ea surgiu a partir da preocupa\u00e7\u00e3o com o grave risco de ruptura institucional vigente no Brasil, em decorr\u00eancia do processo de impeachment da presidente da Rep\u00fablica, encaminhado de forma a\u00e7odada e sem que tenha sido caracterizado crime de responsabilidade. Um processo que coloca em xeque o funcionamento das institui\u00e7\u00f5es e o respeito \u00e0 pr\u00f3pria Constitui\u00e7\u00e3o.<br \/>\nO comit\u00ea orienta-se pela compreens\u00e3o de que \u00e9 preciso consolidar a democracia no pa\u00eds e encaminhar as importantes mudan\u00e7as necess\u00e1rias para o enfrentamento da crise econ\u00f4mica e a retomada do desenvolvimento com inclus\u00e3o social e a defesa da soberania nacional. Mudan\u00e7as que s\u00f3 poder\u00e3o ser realizadas com o apoio de um amplo bloco de for\u00e7as sociais e pol\u00edticas com elas comprometidas.<br \/>\nNesta perspectiva, o comit\u00ea foi constitu\u00eddo como um espa\u00e7o propositivo e regular de informa\u00e7\u00e3o, reflex\u00e3o, debates e manifesta\u00e7\u00f5es. Trata-se de um espa\u00e7o de debates plural, suprapartid\u00e1rio, buscando a participa\u00e7\u00e3o de pessoas com diferentes vis\u00f5es ideol\u00f3gicas e pol\u00edticas, reunidas para defender a democracia e as grandes mudan\u00e7as sociais acima indicadas.<\/p>\n","protected":false},"excerpt":{"rendered":"<p>Esta p\u00e1gina do Jornal J\u00c1, de responsabilidade do Comit\u00ea em Defesa da Democracia e do Estado Democr\u00e1tico de Direito, traz publica\u00e7\u00f5es de membros do comit\u00ea e de pessoas por ele convidadas, com o objetivo de discutir temas da realidade brasileira e internacional, a partir do conhecimento especializado de seus autores e de suas diferentes vis\u00f5es [&hellip;]<\/p>\n","protected":false},"author":21,"featured_media":0,"comment_status":"open","ping_status":"closed","sticky":false,"template":"","format":"standard","meta":{"_jetpack_memberships_contains_paid_content":false,"footnotes":""},"categories":[82],"tags":[],"class_list":["post-36009","post","type-post","status-publish","format-standard","hentry","category-debates"],"aioseo_notices":[],"jetpack_featured_media_url":"","jetpack_sharing_enabled":true,"_links":{"self":[{"href":"https:\/\/www.jornalja.com.br\/especiais\/wp-json\/wp\/v2\/posts\/36009","targetHints":{"allow":["GET"]}}],"collection":[{"href":"https:\/\/www.jornalja.com.br\/especiais\/wp-json\/wp\/v2\/posts"}],"about":[{"href":"https:\/\/www.jornalja.com.br\/especiais\/wp-json\/wp\/v2\/types\/post"}],"author":[{"embeddable":true,"href":"https:\/\/www.jornalja.com.br\/especiais\/wp-json\/wp\/v2\/users\/21"}],"replies":[{"embeddable":true,"href":"https:\/\/www.jornalja.com.br\/especiais\/wp-json\/wp\/v2\/comments?post=36009"}],"version-history":[{"count":0,"href":"https:\/\/www.jornalja.com.br\/especiais\/wp-json\/wp\/v2\/posts\/36009\/revisions"}],"wp:attachment":[{"href":"https:\/\/www.jornalja.com.br\/especiais\/wp-json\/wp\/v2\/media?parent=36009"}],"wp:term":[{"taxonomy":"category","embeddable":true,"href":"https:\/\/www.jornalja.com.br\/especiais\/wp-json\/wp\/v2\/categories?post=36009"},{"taxonomy":"post_tag","embeddable":true,"href":"https:\/\/www.jornalja.com.br\/especiais\/wp-json\/wp\/v2\/tags?post=36009"}],"curies":[{"name":"wp","href":"https:\/\/api.w.org\/{rel}","templated":true}]}}