{"id":36245,"date":"2016-07-11T22:11:19","date_gmt":"2016-07-12T01:11:19","guid":{"rendered":"http:\/\/www.jornalja.com.br\/?p=36245"},"modified":"2016-07-11T22:11:19","modified_gmt":"2016-07-12T01:11:19","slug":"joao-pedro-stedile-os-capitalistas-sequestraram-o-sistema-eleitoral-no-brasil-e-elegem-quem-eles-querem","status":"publish","type":"post","link":"https:\/\/www.jornalja.com.br\/especiais\/joao-pedro-stedile-os-capitalistas-sequestraram-o-sistema-eleitoral-no-brasil-e-elegem-quem-eles-querem\/","title":{"rendered":"Jo\u00e3o Pedro St\u00e9dile: \u201cOs capitalistas sequestraram o sistema eleitoral no Brasil e elegem quem eles querem\u201d"},"content":{"rendered":"<p>Do site<a href=\"http:\/\/bafafa.com.br\/mais-coisas\/entrevistas\/joao-pedro-stedile-os-capitalistas-sequestraram-o-sistema-eleitoral-no-brasil\"> Bafaf\u00e1<\/a><br \/>\nO coordenador nacional do MST, Movimento dos Trabalhadores Sem Terra, Jo\u00e3o Pedro St\u00e9dile faz uma consistente an\u00e1lise do quadro pol\u00edtico brasileiro. Em palestra no Sindicato dos Engenheiros do Rio e em entrevista ao Bafaf\u00e1, ele afirma que a concilia\u00e7\u00e3o com a burguesia \u00e9 um casamento desfeito que n\u00e3o adianta insistir. \u201cN\u00f3s, como for\u00e7as progressistas da sociedade, temos que debater e pensar em um novo projeto. O carro de som como forma de mobiliza\u00e7\u00e3o n\u00e3o serve mais\u201d, garante.<br \/>\nPara St\u00e9dile, o neodesenvolvimentismo da era Lula e Dilma esgotou. Caso o impeachment seja rejeitado, ele defende que Dilma venha a p\u00fablico com uma carta compromisso com a sociedade. \u201cN\u00e3o basta ela voltar. Tem de voltar com outro programa, outro minist\u00e9rio e esquecer esses partidos de merda do Congresso\u201d, fuzila.<br \/>\nSobre o papel do parlamento, St\u00e9dile fuzila: \u201cOs capitalistas sequestraram o sistema eleitoral no Brasil e elegem quem eles querem. Essa hist\u00f3ria de que todo poder emana do povo \u00e9 uma fal\u00e1cia\u201d.<br \/>\n<strong>Como est\u00e1 vendo o momento que estamos vivendo?<\/strong><br \/>\nA classe dominante brasileira, ao longo de nossa hist\u00f3ria, sempre recorre a esses golpes militares ou institucionais para recompor o seu projeto. N\u00f3s fazemos uma leitura que a sociedade brasileira est\u00e1 vivendo uma grave crise nesse per\u00edodo de sua hist\u00f3ria. Uma crise que n\u00e3o \u00e9 de corrup\u00e7\u00e3o, n\u00e3o \u00e9 apenas uma crise pol\u00edtica. Ela eclodiu em meio a uma crise econ\u00f4mica, em meio a uma crise pol\u00edtica de gest\u00e3o do estado e uma crise social com os problemas se agravando. Temos ainda uma crise ambiental fruto da gan\u00e2ncia do capital como nunca vimos em outros per\u00edodos de nossa hist\u00f3ria. Isso \u00e9 decorr\u00eancia da v\u00e1rios fatores: da crise do capitalismo internacional, da domina\u00e7\u00e3o do capital sobre o estado e a produ\u00e7\u00e3o, da fal\u00eancia da democracia representativa. Os capitalistas sequestraram o sistema eleitoral no Brasil e elegem quem eles querem. Essa hist\u00f3ria de que todo poder emana do povo \u00e9 uma fal\u00e1cia! O povo nem sequer lembra em quem votou. Na vota\u00e7\u00e3o do impeachment da Dilma s\u00f3 36 deputados tinham votos pr\u00f3prios para se eleger, o resto entrou de carona. A crise \u00e9 mais ampla do que apenas poss\u00edveis erros do governo Dilma.<br \/>\n<strong>O MST foi cr\u00edtico ao governo Dilma?<\/strong><br \/>\nN\u00f3s criticamos e denunciamos o governo Dilma porque ele foi eleito com um programa em 2014 e imediatamente montou uma equipe que nada tinha a ver com este programa, com o Levy \u00e0 frente. Em 2015, foi um desastre porque ela adotou um programa neoliberal que tirou o apoio popular dela. N\u00f3s sempre fomos cr\u00edticos, sobretudo no segundo mandato. Por\u00e9m, temos que entender que a causa principal n\u00e3o s\u00e3o os erros do governo. Diante dessa crise hist\u00f3rica, que s\u00f3 aconteceu antes em 1930, 1960, 1964 e 1980. Para sairmos da atual precisamos de um novo projeto com nova hegemonia na sociedade. A burguesia, diante da crise, soltou seus cachorrinhos na rua. Embalados pela Globo com a fantasia que o problema era a corrup\u00e7\u00e3o, fizeram todo aquele latido nas ruas. Ai veio o golpe e agora est\u00e3o envergonhados. Nunca se viu tanta corrup\u00e7\u00e3o num s\u00f3 governo como o atual. Tr\u00eas ministros j\u00e1 ca\u00edram e tem mais sete arrolados em processos de corrup\u00e7\u00e3o. Como disse o Ciro Gomes, o governo Temer \u00e9 um sindicato de ladr\u00f5es.<br \/>\n<strong>O impeachment \u00e9 golpe?<\/strong><br \/>\nA burguesia deu um golpe institucional porque quer aplicar um plano neoliberal que atenda o capital financeiro e as grandes corpora\u00e7\u00f5es internacionais. Esse governo provis\u00f3rio j\u00e1 prega o realinhamento com os Estados Unidos, a flexibiliza\u00e7\u00e3o da CLT e libera\u00e7\u00e3o da terceiriza\u00e7\u00e3o. Vai ser um ataque frontal ao direito dos trabalhadores. O pior vai ser a apropria\u00e7\u00e3o de R$ 220 bilh\u00f5es em recursos que eram destinados \u00e0s camadas populares, em todas as \u00e1reas, sa\u00fade, educa\u00e7\u00e3o, moradia, reforma agr\u00e1ria. Isso para recompor o seu processo de acumula\u00e7\u00e3o. Tem ainda a apropria\u00e7\u00e3o dos bens da natureza. No Brasil ainda temos em oferta a energia el\u00e9trica e o petr\u00f3leo. O min\u00e9rio de ferro n\u00e3o falo, pois j\u00e1 \u00e9 deles! Eles precisam se apropriar do Pr\u00e9 Sal, a nossa grande riqueza natural. Eles precisam se apropriar, pois \u00e9 a maior reserva conhecida do mundo. O Temer, em nome da burguesia, quer fazer esse trabalho. Seu governo golpista tem muitas contradi\u00e7\u00f5es. O projeto neoliberal dele n\u00e3o \u00e9 um projeto de na\u00e7\u00e3o, ao contr\u00e1rio. \u00c9 um programa antinacional e antipopular. Os problemas s\u00f3 ir\u00e3o se agravar.<br \/>\n<strong>Quem afinal comanda o golpe?<\/strong><br \/>\nA direita brasileira est\u00e1 desunida, n\u00e3o tem um n\u00facleo. Tem o bloco de interesse do poder econ\u00f4mico representado pelo Meirelles, o bloco dos partidos conservadores como PMDB, PP, PPS, tucanos e o bloco ideol\u00f3gico comandado pela Globo, o Moro e o Minist\u00e9rio P\u00fablico. Contradi\u00e7\u00f5es destes tr\u00eas blocos, por falta de unidade pol\u00edtica, podem nos ajudar.<br \/>\n<strong>E a classe trabalhadora no meio disso?<\/strong><br \/>\nA classe trabalhadora tem enfrentado diversos desafios diante da crise. Apenas os setores organizados est\u00e3o nas ruas, as manifesta\u00e7\u00f5es n\u00e3o tem o pov\u00e3o que est\u00e1 at\u00f4nito diante da luta de classes. Por que isso? Pelo fracasso ideol\u00f3gico dos partidos que pararam de fazer forma\u00e7\u00e3o pol\u00edtica, na incompet\u00eancia dos governos Lula e Dilma de fazer alian\u00e7a com a Globo ao inv\u00e9s de enfrentar o poder econ\u00f4mico. Hoje n\u00f3s temos uma massa amorfa que est\u00e1 em casa vendo televis\u00e3o. N\u00f3s temos que cutucar essa massa. O nosso desafio agora \u00e9 trabalhar firmemente n\u00e3o s\u00f3 nos sindicatos, mas tamb\u00e9m nos movimentos populares, no sentido de uma greve geral. Se a classe trabalhadora n\u00e3o parar n\u00e3o ter\u00e1 for\u00e7a para sinalizar para a burguesia que \u00e9 contra o arrocho. Esse \u00e9 o desafio: a classe trabalhadora que produz sinalizar para o Temer que ela \u00e9 um ator importante para o futuro da sociedade. Ai cabe uma autocr\u00edtica da esquerda de reconhecer que desaprendeu de fazer trabalho de base e de conscientiza\u00e7\u00e3o.<br \/>\n<strong>E os militares, s\u00e3o legalistas ou golpistas?<\/strong><br \/>\nOs militares golpistas est\u00e3o de pijama embora circulem nas redes sociais com discursos fascist\u00f3ides. Os militares da ativa est\u00e3o at\u00f4nitos e receosos de ter um protagonismo maior. Cabe nos criarmos pontes com eles na defesa da democracia.<br \/>\n<strong>E qual \u00e9 o desafio para as for\u00e7as progressistas?<\/strong><br \/>\nTemos que pensar num novo projeto para o pa\u00eds. O neodesenvolvimentismo da era Lula e Dilma esgotou. N\u00e3o adianta achar que Lula 2018 vai resolver o problema apesar dele ainda ser o maior l\u00edder popular que n\u00f3s temos. Se n\u00e3o tivermos um programa por tr\u00e1s n\u00e3o avan\u00e7aremos. A concilia\u00e7\u00e3o com a burguesia \u00e9 um casamento desfeito, n\u00e3o adianta insistir. N\u00f3s, como for\u00e7as progressistas da sociedade, temos que debater e pensar em um novo projeto. O carro de som como forma de mobiliza\u00e7\u00e3o n\u00e3o serve mais.<br \/>\n<strong>\u00c9 poss\u00edvel barrar o golpe?<\/strong><br \/>\nSim, temos chance. Tudo \u00e9 poss\u00edvel diante do car\u00e1ter golpista e antinacional do governo Temer. \u00c9 preciso um intenso trabalho de mobiliza\u00e7\u00e3o em diferentes setores da sociedade como da sa\u00fade, da educa\u00e7\u00e3o, da moradia, do campo. Temos ainda a perspectiva de uma greve geral como necessidade de mobilizar as massas. Nos dias 19 e 20 de julho vamos realizar um Tribunal Internacional para julgar os golpistas no Teatro Casagrande. O j\u00fari ser\u00e1 formado por sete personalidades do mundo, entre eles Andr\u00e9s Peres Ezquivel. O veredito ser\u00e1 levado ao STF e aos senadores. Queremos ainda organizar uma grande marcha no dia 05 de agosto na abertura das Olimp\u00edadas aproveitando que estar\u00e3o na cidade mais de 20 mil jornalistas. Vamos ainda imprimir milh\u00f5es de folhetos did\u00e1ticos explicando a natureza do golpe. Existe tamb\u00e9m a possibilidade de entrarmos com um recurso no STF questionando o m\u00e9rito do impeachment se vier a ser aprovado. Temos que associar o golpe ao STF para mostrar \u00e0 sociedade que ele \u00e9 conivente com o golpe.<br \/>\n<strong>E Dilma nisso tudo?<\/strong><br \/>\nEla tem de vir a p\u00fablico e divulgar uma carta compromisso com a sociedade. N\u00e3o basta ela voltar. Tem de voltar com outro programa, outro minist\u00e9rio e esquecer esses partidos de merda do Congresso. Isso \u00e9 urgente. \u00c9 besteira ela sinalizar a direita com um plebiscito sobre a continuidade ou n\u00e3o de seu mandato. At\u00e9 porque juridicamente \u00e9 invi\u00e1vel.<br \/>\n<strong>E se o impeachment for aprovado?<\/strong><br \/>\nSe for aprovado temos duas alternativas: recorrer ao STF para julgar o m\u00e9rito da quest\u00e3o e paralelamente a isso lutar por um plebiscito que convoque uma Assembleia Constituinte para fazermos uma reforma pol\u00edtica. Sem mudar o sistema eleitoral n\u00e3o teremos democracia representativa no pa\u00eds.<br \/>\n&nbsp;<br \/>\n<strong>E um eventual governo Temer como ser\u00e1?<\/strong><br \/>\nN\u00e3o conseguir\u00e1 governar uma semana do ponto de vista de a\u00e7\u00e3o pol\u00edtica porque vai ser contra os trabalhadores. Vai aprofundar a crise e ser\u00e1 inst\u00e1vel.<br \/>\nJunho de 2016<\/p>\n","protected":false},"excerpt":{"rendered":"<p>Do site Bafaf\u00e1 O coordenador nacional do MST, Movimento dos Trabalhadores Sem Terra, Jo\u00e3o Pedro St\u00e9dile faz uma consistente an\u00e1lise do quadro pol\u00edtico brasileiro. Em palestra no Sindicato dos Engenheiros do Rio e em entrevista ao Bafaf\u00e1, ele afirma que a concilia\u00e7\u00e3o com a burguesia \u00e9 um casamento desfeito que n\u00e3o adianta insistir. \u201cN\u00f3s, como [&hellip;]<\/p>\n","protected":false},"author":21,"featured_media":36246,"comment_status":"open","ping_status":"closed","sticky":false,"template":"","format":"standard","meta":{"_jetpack_memberships_contains_paid_content":false,"footnotes":""},"categories":[82],"tags":[],"class_list":["post-36245","post","type-post","status-publish","format-standard","has-post-thumbnail","hentry","category-debates"],"aioseo_notices":[],"jetpack_featured_media_url":"","jetpack_sharing_enabled":true,"_links":{"self":[{"href":"https:\/\/www.jornalja.com.br\/especiais\/wp-json\/wp\/v2\/posts\/36245","targetHints":{"allow":["GET"]}}],"collection":[{"href":"https:\/\/www.jornalja.com.br\/especiais\/wp-json\/wp\/v2\/posts"}],"about":[{"href":"https:\/\/www.jornalja.com.br\/especiais\/wp-json\/wp\/v2\/types\/post"}],"author":[{"embeddable":true,"href":"https:\/\/www.jornalja.com.br\/especiais\/wp-json\/wp\/v2\/users\/21"}],"replies":[{"embeddable":true,"href":"https:\/\/www.jornalja.com.br\/especiais\/wp-json\/wp\/v2\/comments?post=36245"}],"version-history":[{"count":0,"href":"https:\/\/www.jornalja.com.br\/especiais\/wp-json\/wp\/v2\/posts\/36245\/revisions"}],"wp:featuredmedia":[{"embeddable":true,"href":"https:\/\/www.jornalja.com.br\/especiais\/wp-json\/"}],"wp:attachment":[{"href":"https:\/\/www.jornalja.com.br\/especiais\/wp-json\/wp\/v2\/media?parent=36245"}],"wp:term":[{"taxonomy":"category","embeddable":true,"href":"https:\/\/www.jornalja.com.br\/especiais\/wp-json\/wp\/v2\/categories?post=36245"},{"taxonomy":"post_tag","embeddable":true,"href":"https:\/\/www.jornalja.com.br\/especiais\/wp-json\/wp\/v2\/tags?post=36245"}],"curies":[{"name":"wp","href":"https:\/\/api.w.org\/{rel}","templated":true}]}}