{"id":36746,"date":"2016-07-20T15:13:52","date_gmt":"2016-07-20T18:13:52","guid":{"rendered":"http:\/\/www.jornalja.com.br\/?p=36746"},"modified":"2016-07-20T15:13:52","modified_gmt":"2016-07-20T18:13:52","slug":"greenwald-acusa-folha-de-sp-de-fraude-em-pesquisa","status":"publish","type":"post","link":"https:\/\/www.jornalja.com.br\/especiais\/greenwald-acusa-folha-de-sp-de-fraude-em-pesquisa\/","title":{"rendered":"Greenwald acusa Folha de SP de fraude em pesquisa"},"content":{"rendered":"<p><figure id=\"attachment_36751\" aria-describedby=\"caption-attachment-36751\" style=\"width: 200px\" class=\"wp-caption alignleft\"><img decoding=\"async\" class=\"wp-image-36751 size-thumbnail\" src=\"http:\/\/www.jornalja.com.br\/wp-content\/uploads\/2016\/07\/glenn_greenwald-e1469038267631-200x250.jpg\" alt=\"Glenn Greenwald\" width=\"200\" height=\"250\" \/><figcaption id=\"caption-attachment-36751\" class=\"wp-caption-text\">Glenn Greenwald | Foto: AP Photo\/Kin Cheung<\/figcaption><\/figure><br \/>\nO premiado jornalista norte-americano Glenn Greenwald, que mora no Rio de Janeiro, publicou em\u00a0sua coluna no site <em>The Intercept\u00a0<\/em>uma an\u00e1lise fria e sem filtros dos dados da pesquisa divulgada pela Folha de S\u00e3o Paulo neste final de semana, referentes a opini\u00e3o dos brasileiros em rela\u00e7\u00e3o \u00e0 situa\u00e7\u00e3o pol\u00edtica e econ\u00f4mica brasileira.<br \/>\nGreenwald acusa a Folha de SP de distorcer\u00a0os dados e critica a manipula\u00e7\u00e3o editorial dos resultados.<br \/>\nConfira\u00a0o artigo completo <a href=\"https:\/\/theintercept.com\/2016\/07\/20\/folha-comete-fraude-jornalistica-com-pesquisa-manipulada-visando-alavancar-temer\/\" target=\"_blank\" rel=\"noopener noreferrer\">aqui<\/a>.<br \/>\n&nbsp;<\/p>\n","protected":false},"excerpt":{"rendered":"<p>O premiado jornalista norte-americano Glenn Greenwald, que mora no Rio de Janeiro, publicou em\u00a0sua coluna no site The Intercept\u00a0uma an\u00e1lise fria e sem filtros dos dados da pesquisa divulgada pela Folha de S\u00e3o Paulo neste final de semana, referentes a opini\u00e3o dos brasileiros em rela\u00e7\u00e3o \u00e0 situa\u00e7\u00e3o pol\u00edtica e econ\u00f4mica brasileira. Greenwald acusa a Folha [&hellip;]<\/p>\n","protected":false},"author":21,"featured_media":36747,"comment_status":"open","ping_status":"closed","sticky":false,"template":"","format":"standard","meta":{"_jetpack_memberships_contains_paid_content":false,"footnotes":""},"categories":[82],"tags":[29],"class_list":["post-36746","post","type-post","status-publish","format-standard","has-post-thumbnail","hentry","category-debates","tag-sao-paulo"],"aioseo_notices":[],"jetpack_featured_media_url":"","jetpack_sharing_enabled":true,"_links":{"self":[{"href":"https:\/\/www.jornalja.com.br\/especiais\/wp-json\/wp\/v2\/posts\/36746","targetHints":{"allow":["GET"]}}],"collection":[{"href":"https:\/\/www.jornalja.com.br\/especiais\/wp-json\/wp\/v2\/posts"}],"about":[{"href":"https:\/\/www.jornalja.com.br\/especiais\/wp-json\/wp\/v2\/types\/post"}],"author":[{"embeddable":true,"href":"https:\/\/www.jornalja.com.br\/especiais\/wp-json\/wp\/v2\/users\/21"}],"replies":[{"embeddable":true,"href":"https:\/\/www.jornalja.com.br\/especiais\/wp-json\/wp\/v2\/comments?post=36746"}],"version-history":[{"count":0,"href":"https:\/\/www.jornalja.com.br\/especiais\/wp-json\/wp\/v2\/posts\/36746\/revisions"}],"wp:featuredmedia":[{"embeddable":true,"href":"https:\/\/www.jornalja.com.br\/especiais\/wp-json\/"}],"wp:attachment":[{"href":"https:\/\/www.jornalja.com.br\/especiais\/wp-json\/wp\/v2\/media?parent=36746"}],"wp:term":[{"taxonomy":"category","embeddable":true,"href":"https:\/\/www.jornalja.com.br\/especiais\/wp-json\/wp\/v2\/categories?post=36746"},{"taxonomy":"post_tag","embeddable":true,"href":"https:\/\/www.jornalja.com.br\/especiais\/wp-json\/wp\/v2\/tags?post=36746"}],"curies":[{"name":"wp","href":"https:\/\/api.w.org\/{rel}","templated":true}]}}