{"id":36953,"date":"2016-07-23T18:39:09","date_gmt":"2016-07-23T21:39:09","guid":{"rendered":"http:\/\/www.jornalja.com.br\/?p=36953"},"modified":"2016-07-23T18:39:09","modified_gmt":"2016-07-23T21:39:09","slug":"identidades-culturais-democratizacao-da-midia-e-a-onda-de-golpes-uma-pauta-de-integracao","status":"publish","type":"post","link":"https:\/\/www.jornalja.com.br\/especiais\/identidades-culturais-democratizacao-da-midia-e-a-onda-de-golpes-uma-pauta-de-integracao\/","title":{"rendered":"Identidades culturais, democratiza\u00e7\u00e3o da m\u00eddia e a onda de golpes: uma pauta de integra\u00e7\u00e3o"},"content":{"rendered":"<p>Guilherme Castro \u00e9 cineasta e jornalista, professor na ULBRA e doutorando em cinema na Universidade Anhembi Morumbi\/SP. Presidiu o Conselho Estadual de Cultura e a Associa\u00e7\u00e3o de Cineastas do RGS (APTC-RS) e dirigiu a programa\u00e7\u00e3o da TVERS. Participou da funda\u00e7\u00e3o do Foro EntreFronteras.<br \/>\n<span class=\"intertit\">Tr\u00eas pa\u00edses, v\u00e1rias culturas<\/span><br \/>\nA travessia \u00e9 de balsa, no Alto Rio Uruguai. De Porto Mau\u00e1, pouco al\u00e9m de Santa Rosa, noroeste ga\u00facho, chega-se \u00e0 margem argentina, no porto de Alba Posse. Estamos na Prov\u00edncia de Misiones, cuja capital \u00e9 Posadas. \u00c9 uma estreita faixa de terra da Argentina, entre o Brasil e o Paraguai. Uma regi\u00e3o de cultura guaran\u00edtica comum aos povos, mas tamb\u00e9m de aflu\u00eancia de imigra\u00e7\u00f5es diversas, que se estende at\u00e9 Foz do Igua\u00e7u, no Paran\u00e1. J\u00e1 fiz essa viagem outras vezes para mostrar filmes e para a integra\u00e7\u00e3o do cinema e da pol\u00edtica do audiovisual com colegas e amigos dos pa\u00edses vizinhos. A partir da cidade de Ober\u00e1, por iniciativa do l\u00edder e jovem cineasta Axel Mansu, faz dez anos iniciamos o Foro EntreFronteras<sup>1<\/sup>, integrando realizadores e pol\u00edticas de audiovisual das Prov\u00edncias do Nordeste da Argentina, do Paraguai e do Rio Grande do Sul, Brasil. O Santa Maria V\u00eddeo e Cinema<sup>2<\/sup> (Luiz Alberto Cassol, parceiro e incentivador desde ent\u00e3o) e o Ober\u00e1 en Cortos<sup>3<\/sup> (dirigido por Axel) foram os centros dessa integra\u00e7\u00e3o, mas tamb\u00e9m houve diversas atividades em outras prov\u00edncias participantes e mesmo em Assun\u00e7\u00e3o (Paraguai). Participei diretamente do EntreFronteras entre 2007 e 2011. Em julho de 2016, retorno a convite ao 13\u00ba Ober\u00e1 en Cortos<sup>4<\/sup>.<br \/>\n<figure id=\"attachment_36955\" aria-describedby=\"caption-attachment-36955\" style=\"width: 300px\" class=\"wp-caption alignnone\"><img decoding=\"async\" class=\"size-medium wp-image-36955\" src=\"http:\/\/www.jornalja.com.br\/wp-content\/uploads\/2016\/07\/Travessia-do-Alto-Uruguai-300x169.jpg\" alt=\"Travessia do Alto Uruguai, entre Porto Mau\u00e1 e Alba Posse.\" width=\"300\" height=\"169\" \/><figcaption id=\"caption-attachment-36955\" class=\"wp-caption-text\">Travessia do Alto Uruguai, entre Porto Mau\u00e1 e Alba Posse<\/figcaption><\/figure><br \/>\n<span class=\"intertit\">Identidades culturais e democratiza\u00e7\u00e3o da m\u00eddia<\/span><br \/>\nA integra\u00e7\u00e3o, e sobretudo a valoriza\u00e7\u00e3o e prote\u00e7\u00e3o das identidades culturais dessa regi\u00e3o de tr\u00edplice nacionalidade ocorrem no \u00e2mbito da implanta\u00e7\u00e3o da Lei dos Meios na Argentina (2009), da cria\u00e7\u00e3o da TV P\u00fablica Paraguay (2011) e tamb\u00e9m das pol\u00edticas p\u00fablicas de cultura e comunica\u00e7\u00e3o do Brasil no per\u00edodo.<br \/>\nO tema \u00e9 pol\u00edtico e atual<sup>5<\/sup>. O movimento \u00e9 pela resist\u00eancia e afirma\u00e7\u00e3o das identidades culturais dos povos. Al\u00e9m de reencontrar os companheiros dessa jornada, nessa viagem a Ober\u00e1 constato avan\u00e7os concretos no desenvolvimento descentralizado e democr\u00e1tico do audiovisual e da m\u00eddia, mas tamb\u00e9m as consequ\u00eancias do atual contexto pol\u00edtico da regi\u00e3o. Agora, os golpes de Estado no Paraguai e no Brasil e os retrocessos ultraconservadores tamb\u00e9m na Argentina transformam o ambiente e atualizam a pauta da integra\u00e7\u00e3o.<br \/>\nNa Argentina, as medidas de democratiza\u00e7\u00e3o da m\u00eddia s\u00e3o mais profundas e at\u00e9 agora tamb\u00e9m mais est\u00e1veis. J\u00e1 no primeiro Governo Cristina Kirchner, a Lei dos Servi\u00e7os de Comunica\u00e7\u00e3o Audiovisual (dos Meios) foi aprovada no Congresso e convalidada pela Suprema Corte, sob forte press\u00e3o popular. Entre os princ\u00edpios democr\u00e1ticos da regulamenta\u00e7\u00e3o de 2009 est\u00e3o a limita\u00e7\u00e3o aos oligop\u00f3lios, o fortalecimento das emissoras comunit\u00e1rias e a prote\u00e7\u00e3o e promo\u00e7\u00e3o da cultura e produ\u00e7\u00e3o regionais e locais. A Lei foi parcialmente implementada.<br \/>\nNesse contexto presenciamos, no \u00e2mbito do EntreFronteras, o surgimento de toda uma cadeia de produ\u00e7\u00e3o e exibi\u00e7\u00e3o de conte\u00fado audiovisual, por produtores locais. Segundo os realizadores Pablo Testoni, de Santa F\u00e9, e Juan Ferreira, de Misiones, houve uma explos\u00e3o do audiovisual, porque a Lei exige a produ\u00e7\u00e3o e veicula\u00e7\u00e3o de conte\u00fados locais, mas o processo n\u00e3o se completou. Para eles, o poder econ\u00f4mico segue controlando a m\u00eddia. Testoni \u00e9 da Cooperativa de Produtores Audiovisuais Imagica e da Associa\u00e7\u00e3o Nacional de Produtores Cooperativados ContAr &#8211; Contenidos Argentinos. Ele avalia que houve dois processos: um social e leg\u00edtimo, da Coaliza\u00e7\u00e3o por uma Radiofus\u00e3o Democr\u00e1tica (a \u201cmassa cr\u00edtica\u201d que sustenta o embate), e outro econ\u00f4mico, que manteve o controle sobre os meios de comunica\u00e7\u00e3o. Explica que os ve\u00edculos alternativos, mesmo com a Lei, seguiram com pouco alcance ou viabilidade. Se a r\u00e1dio pequena, afirma como exemplo, n\u00e3o tiver rela\u00e7\u00e3o com os grandes grupos econ\u00f4micos, n\u00e3o sobrevive.<br \/>\n<figure id=\"attachment_36958\" aria-describedby=\"caption-attachment-36958\" style=\"width: 300px\" class=\"wp-caption alignnone\"><img decoding=\"async\" class=\"size-medium wp-image-36958\" src=\"http:\/\/www.jornalja.com.br\/wp-content\/uploads\/2016\/07\/Ober\u00e1-en-cortos-300x158.jpg\" alt=\"Ober\u00e1 em cortos\" width=\"300\" height=\"158\" \/><figcaption id=\"caption-attachment-36958\" class=\"wp-caption-text\">Ober\u00e1 em cortos<\/figcaption><\/figure><br \/>\nJuan Ferreira, da Produtora da Terra e organizador do Festival, aponta que a Lei dos Meios perde a efic\u00e1cia porque os organismos de fiscaliza\u00e7\u00e3o foram desmontados. Uma das primeiras medidas do Governo Macri foi a dissolu\u00e7\u00e3o da Autoridad Federal de Servicios de Comunicaci\u00f3n Audiovisual (AFSCA). Deste modo, segundo eles, n\u00e3o h\u00e1 mais como verificar a proporcionalidade de conte\u00fado, nem proteger as culturas e linguagens minorit\u00e1rias, conforme dita a Lei. Na Argentina, concluem, o retrocesso \u00e9 via elei\u00e7\u00f5es, mas mediante a atua\u00e7\u00e3o do poder econ\u00f4mico para impedir a continuidade das mudan\u00e7as, e agora Macri promove o desmonte da Lei dos Meios.<br \/>\nNo Paraguai, tamb\u00e9m muito pr\u00f3ximo a n\u00f3s por esse territ\u00f3rio, conforme Sady Barrios, jovem cineasta de Assuncion, pela primeira vez se dava import\u00e2ncia e criavam pol\u00edticas de prote\u00e7\u00e3o \u00e0s culturas locais. Mas em apenas dois dias, em junho de 2012, o golpe parlamentar destituiu o Presidente Fernando Lugo. Barrios integrava a equipe de implanta\u00e7\u00e3o da rec\u00e9m criada Televis\u00e3o P\u00fablica Paraguay, que durante semanas, apoiada por manifestantes, resistiu ao golpe. Ela enche os olhos de l\u00e1grimas ao relembrar que de s\u00fabito o sonho foi interrompido.<br \/>\nEm nossos di\u00e1logos em Ober\u00e1, constatamos que outro tra\u00e7o comum aos atuais golpes pol\u00edticos \u00e9 a criminaliza\u00e7\u00e3o dos movimentos sociais. No Paraguai, l\u00edderes populares foram os \u00fanicos julgados e, h\u00e1 poucos dias, condenados a at\u00e9 35 anos de pris\u00e3o pelo pol\u00eamico massacre de Curuguaty, o pretexto para a destitui\u00e7\u00e3o do Presidente.<br \/>\nNo Brasil, aonde n\u00e3o temos uma Lei dos Meios, o governo golpista que destitui a Presidenta Dilma tenta de imediato extinguir o Minist\u00e9rio da Cultura e interv\u00e9m de modo direto e ilegal na Empresa Brasileira de Comunica\u00e7\u00e3o (criada em 2007), que opera a TV Brasil e outros ve\u00edculos. Aqui, o projeto que se destinava a construir e fortalecer a comunica\u00e7\u00e3o p\u00fablica est\u00e1 sendo interrompido e desmontado.<br \/>\n<span class=\"intertit\">A resist\u00eancia e o l\u00edder luminoso Ober\u00e1<\/span><br \/>\nA afirma\u00e7\u00e3o das identidades culturais \u00e9 o gesto pol\u00edtico de resist\u00eancia que motiva a promo\u00e7\u00e3o e integra\u00e7\u00e3o do audiovisual da regi\u00e3o. Axel Monsu, diretor do Ober\u00e1 en Cortos e tamb\u00e9m do Instituto de Artes Audiovisuais de Misiones, enfatiza que \u201cn\u00e3o \u00e9 tradi\u00e7\u00e3o, porque \u00e9 um processo vivo. A todo o momento, desse lugar, acontece o exerc\u00edcio da identidade e da diversidade, e isso define o que sou frente a outra cultura\u201d.<br \/>\nOs golpes no Paraguai e no Brasil se assemelham, mas a agenda de retrocessos na Argentina tamb\u00e9m \u00e9 intensa. No que diz respeito a centralidade da pauta da democratiza\u00e7\u00e3o da m\u00eddia e da cultura, no Brasil, as iniciativas foram t\u00edmidas, e agora sofrem riscos de serem perdidas. Talvez os envolvidos n\u00e3o percebam tanto, e no Brasil nada foi noticiado, mas na Argentina foram dados passos mais importantes para a democratiza\u00e7\u00e3o da m\u00eddia.<br \/>\nO tema da integra\u00e7\u00e3o n\u00e3o \u00e9 novo, mas est\u00e1 longe de ter amadurecido e ganha atualidade e redobrada import\u00e2ncia. T\u00e3o pr\u00f3ximos na geografia e na cultura, a geopol\u00edtica nos afasta e os liames que nos ligam permanecem quase sempre ocultos. Por\u00e9m, Ober\u00e1 significa em Guarani \u2018o luminoso\u2019, \u2018o resplandecente\u2019. \u00c9 o nome adotado pelo Cacique que liderou a resist\u00eancia muito singular, atrav\u00e9s da cultura, \u00e0 ocupa\u00e7\u00e3o espanhola da regi\u00e3o no S\u00e9culo XVI. A travessia da fronteira, o gesto de afirma\u00e7\u00e3o da cultura e de integra\u00e7\u00e3o abarca muitos sentidos poss\u00edveis e pertinentes<sup>6<\/sup>, de resist\u00eancia e constru\u00e7\u00e3o democr\u00e1ticas.<br \/>\n&nbsp;<br \/>\n<figure id=\"attachment_36956\" aria-describedby=\"caption-attachment-36956\" style=\"width: 212px\" class=\"wp-caption alignnone\"><img decoding=\"async\" class=\"size-full wp-image-36956\" src=\"http:\/\/www.jornalja.com.br\/wp-content\/uploads\/2016\/07\/Cacique-Ober\u00e1.jpg\" alt=\"Cacique Ober\u00e1\" width=\"212\" height=\"238\" \/><figcaption id=\"caption-attachment-36956\" class=\"wp-caption-text\">Cacique Ober\u00e1<\/figcaption><\/figure><br \/>\n<figure id=\"attachment_36957\" aria-describedby=\"caption-attachment-36957\" style=\"width: 209px\" class=\"wp-caption alignnone\"><img decoding=\"async\" class=\"size-medium wp-image-36957\" src=\"http:\/\/www.jornalja.com.br\/wp-content\/uploads\/2016\/07\/Carta-de-Ober\u00e1-209x300.jpg\" alt=\"Carta de Ober\u00e1\" width=\"209\" height=\"300\" \/><figcaption id=\"caption-attachment-36957\" class=\"wp-caption-text\">Carta de Ober\u00e1<\/figcaption><\/figure><br \/>\n&nbsp;<br \/>\n1 https:\/\/www.facebook.com\/ForoEntreFronteras\/<br \/>\n2 http:\/\/www.smvc.org.br\/?secao=quemsomos<br \/>\n3 http:\/\/www.oberaencortos.com.ar\/<br \/>\n4 A Mostra brasileira do 13\u00ba Ober\u00e1 en Cortos teve Boa Ventura, roteirizado e dirigido por mim, adaptando Porteira Fechada, de Cyro Martins, al\u00e9m dos document\u00e1rios Edmundo, de Luiz Alberto Cassol, sobre o dramaturgo santa-mariense Edmundo Cardoso, e Mais uma Can\u00e7\u00e3o, sobre o universo musical de Bebeto Alves, dirigido por Rene Goya Filho e Alexandre Derlam, tr\u00eas filmes que tratam do tema das fronteiras e culturas regionais.<br \/>\n5 Durante o 13\u00ba Ober\u00e1 en Cortos, entre 12 e 16 de julho, entregamos e lemos carta do Comit\u00ea em Defesa da Democracia e do Estado Democr\u00e1tico de Direito esclarecendo as circunst\u00e2ncias do golpe no Brasil.<br \/>\n6 Durante o 13\u00ba Obera en Cortos reunimos mais uma vez o Foro EntreFronteras, que lan\u00e7ou nota sobre novas a\u00e7\u00f5es de integra\u00e7\u00e3o frente ao atual momento pol\u00edtico.<br \/>\nA LA COMUNIDAD ART\u00cdSTICA INTERNACIONAL REUNIDA EN EL 13ER ENCUENTRO INTERNACIONAL DE REALIZADORES OBER\u00c1 EN CORTOS<br \/>\n(de 12 a 16 de julio de 2016)<br \/>\nLes traemos aclaraciones acerca del Golpe de Estado que ocurre en Brasil contra la Presidenta de la Rep\u00fablica, Dilma Rousseff, \u00a1que se reeligi\u00f3 democr\u00e1ticamente en octubre de 2014!<br \/>\n1) El recurso de destituci\u00f3n est\u00e1 previsto en la Constituci\u00f3n brasile\u00f1a. Pero la ley tambi\u00e9n exige el respeto a un rito procesal (algo que la oposici\u00f3n golpista intent\u00f3 incumplir en 2015, pero que el Supremo Tribunal Federal -STF\u2013 ha impedido) y a la comprobaci\u00f3n de la pr\u00e1ctica de crimen de responsabilidad por parte del gobernante;<br \/>\n2) Es en este punto que el proceso contra la Presidenta Dilma est\u00e1 totalmente desprovisto de legitimidad, ya que no la acusaron de ning\u00fan crimen. Nunca hubo acusaciones y denuncias formales contra Dilma. Ella no responde a ning\u00fan tipo de acusaci\u00f3n por parte de la Justicia brasile\u00f1a;<br \/>\n3) A la vez, son numerosas las denuncias de corrupci\u00f3n contra pol\u00edticos de partidos que objetivan destituir a la Presidenta Dilma, incluso de partidos derrotados en las elecciones de 2014. Entre los pol\u00edticos que integran el primer escal\u00f3n del gobierno interino de Michel Temer, varios son acusados de corrupci\u00f3n, hecho que provoc\u00f3 la ca\u00edda de dos Ministros.<br \/>\n4) Otra informaci\u00f3n relevante es la de que la pieza de la destituci\u00f3n pide el alejamiento de Dilma de la Presidencia de la Rep\u00fablica, en raz\u00f3n de pr\u00e1cticas llamadas \u201cpedaladas fiscales\u201d<sup>1<\/sup> y del uso de cr\u00e9ditos adicionales, que son meras pr\u00e1cticas contables y administrativas y que jam\u00e1s han sido juzgadas por el Congreso Nacional brasile\u00f1o.<br \/>\nEsa es la verdad: Dilma es acusada por algo que a\u00fan ni siquiera ha sido juzgado por el Poder Legislativo brasile\u00f1o (Diputados Federales y Senadores). Entonces, \u00bfc\u00f3mo pueden derrocarla por dichas pr\u00e1cticas si estas ni siquiera han sido juzgadas?<br \/>\nAunque las llamadas \u201cpedaladas fiscales\u201d fueran consideradas crimen de responsabilidad fiscal, y susceptibles a dr\u00e1sticas penas, los peritajes t\u00e9cnicos realizados concluyeron que Dilma Rousseff no tuvo responsabilidad directa por tales medidas contables.<br \/>\n5) Adem\u00e1s, dichas pr\u00e1cticas son comunes y rutinarias en nuestro pa\u00eds, y no configuran cualquier tipo de crimen. Otros Presidentes de la Rep\u00fablica (Fernando Henrique Cardoso, por ejemplo, que es uno de los l\u00edderes del movimiento golpista que busca derrocar la presidenta Dilma) tambi\u00e9n han usado estos expedientes;<br \/>\n6) Adem\u00e1s, 16 Gobernadores de estado (como es el caso de Geraldo Alckmin del PSDB, que apoya el Golpe de Estado contra la Presidenta Dilma) han hecho uso de dichas pr\u00e1cticas y nunca han sido acusados o juzgados por ello.<br \/>\nNadie jam\u00e1s ha pedido la destituci\u00f3n de estos gobernantes por dichas pr\u00e1cticas, lo han hecho solo para Dilma, lo que configura la pr\u00e1ctica de una pol\u00edtica de dos pesos y dos medidas;<br \/>\n7) Otra informaci\u00f3n importante, y sobre la cual los golpistas que desean derrocar a Dilma no comentan: el presidente interino Michel Temer tambi\u00e9n ha firmado decretos que autorizan dichas \u201cpedaladas fiscales\u201d y el uso de cr\u00e9ditos adicionales por parte del gobierno federal. Sin embargo, la oposici\u00f3n golpista no pide su destituci\u00f3n, lo que muestra que no hay seriedad ninguna en ese proceso.<br \/>\nSi se considera que utilizar estos recursos configura crimen de responsabilidad (lo que nunca ha sido y que no es este el caso), \u00bfpor qu\u00e9, entonces, la oposici\u00f3n golpista no pide la destituci\u00f3n de Michel Temer?<br \/>\n\u00bfPor qu\u00e9 esa oposici\u00f3n golpista desea derrocar solamente a la Presidenta Dilma, si Michel Temer, uno de los l\u00edderes de las articulaciones que buscan derrocar la gobernante del pa\u00eds, ha firmado decretos semejantes?<br \/>\n8) Por lo tanto, el actual movimiento pol\u00edtico, que se desarrolla en nuestro pa\u00eds y que est\u00e1 liderado por numerosos pol\u00edticos que responden a acusaciones en la Justicia, es un caso cl\u00e1sico de Golpe de estado, pues intenta derrocar a una gobernante, la Presidenta Dilma, sin el debido respaldo de la Ley.<br \/>\nComo lo ha dicho la Presidenta Dilma: \u201cSi los golpistas no respetan ni siquiera los derechos de la Presidenta de la Rep\u00fablica, no respetar\u00e1n los derechos de los ciudadanos comunes\u201d.<br \/>\n9) Hoy, bajo el gobierno interino de Michel Temer, est\u00e1n en proceso de desmantelamiento los avances realizados por los gobiernos del expresidente Lula y de la Presidenta Dilma en lo dice respecto al petr\u00f3leo, considerado por ellos un recurso fundamental para la emancipaci\u00f3n social de los brasile\u00f1os. Dicho desmantelamiento est\u00e1 directamente relacionado a los intereses estrat\u00e9gicos de EEUU. El protagonismo que Brasil ha alcanzado en la \u00faltima d\u00e9cada, con su pol\u00edtica externa de alianza con pa\u00edses de Am\u00e9rica del Sur, \u00c1frica, Asia y Leste Europeo, es uno de los motivos centrales del golpe en andamiento. Lo que est\u00e1 pasando sigue la misma l\u00f3gica de otros golpes de estado ocurridos en nuestro continente.<br \/>\n10) Adem\u00e1s del desmantelamiento de la pol\u00edtica de explotaci\u00f3n nacional del petr\u00f3leo, el gobierno interino est\u00e1 organizando el desmantelamiento de las pol\u00edticas de valoraci\u00f3n del sueldo m\u00ednimo y de la protecci\u00f3n de los derechos laborales. Adem\u00e1s, ya propusieron la reducci\u00f3n de recursos disponibles para las pol\u00edticas de educaci\u00f3n y salud, a trav\u00e9s de la limitaci\u00f3n constitucional de los recursos financieros que pueden ser utilizados en esas dos \u00e1reas.<br \/>\n11) En el \u00e1rea cultural, una de las primeras medidas del gobierno interino fue el intento de extinguir el Ministerio de la Cultura, volviendo a incluirlo en el Ministerio de la Educaci\u00f3n, como era en el pasado, cuando a\u00fan no se hab\u00eda desarrollado en el pa\u00eds la red de actividades y de profesionales que hoy act\u00faan en dicha \u00e1rea. Tras una gran movilizaci\u00f3n de artistas e intelectuales en todo el pa\u00eds, incluso con la ocupaci\u00f3n de \u00f3rganos del Gobierno dedicados al desarrollo de la cultura, el gobierno interino retrocedi\u00f3 en su decisi\u00f3n. Sin embargo, actualmente, las pol\u00edticas de incentivo a la producci\u00f3n de bienes culturales est\u00e1n amenazadas, representando un gran retroceso para la producci\u00f3n cultural brasile\u00f1a.<br \/>\n12) El ambiente en el que se articulan y crecen las fuerzas favorables a la destituci\u00f3n de la Presidenta Dilma est\u00e1 marcado por una importante intolerancia pol\u00edtica y comportamental, con el crecimiento de manifestaciones machistas, homof\u00f3bicas y racistas.<br \/>\n13) El golpe en andamiento en Brasil trae graves consecuencias econ\u00f3micas, sociales y culturales para gran parte del pueblo brasile\u00f1o y representa un enorme riesgo de retroceso en el proceso de construcci\u00f3n de la democracia. Ese no es el camino que buscamos, ni para Brasil, ni para el continente sudamericano. Por ello, les traemos a todos, art\u00edsticas e intelectuales presentes en el 13er Encuentro Internacional de realizadores Ober\u00e1 en Cortos, informaciones sobre lo que est\u00e1 ocurriendo en nuestro pa\u00eds y les rogamos solidaridad en la lucha de resistencia democr\u00e1tica brasile\u00f1a.<br \/>\n\u00a1GOLPE NUNCA JAM\u00c1S! \u00a1DEMOCRACIA SIEMPRE!<br \/>\nFirma el Comit\u00e9 en Defensa de la Democracia y del Estado Democr\u00e1tico de Derecho &#8211; Brasil<br \/>\nCont\u00e1ctennos e inf\u00f3rmense m\u00e1s:<br \/>\nE-mail: comitedemocracia@gmail.com<br \/>\nFacebook: https:\/\/www.facebook.com\/comiteemdefesadademocracia\/<br \/>\nP\u00e1gina J\u00e1: http:\/\/www.jornalja.com.br\/comite\/<br \/>\n1 Supuesta violaci\u00f3n de normas fiscales para maquillar el d\u00e9ficit presupuestal.<\/p>\n","protected":false},"excerpt":{"rendered":"<p>Guilherme Castro \u00e9 cineasta e jornalista, professor na ULBRA e doutorando em cinema na Universidade Anhembi Morumbi\/SP. Presidiu o Conselho Estadual de Cultura e a Associa\u00e7\u00e3o de Cineastas do RGS (APTC-RS) e dirigiu a programa\u00e7\u00e3o da TVERS. Participou da funda\u00e7\u00e3o do Foro EntreFronteras. Tr\u00eas pa\u00edses, v\u00e1rias culturas A travessia \u00e9 de balsa, no Alto Rio [&hellip;]<\/p>\n","protected":false},"author":21,"featured_media":36954,"comment_status":"open","ping_status":"closed","sticky":false,"template":"","format":"standard","meta":{"_jetpack_memberships_contains_paid_content":false,"footnotes":""},"categories":[82],"tags":[34,26],"class_list":["post-36953","post","type-post","status-publish","format-standard","has-post-thumbnail","hentry","category-debates","tag-facebook","tag-morumbi"],"aioseo_notices":[],"jetpack_featured_media_url":"","jetpack_sharing_enabled":true,"_links":{"self":[{"href":"https:\/\/www.jornalja.com.br\/especiais\/wp-json\/wp\/v2\/posts\/36953","targetHints":{"allow":["GET"]}}],"collection":[{"href":"https:\/\/www.jornalja.com.br\/especiais\/wp-json\/wp\/v2\/posts"}],"about":[{"href":"https:\/\/www.jornalja.com.br\/especiais\/wp-json\/wp\/v2\/types\/post"}],"author":[{"embeddable":true,"href":"https:\/\/www.jornalja.com.br\/especiais\/wp-json\/wp\/v2\/users\/21"}],"replies":[{"embeddable":true,"href":"https:\/\/www.jornalja.com.br\/especiais\/wp-json\/wp\/v2\/comments?post=36953"}],"version-history":[{"count":0,"href":"https:\/\/www.jornalja.com.br\/especiais\/wp-json\/wp\/v2\/posts\/36953\/revisions"}],"wp:featuredmedia":[{"embeddable":true,"href":"https:\/\/www.jornalja.com.br\/especiais\/wp-json\/"}],"wp:attachment":[{"href":"https:\/\/www.jornalja.com.br\/especiais\/wp-json\/wp\/v2\/media?parent=36953"}],"wp:term":[{"taxonomy":"category","embeddable":true,"href":"https:\/\/www.jornalja.com.br\/especiais\/wp-json\/wp\/v2\/categories?post=36953"},{"taxonomy":"post_tag","embeddable":true,"href":"https:\/\/www.jornalja.com.br\/especiais\/wp-json\/wp\/v2\/tags?post=36953"}],"curies":[{"name":"wp","href":"https:\/\/api.w.org\/{rel}","templated":true}]}}