{"id":37576,"date":"2016-08-06T11:58:56","date_gmt":"2016-08-06T14:58:56","guid":{"rendered":"http:\/\/www.jornalja.com.br\/?p=37576"},"modified":"2016-08-06T11:58:56","modified_gmt":"2016-08-06T14:58:56","slug":"um-sonho-olimpico","status":"publish","type":"post","link":"https:\/\/www.jornalja.com.br\/especiais\/um-sonho-olimpico\/","title":{"rendered":"Um sonho ol\u00edmpico"},"content":{"rendered":"<p>Assistindo, pela televis\u00e3o, a abertura das Olimp\u00edadas Rio 2016 senti-me maravilhado e orgulhoso, mais uma vez, de ser brasileiro.<br \/>\nN\u00e3o pude deixar de lembrar, no entanto, quem foram os personagens respons\u00e1veis pela escolha do Brasil como sede dos Jogos Ol\u00edmpicos, pela primeira vez na Am\u00e9rica do Sul.<br \/>\nFoi o empenho e a vis\u00e3o ampla de Lu\u00eds In\u00e1cio Lula da Silva sobre o papel internacional do Brasil, com sua pol\u00edtica externa de proje\u00e7\u00e3o do pa\u00eds aos olhos do mundo e de conquista de seu lugar global e, ainda, o empenho em produzir crescimento com inser\u00e7\u00e3o social que garantiram o Brasil e o Rio de Janeiro como sede dos Jogos.<br \/>\nVendo as cores, os efeitos, as m\u00fasicas, as dan\u00e7as, a tem\u00e1tica abordada e a grandiosidade do espet\u00e1culo projetado para o mundo, n\u00e3o pude deixar de identificar e entender os motivos que levaram importantes segmentos das elites olig\u00e1rquicas e antidemocr\u00e1ticas brasileiras a se empenharem em retirar a Presidenta da Rep\u00fablica e tentarem apagar rapidamente quaisquer vest\u00edgios dos governos petistas de Lula e de Dilma Rousseff.<br \/>\nAs elites olig\u00e1rquicas, \u00a0antidemocr\u00e1ticas e antinacionais brasileiras jamais permitiriam o protagonismo e a exposi\u00e7\u00e3o em escala mundial de Lula da Silva e de Dilma Rousseff e de seus feitos sociais, econ\u00f4micos e culturais.<br \/>\nLula sonhou demais. E, como todo sonhador, foi ing\u00eanuo. Sonhou e acreditou que um Brasil grande e justo, democr\u00e1tico e inclusivo, desenvolvido e proeminente no plano internacional seria suficiente para satisfazer a sede de ganhos e de privil\u00e9gios das elites brasileiras e seus aliados internacionais e seria capaz de conciliar os interesses dessas elites com os sonhos de seu povo.<br \/>\nLula e Dilma foram ing\u00eanuos e n\u00f3s os acompanhamos em suas ingenuidades.<br \/>\nO pavor estampado na face e nos olhos de Michel Temer, no entanto, exposto ao mundo em sua fala r\u00e1pida e insegura, seguida de uma <a href=\"https:\/\/www.youtube.com\/watch?v=KGP82624WMg\">vaia estrondosa<\/a>, ainda que entremeada pelos aplausos de seus ac\u00f3litos e imediatamente abafada pelo espocar artificioso dos fogos de artif\u00edcio oficiais, nos permite, mesmo tristes, reafirmar nossa cren\u00e7a de que o golpismo n\u00e3o resistir\u00e1.<br \/>\nMesmo que Dilma Rousseff venha a ser destitu\u00edda da Presid\u00eancia da Rep\u00fablica, na vota\u00e7\u00e3o do Senado nos pr\u00f3ximos dias, mesmo que as elites olig\u00e1rquicas, antipopulares e antinacionais impe\u00e7am o retorno de Dilma e a convoca\u00e7\u00e3o de elei\u00e7\u00f5es gerais antecipadas, a vit\u00f3ria do retrocesso e do golpismo ser\u00e1 parcial e tempor\u00e1ria.<br \/>\nA for\u00e7a da vida e a for\u00e7a do povo brasileiro, magistralmente retratadas na cerim\u00f4nia de abertura dos Jogos Ol\u00edmpicos Rio 2016, jamais ser\u00e3o abafadas. Lula da Silva sonhou grande e n\u00f3s, que tamb\u00e9m sonhamos, continuaremos a sonhar com ele. Um sonho que, tenho certeza, um n\u00famero cada vez maior de brasileiros e de pessoas em todo o mundo sonha e que, com o crescimento constante do n\u00famero de pessoas que o desejam, menos ing\u00eanuo, mais real e forte se tornar\u00e1.<br \/>\n<figure id=\"attachment_37577\" aria-describedby=\"caption-attachment-37577\" style=\"width: 300px\" class=\"wp-caption alignnone\"><img decoding=\"async\" class=\"size-medium wp-image-37577\" src=\"http:\/\/www.jornalja.com.br\/wp-content\/uploads\/2016\/08\/RS_Cerimonia-abertura-Olimpiadas-Rio-2016-estadio-Maracana_00111022016-850x567-300x200.jpg\" alt=\"Rio de Janeiro- RJ- Brasil- 05\/08\/2016- Cerim\u00f4nia de abertura das Olimp\u00edadas Rio 2016, no est\u00e1dio do Maracan\u00e3. Foto: Ricardo Stuckert\/ CBF\" width=\"300\" height=\"200\" \/><figcaption id=\"caption-attachment-37577\" class=\"wp-caption-text\">Rio de Janeiro- RJ- Brasil- 05\/08\/2016- Cerim\u00f4nia de abertura das Olimp\u00edadas Rio 2016, no est\u00e1dio do Maracan\u00e3. Foto: Ricardo Stuckert\/ CBF<\/figcaption><\/figure><br \/>\n<figure id=\"attachment_37606\" aria-describedby=\"caption-attachment-37606\" style=\"width: 300px\" class=\"wp-caption alignnone\"><img decoding=\"async\" class=\"wp-image-37606 size-medium\" src=\"http:\/\/www.jornalja.com.br\/wp-content\/uploads\/2016\/08\/BS_Cerimonia-abertura-Olimpiadas-Rio-2016-estadio-Maracana_00205082016-850x567-300x200.jpg\" alt=\"Rio de Janeiro- RJ- Brasil- 05\/08\/2016 durante cerim\u00f4nia de abertura das Olimp\u00edadas Rio 2016, no est\u00e1dio do Maracan\u00e3. Foto: Beth Santos\/ PCRJ\" width=\"300\" height=\"200\" \/><figcaption id=\"caption-attachment-37606\" class=\"wp-caption-text\">Rio de Janeiro- RJ- Brasil- 05\/08\/2016- O Prefeito do Rio de Janeiro, Eduardo Paes, durante cerim\u00f4nia de abertura das Olimp\u00edadas Rio 2016, no est\u00e1dio do Maracan\u00e3. Foto: Beth Santos\/ PCRJ<\/figcaption><\/figure><br \/>\n<figure id=\"attachment_37605\" aria-describedby=\"caption-attachment-37605\" style=\"width: 300px\" class=\"wp-caption alignnone\"><img decoding=\"async\" class=\"wp-image-37605 size-medium\" src=\"http:\/\/www.jornalja.com.br\/wp-content\/uploads\/2016\/08\/BS_Cerimonia-abertura-Olimpiadas-Rio-2016-estadio-Maracana_00305082016-850x567-300x200.jpg\" alt=\"Rio de Janeiro- RJ- Brasil- 05\/08\/2016 durante cerim\u00f4nia de abertura das Olimp\u00edadas Rio 2016, no est\u00e1dio do Maracan\u00e3. Foto: Beth Santos\/ PCRJ\" width=\"300\" height=\"200\" \/><figcaption id=\"caption-attachment-37605\" class=\"wp-caption-text\">Rio de Janeiro- RJ- Brasil- 05\/08\/2016- O Prefeito do Rio de Janeiro, Eduardo Paes, durante cerim\u00f4nia de abertura das Olimp\u00edadas Rio 2016, no est\u00e1dio do Maracan\u00e3. Foto: Beth Santos\/ PCRJ<\/figcaption><\/figure><br \/>\n<figure id=\"attachment_37604\" aria-describedby=\"caption-attachment-37604\" style=\"width: 200px\" class=\"wp-caption alignnone\"><img decoding=\"async\" class=\"wp-image-37604 size-medium\" src=\"http:\/\/www.jornalja.com.br\/wp-content\/uploads\/2016\/08\/BS_Cerimonia-abertura-Olimpiadas-Rio-2016-estadio-Maracana_00405082016-683x1024-200x300.jpg\" alt=\"Rio de Janeiro- RJ- Brasil- 05\/08\/2016 durante cerim\u00f4nia de abertura das Olimp\u00edadas Rio 2016, no est\u00e1dio do Maracan\u00e3. Foto: Beth Santos\/ PCRJ\" width=\"200\" height=\"300\" \/><figcaption id=\"caption-attachment-37604\" class=\"wp-caption-text\">Rio de Janeiro- RJ- Brasil- 05\/08\/2016- O Prefeito do Rio de Janeiro, Eduardo Paes, durante cerim\u00f4nia de abertura das Olimp\u00edadas Rio 2016, no est\u00e1dio do Maracan\u00e3. Foto: Beth Santos\/ PCRJ<\/figcaption><\/figure><br \/>\n<figure id=\"attachment_37603\" aria-describedby=\"caption-attachment-37603\" style=\"width: 300px\" class=\"wp-caption alignnone\"><img decoding=\"async\" class=\"wp-image-37603 size-medium\" src=\"http:\/\/www.jornalja.com.br\/wp-content\/uploads\/2016\/08\/BS_Cerimonia-abertura-Olimpiadas-Rio-2016-estadio-Maracana_00505082016-850x567-300x200.jpg\" alt=\"Rio de Janeiro- RJ- Brasil- 05\/08\/2016 durante cerim\u00f4nia de abertura das Olimp\u00edadas Rio 2016, no est\u00e1dio do Maracan\u00e3. Foto: Beth Santos\/ PCRJ\" width=\"300\" height=\"200\" \/><figcaption id=\"caption-attachment-37603\" class=\"wp-caption-text\">Rio de Janeiro- RJ- Brasil- 05\/08\/2016- O Prefeito do Rio de Janeiro, Eduardo Paes, durante cerim\u00f4nia de abertura das Olimp\u00edadas Rio 2016, no est\u00e1dio do Maracan\u00e3. Foto: Beth Santos\/ PCRJ<\/figcaption><\/figure><br \/>\n<figure id=\"attachment_37602\" aria-describedby=\"caption-attachment-37602\" style=\"width: 300px\" class=\"wp-caption alignnone\"><img decoding=\"async\" class=\"wp-image-37602 size-medium\" src=\"http:\/\/www.jornalja.com.br\/wp-content\/uploads\/2016\/08\/BS_Cerimonia-abertura-Olimpiadas-Rio-2016-estadio-Maracana_00605082016-850x567-300x200.jpg\" alt=\"Rio de Janeiro- RJ- Brasil- 05\/08\/2016 durante cerim\u00f4nia de abertura das Olimp\u00edadas Rio 2016, no est\u00e1dio do Maracan\u00e3. Foto: Beth Santos\/ PCRJ\" width=\"300\" height=\"200\" \/><figcaption id=\"caption-attachment-37602\" class=\"wp-caption-text\">Rio de Janeiro- RJ- Brasil- 05\/08\/2016- O Prefeito do Rio de Janeiro, Eduardo Paes, durante cerim\u00f4nia de abertura das Olimp\u00edadas Rio 2016, no est\u00e1dio do Maracan\u00e3. Foto: Beth Santos\/ PCRJ<\/figcaption><\/figure><br \/>\n<figure id=\"attachment_37601\" aria-describedby=\"caption-attachment-37601\" style=\"width: 300px\" class=\"wp-caption alignnone\"><img decoding=\"async\" class=\"wp-image-37601 size-medium\" src=\"http:\/\/www.jornalja.com.br\/wp-content\/uploads\/2016\/08\/BS_Cerimonia-abertura-Olimpiadas-Rio-2016-estadio-Maracana_00705082016-850x567-300x200.jpg\" alt=\"Rio de Janeiro- RJ- Brasil- 05\/08\/2016 durante cerim\u00f4nia de abertura das Olimp\u00edadas Rio 2016, no est\u00e1dio do Maracan\u00e3. Foto: Beth Santos\/ PCRJ\" width=\"300\" height=\"200\" \/><figcaption id=\"caption-attachment-37601\" class=\"wp-caption-text\">Rio de Janeiro- RJ- Brasil- 05\/08\/2016- O Prefeito do Rio de Janeiro, Eduardo Paes, durante cerim\u00f4nia de abertura das Olimp\u00edadas Rio 2016, no est\u00e1dio do Maracan\u00e3. Foto: Beth Santos\/ PCRJ<\/figcaption><\/figure><br \/>\n<figure id=\"attachment_37600\" aria-describedby=\"caption-attachment-37600\" style=\"width: 300px\" class=\"wp-caption alignnone\"><img decoding=\"async\" class=\"wp-image-37600 size-medium\" src=\"http:\/\/www.jornalja.com.br\/wp-content\/uploads\/2016\/08\/BS_Cerimonia-abertura-Olimpiadas-Rio-2016-estadio-Maracana_00805082016-850x567-300x200.jpg\" alt=\"Rio de Janeiro- RJ- Brasil- 05\/08\/2016 durante cerim\u00f4nia de abertura das Olimp\u00edadas Rio 2016, no est\u00e1dio do Maracan\u00e3. Foto: Beth Santos\/ PCRJ\" width=\"300\" height=\"200\" \/><figcaption id=\"caption-attachment-37600\" class=\"wp-caption-text\">Rio de Janeiro- RJ- Brasil- 05\/08\/2016- O Prefeito do Rio de Janeiro, Eduardo Paes, durante cerim\u00f4nia de abertura das Olimp\u00edadas Rio 2016, no est\u00e1dio do Maracan\u00e3. Foto: Beth Santos\/ PCRJ<\/figcaption><\/figure><br \/>\n<figure id=\"attachment_37599\" aria-describedby=\"caption-attachment-37599\" style=\"width: 300px\" class=\"wp-caption alignnone\"><img decoding=\"async\" class=\"wp-image-37599 size-medium\" src=\"http:\/\/www.jornalja.com.br\/wp-content\/uploads\/2016\/08\/FF_Abertura-Jogos-Olimpicos-Rio-2016-estadio-Maracana-Rio-de-Janeiro_00105082016-850x567-300x200.jpg\" alt=\"Rio de Janeiro - Cerim\u00f4nia de abertura dos Jogos Ol\u00edmpicos Rio 2016 no Est\u00e1dio do Maracan\u00e3. (Fernando Fraz\u00e3o\/Ag\u00eancia Brasil)\" width=\"300\" height=\"200\" \/><figcaption id=\"caption-attachment-37599\" class=\"wp-caption-text\">Rio de Janeiro &#8211; Cerim\u00f4nia de abertura dos Jogos Ol\u00edmpicos Rio 2016 no Est\u00e1dio do Maracan\u00e3. (Fernando Fraz\u00e3o\/Ag\u00eancia Brasil)<\/figcaption><\/figure><br \/>\n<figure id=\"attachment_37598\" aria-describedby=\"caption-attachment-37598\" style=\"width: 300px\" class=\"wp-caption alignnone\"><img decoding=\"async\" class=\"size-medium wp-image-37598\" src=\"http:\/\/www.jornalja.com.br\/wp-content\/uploads\/2016\/08\/FF_Abertura-Jogos-Olimpicos-Rio-2016-estadio-Maracana-Rio-de-Janeiro_00205082016-850x567-300x200.jpg\" alt=\"Rio de Janeiro - Cerim\u00f4nia de abertura dos Jogos Ol\u00edmpicos Rio 2016 no Est\u00e1dio do Maracan\u00e3. (Fernando Fraz\u00e3o\/Ag\u00eancia Brasil)\" width=\"300\" height=\"200\" \/><figcaption id=\"caption-attachment-37598\" class=\"wp-caption-text\">Rio de Janeiro &#8211; Cerim\u00f4nia de abertura dos Jogos Ol\u00edmpicos Rio 2016 no Est\u00e1dio do Maracan\u00e3. (Fernando Fraz\u00e3o\/Ag\u00eancia Brasil)<\/figcaption><\/figure><br \/>\n<figure id=\"attachment_37597\" aria-describedby=\"caption-attachment-37597\" style=\"width: 300px\" class=\"wp-caption alignnone\"><img decoding=\"async\" class=\"size-medium wp-image-37597\" src=\"http:\/\/www.jornalja.com.br\/wp-content\/uploads\/2016\/08\/FF_Abertura-Jogos-Olimpicos-Rio-2016-estadio-Maracana-Rio-de-Janeiro_00405082016-850x567-300x200.jpg\" alt=\"Rio de Janeiro - Cerim\u00f4nia de abertura dos Jogos Ol\u00edmpicos Rio 2016 no Est\u00e1dio do Maracan\u00e3. (Fernando Fraz\u00e3o\/Ag\u00eancia Brasil)\" width=\"300\" height=\"200\" \/><figcaption id=\"caption-attachment-37597\" class=\"wp-caption-text\">Rio de Janeiro &#8211; Cerim\u00f4nia de abertura dos Jogos Ol\u00edmpicos Rio 2016 no Est\u00e1dio do Maracan\u00e3. (Fernando Fraz\u00e3o\/Ag\u00eancia Brasil)<\/figcaption><\/figure><br \/>\n<figure id=\"attachment_37596\" aria-describedby=\"caption-attachment-37596\" style=\"width: 200px\" class=\"wp-caption alignnone\"><img decoding=\"async\" class=\"size-medium wp-image-37596\" src=\"http:\/\/www.jornalja.com.br\/wp-content\/uploads\/2016\/08\/FF_Abertura-Jogos-Olimpicos-Rio-2016-estadio-Maracana-Rio-de-Janeiro_00505082016-683x1024-200x300.jpg\" alt=\"Rio de Janeiro - Cerim\u00f4nia de abertura dos Jogos Ol\u00edmpicos Rio 2016 no Est\u00e1dio do Maracan\u00e3. (Fernando Fraz\u00e3o\/Ag\u00eancia Brasil)\" width=\"200\" height=\"300\" \/><figcaption id=\"caption-attachment-37596\" class=\"wp-caption-text\">Rio de Janeiro &#8211; Cerim\u00f4nia de abertura dos Jogos Ol\u00edmpicos Rio 2016 no Est\u00e1dio do Maracan\u00e3. (Fernando Fraz\u00e3o\/Ag\u00eancia Brasil)<\/figcaption><\/figure><br \/>\n<figure id=\"attachment_37595\" aria-describedby=\"caption-attachment-37595\" style=\"width: 300px\" class=\"wp-caption alignnone\"><img decoding=\"async\" class=\"size-medium wp-image-37595\" src=\"http:\/\/www.jornalja.com.br\/wp-content\/uploads\/2016\/08\/FF_Abertura-Jogos-Olimpicos-Rio-2016-estadio-Maracana-Rio-de-Janeiro_00605082016-850x567-300x200.jpg\" alt=\"Rio de Janeiro - Cerim\u00f4nia de abertura dos Jogos Ol\u00edmpicos Rio 2016 no Est\u00e1dio do Maracan\u00e3. (Fernando Fraz\u00e3o\/Ag\u00eancia Brasil)\" width=\"300\" height=\"200\" \/><figcaption id=\"caption-attachment-37595\" class=\"wp-caption-text\">Rio de Janeiro &#8211; Cerim\u00f4nia de abertura dos Jogos Ol\u00edmpicos Rio 2016 no Est\u00e1dio do Maracan\u00e3. (Fernando Fraz\u00e3o\/Ag\u00eancia Brasil)<\/figcaption><\/figure><br \/>\n<figure id=\"attachment_37594\" aria-describedby=\"caption-attachment-37594\" style=\"width: 300px\" class=\"wp-caption alignnone\"><img decoding=\"async\" class=\"size-medium wp-image-37594\" src=\"http:\/\/www.jornalja.com.br\/wp-content\/uploads\/2016\/08\/FF_Abertura-Jogos-Olimpicos-Rio-2016-estadio-Maracana-Rio-de-Janeiro_00705082016-850x567-300x200.jpg\" alt=\"Rio de Janeiro - Cerim\u00f4nia de abertura dos Jogos Ol\u00edmpicos Rio 2016 no Est\u00e1dio do Maracan\u00e3. (Fernando Fraz\u00e3o\/Ag\u00eancia Brasil)\" width=\"300\" height=\"200\" \/><figcaption id=\"caption-attachment-37594\" class=\"wp-caption-text\">Rio de Janeiro &#8211; Cerim\u00f4nia de abertura dos Jogos Ol\u00edmpicos Rio 2016 no Est\u00e1dio do Maracan\u00e3. (Fernando Fraz\u00e3o\/Ag\u00eancia Brasil)<\/figcaption><\/figure><br \/>\n<figure id=\"attachment_37593\" aria-describedby=\"caption-attachment-37593\" style=\"width: 300px\" class=\"wp-caption alignnone\"><img decoding=\"async\" class=\"size-medium wp-image-37593\" src=\"http:\/\/www.jornalja.com.br\/wp-content\/uploads\/2016\/08\/FF_Abertura-Jogos-Olimpicos-Rio-2016-estadio-Maracana-Rio-de-Janeiro_00805082016-850x567-300x200.jpg\" alt=\"Rio de Janeiro - Cerim\u00f4nia de abertura dos Jogos Ol\u00edmpicos Rio 2016 no Est\u00e1dio do Maracan\u00e3. (Fernando Fraz\u00e3o\/Ag\u00eancia Brasil)\" width=\"300\" height=\"200\" \/><figcaption id=\"caption-attachment-37593\" class=\"wp-caption-text\">Rio de Janeiro &#8211; Cerim\u00f4nia de abertura dos Jogos Ol\u00edmpicos Rio 2016 no Est\u00e1dio do Maracan\u00e3. (Fernando Fraz\u00e3o\/Ag\u00eancia Brasil)<\/figcaption><\/figure><br \/>\n<figure id=\"attachment_37592\" aria-describedby=\"caption-attachment-37592\" style=\"width: 300px\" class=\"wp-caption alignnone\"><img decoding=\"async\" class=\"size-medium wp-image-37592\" src=\"http:\/\/www.jornalja.com.br\/wp-content\/uploads\/2016\/08\/FF_Abertura-Jogos-Olimpicos-Rio-2016-estadio-Maracana-Rio-de-Janeiro_00905082016-850x567-300x200.jpg\" alt=\"Rio de Janeiro - Cerim\u00f4nia de abertura dos Jogos Ol\u00edmpicos Rio 2016 no Est\u00e1dio do Maracan\u00e3. (Fernando Fraz\u00e3o\/Ag\u00eancia Brasil)\" width=\"300\" height=\"200\" \/><figcaption id=\"caption-attachment-37592\" class=\"wp-caption-text\">Rio de Janeiro &#8211; Cerim\u00f4nia de abertura dos Jogos Ol\u00edmpicos Rio 2016 no Est\u00e1dio do Maracan\u00e3. (Fernando Fraz\u00e3o\/Ag\u00eancia Brasil)<\/figcaption><\/figure><br \/>\n<figure id=\"attachment_37591\" aria-describedby=\"caption-attachment-37591\" style=\"width: 300px\" class=\"wp-caption alignnone\"><img decoding=\"async\" class=\"size-medium wp-image-37591\" src=\"http:\/\/www.jornalja.com.br\/wp-content\/uploads\/2016\/08\/FF_Abertura-Jogos-Olimpicos-Rio-2016-estadio-Maracana-Rio-de-Janeiro_01205082016-850x567-300x200.jpg\" alt=\"Rio de Janeiro - Cerim\u00f4nia de abertura dos Jogos Ol\u00edmpicos Rio 2016 no Est\u00e1dio do Maracan\u00e3. (Fernando Fraz\u00e3o\/Ag\u00eancia Brasil)\" width=\"300\" height=\"200\" \/><figcaption id=\"caption-attachment-37591\" class=\"wp-caption-text\">Rio de Janeiro &#8211; Cerim\u00f4nia de abertura dos Jogos Ol\u00edmpicos Rio 2016 no Est\u00e1dio do Maracan\u00e3. (Fernando Fraz\u00e3o\/Ag\u00eancia Brasil)<\/figcaption><\/figure><br \/>\n<figure id=\"attachment_37590\" aria-describedby=\"caption-attachment-37590\" style=\"width: 300px\" class=\"wp-caption alignnone\"><img decoding=\"async\" class=\"size-medium wp-image-37590\" src=\"http:\/\/www.jornalja.com.br\/wp-content\/uploads\/2016\/08\/FF_Abertura-Jogos-Olimpicos-Rio-2016-estadio-Maracana-Rio-de-Janeiro_01405082016-850x567-300x200.jpg\" alt=\"Rio de Janeiro - Cerim\u00f4nia de abertura dos Jogos Ol\u00edmpicos Rio 2016 no Est\u00e1dio do Maracan\u00e3. (Fernando Fraz\u00e3o\/Ag\u00eancia Brasil)\" width=\"300\" height=\"200\" \/><figcaption id=\"caption-attachment-37590\" class=\"wp-caption-text\">Rio de Janeiro &#8211; Cerim\u00f4nia de abertura dos Jogos Ol\u00edmpicos Rio 2016 no Est\u00e1dio do Maracan\u00e3. (Fernando Fraz\u00e3o\/Ag\u00eancia Brasil)<\/figcaption><\/figure><br \/>\n<figure id=\"attachment_37589\" aria-describedby=\"caption-attachment-37589\" style=\"width: 300px\" class=\"wp-caption alignnone\"><img decoding=\"async\" class=\"size-medium wp-image-37589\" src=\"http:\/\/www.jornalja.com.br\/wp-content\/uploads\/2016\/08\/FF_Abertura-Jogos-Olimpicos-Rio-2016-estadio-Maracana-Rio-de-Janeiro_01505082016-850x567-300x200.jpg\" alt=\"Rio de Janeiro - Cerim\u00f4nia de abertura dos Jogos Ol\u00edmpicos Rio 2016 no Est\u00e1dio do Maracan\u00e3. (Fernando Fraz\u00e3o\/Ag\u00eancia Brasil)\" width=\"300\" height=\"200\" \/><figcaption id=\"caption-attachment-37589\" class=\"wp-caption-text\">Rio de Janeiro &#8211; Cerim\u00f4nia de abertura dos Jogos Ol\u00edmpicos Rio 2016 no Est\u00e1dio do Maracan\u00e3. (Fernando Fraz\u00e3o\/Ag\u00eancia Brasil)<\/figcaption><\/figure><br \/>\n<figure id=\"attachment_37588\" aria-describedby=\"caption-attachment-37588\" style=\"width: 300px\" class=\"wp-caption alignnone\"><img decoding=\"async\" class=\"size-medium wp-image-37588\" src=\"http:\/\/www.jornalja.com.br\/wp-content\/uploads\/2016\/08\/FF_Abertura-Jogos-Olimpicos-Rio-2016-estadio-Maracana-Rio-de-Janeiro_01605082016-850x567-300x200.jpg\" alt=\"Rio de Janeiro - Cerim\u00f4nia de abertura dos Jogos Ol\u00edmpicos Rio 2016 no Est\u00e1dio do Maracan\u00e3. (Fernando Fraz\u00e3o\/Ag\u00eancia Brasil)\" width=\"300\" height=\"200\" \/><figcaption id=\"caption-attachment-37588\" class=\"wp-caption-text\">Rio de Janeiro &#8211; Cerim\u00f4nia de abertura dos Jogos Ol\u00edmpicos Rio 2016 no Est\u00e1dio do Maracan\u00e3. (Fernando Fraz\u00e3o\/Ag\u00eancia Brasil)<\/figcaption><\/figure><br \/>\n<figure id=\"attachment_37587\" aria-describedby=\"caption-attachment-37587\" style=\"width: 300px\" class=\"wp-caption alignnone\"><img decoding=\"async\" class=\"size-medium wp-image-37587\" src=\"http:\/\/www.jornalja.com.br\/wp-content\/uploads\/2016\/08\/FF_Abertura-Jogos-Olimpicos-Rio-2016-estadio-Maracana-Rio-de-Janeiro_01905082016-850x567-300x200.jpg\" alt=\"Rio de Janeiro - Cerim\u00f4nia de abertura dos Jogos Ol\u00edmpicos Rio 2016 no Est\u00e1dio do Maracan\u00e3. (Fernando Fraz\u00e3o\/Ag\u00eancia Brasil)\" width=\"300\" height=\"200\" \/><figcaption id=\"caption-attachment-37587\" class=\"wp-caption-text\">Rio de Janeiro &#8211; Cerim\u00f4nia de abertura dos Jogos Ol\u00edmpicos Rio 2016 no Est\u00e1dio do Maracan\u00e3. (Fernando Fraz\u00e3o\/Ag\u00eancia Brasil)<\/figcaption><\/figure><br \/>\n<figure id=\"attachment_37586\" aria-describedby=\"caption-attachment-37586\" style=\"width: 300px\" class=\"wp-caption alignnone\"><img decoding=\"async\" class=\"size-medium wp-image-37586\" src=\"http:\/\/www.jornalja.com.br\/wp-content\/uploads\/2016\/08\/FF_Abertura-Jogos-Olimpicos-Rio-2016-estadio-Maracana-Rio-de-Janeiro_02005082016-850x567-300x200.jpg\" alt=\"Rio de Janeiro - Cerim\u00f4nia de abertura dos Jogos Ol\u00edmpicos Rio 2016 no Est\u00e1dio do Maracan\u00e3. (Fernando Fraz\u00e3o\/Ag\u00eancia Brasil)\" width=\"300\" height=\"200\" \/><figcaption id=\"caption-attachment-37586\" class=\"wp-caption-text\">Rio de Janeiro &#8211; Cerim\u00f4nia de abertura dos Jogos Ol\u00edmpicos Rio 2016 no Est\u00e1dio do Maracan\u00e3. (Fernando Fraz\u00e3o\/Ag\u00eancia Brasil)<\/figcaption><\/figure><br \/>\n<figure id=\"attachment_37585\" aria-describedby=\"caption-attachment-37585\" style=\"width: 300px\" class=\"wp-caption alignnone\"><img decoding=\"async\" class=\"size-medium wp-image-37585\" src=\"http:\/\/www.jornalja.com.br\/wp-content\/uploads\/2016\/08\/RS_Abertura-Jogos-Olimpicos-Rio-2016-estadio-Maracana-Rio-de-Janeiro_00806082016-850x419-300x148.jpg\" alt=\"Rio de Janeiro- RJ- Brasil- 05\/08\/2016- Vanderlei Cordeiro de Lima, durante a cerim\u00f4nua de abertura das Olimp\u00edadas Rio 2016, no est\u00e1dio do Maracan\u00e3. Foto: Ricardo Stuckert\/ CBF\" width=\"300\" height=\"148\" \/><figcaption id=\"caption-attachment-37585\" class=\"wp-caption-text\">Rio de Janeiro- RJ- Brasil- 05\/08\/2016- Vanderlei Cordeiro de Lima, durante a cerim\u00f4nua de abertura das Olimp\u00edadas Rio 2016, no est\u00e1dio do Maracan\u00e3. Foto: Ricardo Stuckert\/ CBF<\/figcaption><\/figure><br \/>\n<figure id=\"attachment_37584\" aria-describedby=\"caption-attachment-37584\" style=\"width: 300px\" class=\"wp-caption alignnone\"><img decoding=\"async\" class=\"size-medium wp-image-37584\" src=\"http:\/\/www.jornalja.com.br\/wp-content\/uploads\/2016\/08\/FF_Abertura-Jogos-Olimpicos-Rio-2016-estadio-Maracana-Rio-de-Janeiro_02405082016-850x567-300x200.jpg\" alt=\"Rio de Janeiro - An\u00e9is ol\u00edmpicos decoram Est\u00e1dio do Maracan\u00e3 para cerim\u00f4nia de abertura dos Jogos Rio 2016 (Fernando Fraz\u00e3o\/Ag\u00eancia Brasil)\" width=\"300\" height=\"200\" \/><figcaption id=\"caption-attachment-37584\" class=\"wp-caption-text\">Rio de Janeiro &#8211; An\u00e9is ol\u00edmpicos decoram Est\u00e1dio do Maracan\u00e3 para cerim\u00f4nia de abertura dos Jogos Rio 2016 (Fernando Fraz\u00e3o\/Ag\u00eancia Brasil)<\/figcaption><\/figure><\/p>\n","protected":false},"excerpt":{"rendered":"<p>Assistindo, pela televis\u00e3o, a abertura das Olimp\u00edadas Rio 2016 senti-me maravilhado e orgulhoso, mais uma vez, de ser brasileiro. N\u00e3o pude deixar de lembrar, no entanto, quem foram os personagens respons\u00e1veis pela escolha do Brasil como sede dos Jogos Ol\u00edmpicos, pela primeira vez na Am\u00e9rica do Sul. Foi o empenho e a vis\u00e3o ampla de [&hellip;]<\/p>\n","protected":false},"author":21,"featured_media":37581,"comment_status":"open","ping_status":"closed","sticky":false,"template":"","format":"standard","meta":{"_jetpack_memberships_contains_paid_content":false,"footnotes":""},"categories":[82],"tags":[80],"class_list":["post-37576","post","type-post","status-publish","format-standard","has-post-thumbnail","hentry","category-debates","tag-efeitos"],"aioseo_notices":[],"jetpack_featured_media_url":"","jetpack_sharing_enabled":true,"_links":{"self":[{"href":"https:\/\/www.jornalja.com.br\/especiais\/wp-json\/wp\/v2\/posts\/37576","targetHints":{"allow":["GET"]}}],"collection":[{"href":"https:\/\/www.jornalja.com.br\/especiais\/wp-json\/wp\/v2\/posts"}],"about":[{"href":"https:\/\/www.jornalja.com.br\/especiais\/wp-json\/wp\/v2\/types\/post"}],"author":[{"embeddable":true,"href":"https:\/\/www.jornalja.com.br\/especiais\/wp-json\/wp\/v2\/users\/21"}],"replies":[{"embeddable":true,"href":"https:\/\/www.jornalja.com.br\/especiais\/wp-json\/wp\/v2\/comments?post=37576"}],"version-history":[{"count":0,"href":"https:\/\/www.jornalja.com.br\/especiais\/wp-json\/wp\/v2\/posts\/37576\/revisions"}],"wp:featuredmedia":[{"embeddable":true,"href":"https:\/\/www.jornalja.com.br\/especiais\/wp-json\/"}],"wp:attachment":[{"href":"https:\/\/www.jornalja.com.br\/especiais\/wp-json\/wp\/v2\/media?parent=37576"}],"wp:term":[{"taxonomy":"category","embeddable":true,"href":"https:\/\/www.jornalja.com.br\/especiais\/wp-json\/wp\/v2\/categories?post=37576"},{"taxonomy":"post_tag","embeddable":true,"href":"https:\/\/www.jornalja.com.br\/especiais\/wp-json\/wp\/v2\/tags?post=37576"}],"curies":[{"name":"wp","href":"https:\/\/api.w.org\/{rel}","templated":true}]}}