{"id":37662,"date":"2016-08-08T13:06:33","date_gmt":"2016-08-08T16:06:33","guid":{"rendered":"http:\/\/www.jornalja.com.br\/?p=37662"},"modified":"2016-08-08T13:06:33","modified_gmt":"2016-08-08T16:06:33","slug":"e-o-povo-onde-fica","status":"publish","type":"post","link":"https:\/\/www.jornalja.com.br\/especiais\/e-o-povo-onde-fica\/","title":{"rendered":"E o povo onde fica?"},"content":{"rendered":"<p>Marino Boeira<br \/>\nEstar\u00e1 o povo brasileiro assistindo mais uma vez indiferente meia d\u00fazia de pessoas decidirem seu futuro sem exigir que seja ouvido?<br \/>\nNo dia 18 de novembro de 1889, Aristides Lobo escreveu no Di\u00e1rio Popular uma avalia\u00e7\u00e3o que ficou famosa sobre a proclama\u00e7\u00e3o da Rep\u00fablica por Deodoro da Fonseca, tr\u00eas dias antes:<br \/>\n\u201c O povo assistiu aquilo bestializado, at\u00f4nito, surpreso sem conhecer o que significava. Muitos acreditaram seriamente estar vendo uma parada\u201d.<br \/>\nEm outros momentos cruciais da vida brasileira, foram as elites que decidiram o futuro da P\u00e1tria e dos brasileiros, sem ouvi-los ou, quando muito, dizendo estar agindo em seu nome, como foi na Revolu\u00e7\u00e3o de 30 ou no Golpe de 64.<br \/>\nAgora, novamente o Pa\u00eds se encontra numa encruzilhada. Oitenta e um senadores, muitos dos quais nem sequer s\u00e3o conhecidos por uma boa parte dos brasileiros, que n\u00e3o sabem seus nomes nem suas ideais, se encaminham, a que tudo indica, para revogar uma decis\u00e3o da maioria da popula\u00e7\u00e3o que, em 2014, elegeu Dilma Rousseff Presidente da Rep\u00fablica.<br \/>\nUm simples passar de olhos sobre os nomes dos senadores que v\u00e3o este m\u00eas completar o processo de golpe parlamentar contra a Presidente Dilma Rousseff, cassando o mandato que lhe foi atribu\u00eddo pelo povo, mostra o alta grau de comprometimento \u00e9tico a que chegou o parlamento brasileiro.<br \/>\nDaqueles senadores que votaram pela admissibilidade do impeachment no primeiro turno se destacam de uma forma negativa diversos nomes, come\u00e7ando pelo presidente da casa, o senador Renan Calheiros.<br \/>\nNa elei\u00e7\u00e3o de Fernando Collor para a Presid\u00eancia foi o seu principal cabo eleitoral e depois porta-voz, a quem abandonou mais tarde em fun\u00e7\u00e3o das disputas eleitorais em seu estado, Alagoas. J\u00e1 foi aliado de Lula e acusado de corrup\u00e7\u00e3o, renunciou \u00e0 presid\u00eancia do Senado em 2007.\u00a0 Agora, finge adotar uma postura mais distante da quest\u00e3o, mas \u00e9 voto certo a favor do impeachment.<br \/>\nSeu ex-aliado pol\u00edtico, Fernando Collor, hoje no PTC, dispensa apresenta\u00e7\u00f5es.<br \/>\nNo bloco dos senadores investigados pela justi\u00e7a por corrup\u00e7\u00e3o e que se alinham entre os que pretendem retirar o mandato de Dilma, pontificam nomes como Romero Juc\u00e1, Jos\u00e9 Agripino e Fernando Bezerra Coelho.<br \/>\nO senador Zez\u00e9 Perrella, envolvido no caso do helic\u00f3ptero apreendido em Minas com uma carga de coca\u00edna, protegido de A\u00e9cio Neves \u00e9 outro que vota pelo impeachment.<br \/>\nUm dos casos mais representativos da falta de compostura de alguns senadores, foi mostrado pela imprensa na semana passada, quando o senador do PMDB, H\u00e9lio Jos\u00e9, agraciado por Temer com o poder de nomear um diretor da Secretaria de Patrim\u00f4nio da Uni\u00e3o, afirmou que era dono do servi\u00e7o e \u201cnomeava a melancia que quisesse\u201d.<br \/>\nH\u00e9lio Jos\u00e9 ficou conhecido em Bras\u00edlia como o H\u00e9lio da Gambiarra, desde 1995, quando ofereceu uma festa a pol\u00edticos em sua casa e depois se descobriu que fizera um \u201cgato\u201d na rede p\u00fablica de eletricidade. O senador, provando que n\u00e3o costuma ser fiel aos partidos, j\u00e1 foi at\u00e9 do PT, passou pelo PSD, depois pelo PMB, o folcl\u00f3rico Partido da Mulher Brasileira e hoje est\u00e1 no PMDB<br \/>\nOutras figurinhas carimbadas em Bras\u00edlia por um conservadorismo exacerbado s\u00e3o Ronaldo Caiado e Blairo Maggi, inimigos de qualquer avan\u00e7o na quest\u00e3o agr\u00e1ria do Brasil e por isso velhos inimigos do PT.<br \/>\nDos senadores do Rio Grande do Sul, dois est\u00e3o desde o in\u00edcio com votos definidos e n\u00e3o esconderam este fato: Ana Am\u00e9lia, a favor e Paulo Paim, contra.<br \/>\nResta saber a posi\u00e7\u00e3o de Lasier Martin, embora por suas declara\u00e7\u00f5es passadas, quando afirmou que Dilma n\u00e3o roubou, mas foi conivente, tudo indica que ficar\u00e1 ao lado do golpe.<br \/>\nSeu partido, o PDT&lt; j\u00e1 expulsou um deputado que votou a favor do impeachment na C\u00e2mara, mas isso n\u00e3o deve tirar o sono do senador, que a rigor n\u00e3o foi eleito pelos trabalhistas. Seu partido tem outra sigla. Se chama RBS, a poderosa rede de comunica\u00e7\u00e3o que j\u00e1 teve tr\u00eas senadores entre seu quadro de funcion\u00e1rios: Zambiaze, Ana Am\u00e9ilia e Lasier.<br \/>\nO senador Cristovam Buarque, hoje no PPS, j\u00e1 foi no passado um quadro importante, primeiro do PT e depois do PDT . \u00c9 apontado como criador da Bolsa Fam\u00edlia, quando governador do Distrito Federal, foi ministro da Educa\u00e7\u00e3o no Governo de Lula, mas durante sua trajet\u00f3ria pol\u00edtica foi cada vez mais abandonando posi\u00e7\u00f5es de esquerda e se aliando com o centro, o que serve para justificar seu voto a favor do impeachment.<br \/>\nCaso mais emblem\u00e1tico de uma clara trai\u00e7\u00e3o \u00e0 vontade dos seus eleitores \u00e9 o da senadora Marta Suplicy, eleita pelo PT em 2010, que ocupou o cargo de Ministra da Cultura, de Dilma e que depois de passar para o PMDB, votou a favor da admissibilidade do impeachment.<br \/>\nCertamente, al\u00e9m das vantagens de passar para um partido que, ao que tudo indica, vai herdar a m\u00e1quina administrativa do Brasil, Marta de certa forma est\u00e1 se vingando de Dilma por ter sido a escolhida por Lula nas elei\u00e7\u00f5es de 2010, e n\u00e3o ela e ao partido que escolheu Haddad como candidato a Prefeito de S\u00e3o Paulo, preterindo novamente o seu nome.<br \/>\nEssa semana, seu ex-marido o tamb\u00e9m ex-senador Suplicy fez um apelo p\u00fablico para que ela lembrasse que representa os eleitores do PT no Senado, mas seu apelo certamente n\u00e3o vai modificar o voto de Marta.<br \/>\nE o povo, como disse Aristides Lobo, vai assistir mais uma vez bestializado, at\u00f4nito e surpreso, sua vontade ser desconsiderada por estes senhoras e senhores, preocupados em defender apenas seus interesses, algumas vezes pol\u00edticos, mas quase sempre pessoais?<br \/>\nAs manifesta\u00e7\u00f5es contra o golpe parlamentar das \u00faltimas semanas parecem ter sido movimentos pr\u00f3-forma, destinados a marcar presen\u00e7a de grupos de ativistas, mas sem nenhuma for\u00e7a para modificar o que j\u00e1 foi decidido em Bras\u00edlia.<br \/>\nAo que tudo indica, o governo Temer vai se transformar de provis\u00f3rio em permanente, ganhando o status necess\u00e1rio para cumprir os objetivos a que veio: privatizar o que for poss\u00edvel, promover um forte arrocho salarial, fazer o ajuste financeiro que vai permitir que os grandes investidores continuem lucrando e acabar com os programas sociais que durante algum tempo asseguraram ganhos reais \u00e0 popula\u00e7\u00e3o mais carente.<br \/>\nTudo isso ser\u00e1 feito com o apoio fundamental da imprensa monopolista, que promoveu o golpe e a quem cabe agora justificar para a popula\u00e7\u00e3o o tal ajuste econ\u00f4mico como uma medida necess\u00e1rio e que dar\u00e1 seus frutos no futuro. Futuro no qual, certamente, estaremos todos mortos.<br \/>\nO que fazer ent\u00e3o?<br \/>\nQual a tarefa das esquerdas nos dias escuros que se avizinham?<br \/>\nAs propostas reformistas do PT e seus aliados se mostraram incapazes de abrir uma brecha no monop\u00f3lio de poder que as elites brasileiras det\u00e9m h\u00e1 d\u00e9cadas e s\u00f3 permaneceram vivas enquanto essas elites puderam usufruir dos principais ganhos que o surgimento de uma nova classe de consumidores trouxe para o Pa\u00eds.<br \/>\nQuando o modelo econ\u00f4mico baseado no incentivo ao consumo se esgotou e uma crise internacional abalou as estruturas econ\u00f4micas do Pa\u00eds, essas elites trataram de se afastar do governo, seguindo o exemplo do que j\u00e1 estava ocorrendo em outros pa\u00edses da Am\u00e9rica do Sul.<br \/>\nCom o fim da proposta reformista do PT, talvez tenha chegado a hora de se voltar novamente a pensar no velho caminho revolucion\u00e1rio que aponta para a edifica\u00e7\u00e3o do socialismo como \u00fanica alternativa para o modelo do capitalismo dependente sob o qual vivemos.<br \/>\nNo mundo inteiro, fil\u00f3sofos como Slajov Zizez, Alain Baldiou, Jacques Ricieri e Istvan Meszaros, levantam novamente a bandeira do socialismo, porque como disse este \u00faltimo fil\u00f3sofo, parafraseando Roxa Luxemburgo, a op\u00e7\u00e3o \u00e9 Socialismo ou Barb\u00e1rie.<\/p>\n","protected":false},"excerpt":{"rendered":"<p>Marino Boeira Estar\u00e1 o povo brasileiro assistindo mais uma vez indiferente meia d\u00fazia de pessoas decidirem seu futuro sem exigir que seja ouvido? No dia 18 de novembro de 1889, Aristides Lobo escreveu no Di\u00e1rio Popular uma avalia\u00e7\u00e3o que ficou famosa sobre a proclama\u00e7\u00e3o da Rep\u00fablica por Deodoro da Fonseca, tr\u00eas dias antes: \u201c O [&hellip;]<\/p>\n","protected":false},"author":21,"featured_media":37667,"comment_status":"open","ping_status":"closed","sticky":false,"template":"","format":"standard","meta":{"_jetpack_memberships_contains_paid_content":false,"footnotes":""},"categories":[82],"tags":[71,29],"class_list":["post-37662","post","type-post","status-publish","format-standard","has-post-thumbnail","hentry","category-debates","tag-imprensa","tag-sao-paulo"],"aioseo_notices":[],"jetpack_featured_media_url":"","jetpack_sharing_enabled":true,"_links":{"self":[{"href":"https:\/\/www.jornalja.com.br\/especiais\/wp-json\/wp\/v2\/posts\/37662","targetHints":{"allow":["GET"]}}],"collection":[{"href":"https:\/\/www.jornalja.com.br\/especiais\/wp-json\/wp\/v2\/posts"}],"about":[{"href":"https:\/\/www.jornalja.com.br\/especiais\/wp-json\/wp\/v2\/types\/post"}],"author":[{"embeddable":true,"href":"https:\/\/www.jornalja.com.br\/especiais\/wp-json\/wp\/v2\/users\/21"}],"replies":[{"embeddable":true,"href":"https:\/\/www.jornalja.com.br\/especiais\/wp-json\/wp\/v2\/comments?post=37662"}],"version-history":[{"count":0,"href":"https:\/\/www.jornalja.com.br\/especiais\/wp-json\/wp\/v2\/posts\/37662\/revisions"}],"wp:featuredmedia":[{"embeddable":true,"href":"https:\/\/www.jornalja.com.br\/especiais\/wp-json\/"}],"wp:attachment":[{"href":"https:\/\/www.jornalja.com.br\/especiais\/wp-json\/wp\/v2\/media?parent=37662"}],"wp:term":[{"taxonomy":"category","embeddable":true,"href":"https:\/\/www.jornalja.com.br\/especiais\/wp-json\/wp\/v2\/categories?post=37662"},{"taxonomy":"post_tag","embeddable":true,"href":"https:\/\/www.jornalja.com.br\/especiais\/wp-json\/wp\/v2\/tags?post=37662"}],"curies":[{"name":"wp","href":"https:\/\/api.w.org\/{rel}","templated":true}]}}