{"id":37876,"date":"2016-08-16T12:36:25","date_gmt":"2016-08-16T15:36:25","guid":{"rendered":"http:\/\/www.jornalja.com.br\/?p=37876"},"modified":"2016-08-16T12:36:25","modified_gmt":"2016-08-16T15:36:25","slug":"palestra-sobre-seguranca-publica-sera-transmitida-ao-vivo","status":"publish","type":"post","link":"https:\/\/www.jornalja.com.br\/especiais\/palestra-sobre-seguranca-publica-sera-transmitida-ao-vivo\/","title":{"rendered":"V\u00eddeo: Confira a palestra sobre seguran\u00e7a p\u00fablica"},"content":{"rendered":"<p>Nesta quarta-feira, 17 de agosto, o Comit\u00ea em Defesa da Democracia e do Estado Democr\u00e1tico de Direito realizou a palestra &#8220;A Crise na Seguran\u00e7a P\u00fablica do RS e as Pol\u00edticas Penais no P\u00f3s-Golpe: Para onde vamos?&#8221;.<br \/>\nO Professor Doutor Rodrigo Ghiringhelli de Azevedo tratou sobre\u00a0tema durante uma hora.\u00a0O\u00a0restante do tempo foi utilizado pela plat\u00e9ia\u00a0para perguntas e manifesta\u00e7\u00f5es a respeito de temas relacionados, tal como os direitos humanos.<br \/>\nRodrigo Ghiringhelli \u00e9 soci\u00f3logo, professor do Programa de P\u00f3s-Gradua\u00e7\u00e3o em Ci\u00eancias Sociais e em Ci\u00eancias Criminais da PUC\/RS e integrante do F\u00f3rum Brasileiro de Seguran\u00e7a P\u00fablica.<br \/>\nA\u00a0palestra pode visualizada na integra no\u00a0link abaixo:<\/p>\n<p>&nbsp;<\/p>\n","protected":false},"excerpt":{"rendered":"<p>Nesta quarta-feira, 17 de agosto, o Comit\u00ea em Defesa da Democracia e do Estado Democr\u00e1tico de Direito realizou a palestra &#8220;A Crise na Seguran\u00e7a P\u00fablica do RS e as Pol\u00edticas Penais no P\u00f3s-Golpe: Para onde vamos?&#8221;. O Professor Doutor Rodrigo Ghiringhelli de Azevedo tratou sobre\u00a0tema durante uma hora.\u00a0O\u00a0restante do tempo foi utilizado pela plat\u00e9ia\u00a0para perguntas [&hellip;]<\/p>\n","protected":false},"author":21,"featured_media":37881,"comment_status":"open","ping_status":"closed","sticky":false,"template":"","format":"standard","meta":{"_jetpack_memberships_contains_paid_content":false,"footnotes":""},"categories":[82],"tags":[],"class_list":["post-37876","post","type-post","status-publish","format-standard","has-post-thumbnail","hentry","category-debates"],"aioseo_notices":[],"jetpack_featured_media_url":"","jetpack_sharing_enabled":true,"_links":{"self":[{"href":"https:\/\/www.jornalja.com.br\/especiais\/wp-json\/wp\/v2\/posts\/37876","targetHints":{"allow":["GET"]}}],"collection":[{"href":"https:\/\/www.jornalja.com.br\/especiais\/wp-json\/wp\/v2\/posts"}],"about":[{"href":"https:\/\/www.jornalja.com.br\/especiais\/wp-json\/wp\/v2\/types\/post"}],"author":[{"embeddable":true,"href":"https:\/\/www.jornalja.com.br\/especiais\/wp-json\/wp\/v2\/users\/21"}],"replies":[{"embeddable":true,"href":"https:\/\/www.jornalja.com.br\/especiais\/wp-json\/wp\/v2\/comments?post=37876"}],"version-history":[{"count":0,"href":"https:\/\/www.jornalja.com.br\/especiais\/wp-json\/wp\/v2\/posts\/37876\/revisions"}],"wp:featuredmedia":[{"embeddable":true,"href":"https:\/\/www.jornalja.com.br\/especiais\/wp-json\/"}],"wp:attachment":[{"href":"https:\/\/www.jornalja.com.br\/especiais\/wp-json\/wp\/v2\/media?parent=37876"}],"wp:term":[{"taxonomy":"category","embeddable":true,"href":"https:\/\/www.jornalja.com.br\/especiais\/wp-json\/wp\/v2\/categories?post=37876"},{"taxonomy":"post_tag","embeddable":true,"href":"https:\/\/www.jornalja.com.br\/especiais\/wp-json\/wp\/v2\/tags?post=37876"}],"curies":[{"name":"wp","href":"https:\/\/api.w.org\/{rel}","templated":true}]}}