{"id":38773,"date":"2016-09-14T12:30:56","date_gmt":"2016-09-14T15:30:56","guid":{"rendered":"http:\/\/www.jornalja.com.br\/?p=38773"},"modified":"2016-09-14T12:30:56","modified_gmt":"2016-09-14T15:30:56","slug":"desencontros-antidemocraticos-de-volta-aos-anos-60","status":"publish","type":"post","link":"https:\/\/www.jornalja.com.br\/especiais\/desencontros-antidemocraticos-de-volta-aos-anos-60\/","title":{"rendered":"Desencontros antidemocr\u00e1ticos: de volta aos anos 60"},"content":{"rendered":"<p>Marilia Verissimo Veronese<br \/>\nDoutora em Psicologia Social pela PUCRS, Docente e pesquisadora do Programa de P\u00f3s-gradua\u00e7\u00e3o em Ci\u00eancias Sociais da UNISINOS<br \/>\nVivemos tempos tristes, de fragmenta\u00e7\u00e3o e incompreens\u00e3o m\u00fatuas. Tal qual no per\u00edodo do golpe de 64, brigas e desencontros entre familiares e amigos acontecem. Lembro de minhas primas mais velhas me contando dos desentendimentos entre nosso tio Alberto (simpatizante do integralismo, ultraconservador) e nosso tio Dirceu (pai delas), trabalhista e fervoroso brizolista, defensor da igualdade e da justi\u00e7a social.<br \/>\nH\u00e1 at\u00e9 uma passagem curiosa da \u00e9poca, na qual conta-se que correu um boato em Santo \u00c2ngelo-RS, no in\u00edcio da ditadura, que Brizola estaria escondido na casa de meu tio. A pol\u00edcia invadiu o local fazendo uma busca e ele bradava \u201cpois eu ficaria honrado se esse grande brasileiro estivesse aqui, mas ele n\u00e3o est\u00e1&#8230;\u201d, enquanto minha tia pedia desesperada que se calasse, ou poderia ser preso. Ali\u00e1s, a parte progressista da fam\u00edlia s\u00f3 n\u00e3o foi presa na Santo \u00c2ngelo de 1964 gra\u00e7as \u00e0 interven\u00e7\u00e3o de Dom Alo\u00edsio Lorscheider, bispo da igreja cat\u00f3lica ligado \u00e0 teologia da liberta\u00e7\u00e3o. Eram outros tempos e eu nem era nascida ainda, mas imagino como seriam os almo\u00e7os de domingo com esses dois tios discutindo&#8230;<br \/>\nQuem, como eu, nasceu durante a ditadura e s\u00f3 presenciou a luta contra ela, a campanha das Diretas J\u00e1, a constituinte de 1988, as conquistas (parciais, incompletas) que foram a duras penas adquiridas, por exemplo nas \u00e1reas da sa\u00fade e combate \u00e0 mis\u00e9ria, encontra-se hoje pasmo, incr\u00e9dulo.<br \/>\nNa manifesta\u00e7\u00e3o do dia 31\/8, grit\u00e1vamos novamente \u201cDiretas J\u00e1!\u201d. Tive um d\u00e9ja vu. Aos 16 anos, em 1984, sa\u00ed as ruas com esse brado. Apanhei da pol\u00edcia a cavalo, de cassetete na cabe\u00e7a, que batia a esmo em adolescentes de 15, 16 anos pedindo somente para votar pra presidente da rep\u00fablica. Essa semana estou fazendo 49, pr\u00f3xima dos 50 e com uma filha de 20 anos, e respirando g\u00e1s lacrimog\u00eaneo jogado sobre manifestantes enquanto a passeata ainda era plenamente pac\u00edfica. A tropa de choque provavelmente \u201cdefendia\u201d a sede do governo ga\u00facho, sita na esquina da Ipiranga com a \u00c9rico Verissimo (para os n\u00e3o ga\u00fachos entenderem, trata-se do pr\u00e9dio da RBS\/Zero Hora). E novamente a juventude que me cercava bradava \u201cDiretas J\u00e1\u201d! Como pode? Como?<br \/>\nPorque a vida parece andar em c\u00edrculos. A trajet\u00f3ria a humanidade \u00e9 tudo, menos linear. Limito-me a comentar as \u00faltimas d\u00e9cadas.<br \/>\nCada vez que um governo minimamente progressista e defensor dos interesses populares ascende ao poder executivo \u2013 e bota minimamente nisso! \u2013, a plutocracia que rege os destinos desse pa\u00eds h\u00e1 500 anos reage e come\u00e7a a gritar e espernear. Boa parcela da m\u00eddia comercial de massa, \u00fanica fonte de informa\u00e7\u00e3o de muita gente, imediatamente acompanha, pois sempre viveu de concess\u00f5es e favores dessa plutocracia, at\u00e9 estabelecer-se definitivamente como parte dela. O brado \u00e9 sempre o mesmo: \u201cCorrup\u00e7\u00e3o! Mar de lama!\u201d. Carlos Lacerda \u00e9 uma figura que se reproduz infinitamente no Brasil. O jornalista Juremir Machado costuma chamar os replicadores dessa ideia de \u201clacerdinhas\u201d. Sim, bom apelido para gente que acredita em grotescas manipula\u00e7\u00f5es midi\u00e1ticas, ou mesmo inventa suas pr\u00f3prias mentiras e distor\u00e7\u00f5es em sites proto-fascistas do tipo Revoltados on line e outros do mesmo feitio.<br \/>\nJango foi deposto por um golpe civil-midi\u00e1tico-militar e os setores conservadores da sociedade brasileira aplaudiram. Veio uma ditadura que mentiu, torturou, matou, estuprou, endividou o pa\u00eds, exterminou \u00edndios e considerou \u201cprogresso\u201d a destrui\u00e7\u00e3o de biomas inteiros, a exemplo do estado do Mato Grosso. Precarizou o ensino p\u00fablico propositalmente e deixou um legado de desigualdade e injusti\u00e7as. H\u00e1 alguns anos, a Globo fez um rid\u00edculo \u201cmea culpa\u201d, lido no ar pelo boneco de cera William Bonner*. Ali\u00e1s, fazendo um par\u00eantesis, lembro desse golpista sendo entrevistado por Marilia Gabriela, declarando que a edi\u00e7\u00e3o que o JN fez do discurso Collor x Lula em 1989 foi \u201cmuito corajosa\u201d. Foi \u00e9 manipuladora e eu a classificaria ainda como criminosa.<br \/>\nVoltando \u00e0 vaca fria, a pat\u00e9tica declara\u00e7\u00e3o pedia \u201cdesculpas pelo equ\u00edvoco do apoio \u00e0 ditadura militar\u201d. Daqui a 50 anos, provavelmente outro boneco vai ler no ar um pedido de desculpas pelo apoio ao golpe de 2016&#8230; isso se algo n\u00e3o for feito antes no sentido de democratizar os ve\u00edculos de comunica\u00e7\u00f5es no Brasil, pluralizando-os e retirando o controle de umas poucas fam\u00edlias riqu\u00edssimas que contratam vassalos como Bonner. Segundo os artigos 220, 221 e 222 da Constitui\u00e7\u00e3o Federal, bastaria regular a comunica\u00e7\u00e3o no pa\u00eds para proibir monop\u00f3lios, propriedades cruzadas (de v\u00e1rios meios, v\u00e1rias m\u00eddias); era preciso regulamentar o capital que gere isso tudo e criar tamb\u00e9m TVs p\u00fablicas, comunit\u00e1rias, geridas pela sociedade civil. N\u00e3o havendo meios de comunica\u00e7\u00e3o democr\u00e1ticos, a democracia \u00e9 infalivelmente fraca e parcial. (Detalhe do \u00a7 2\u00ba do artigo 220 &#8211; \u201c\u00c9 vedada toda e qualquer censura de natureza pol\u00edtica, ideol\u00f3gica e art\u00edstica\u201d. Hahahaha!).<br \/>\nEm 2016 a situa\u00e7\u00e3o foi um tanto distinta, guardando, contudo, algumas semelhan\u00e7as com 1964. O projeto da plutocracia \u2013 arrocho salarial, explora\u00e7\u00e3o do trabalho, desmonte da CLT (o segundo governo Vargas foi um \u00f3timo exemplo do que falo aqui), transfer\u00eancia de recursos p\u00fablicos para os rentistas atrav\u00e9s do sistema da d\u00edvida p\u00fablica &#8211; foi derrotado nas urnas em 2002, 2006, 2010 e 2014. A\u00ed eles n\u00e3o aguentaram e come\u00e7aram um movimento duro de desestabiliza\u00e7\u00e3o do governo Dilma, fraco em muitos pontos e tendo mesmo cometido erros pol\u00edticos na rela\u00e7\u00e3o com v\u00e1rios setores da sociedade. Tendo se abra\u00e7ado ao diabo (Temer\u00e1rio e o resto da corja), tendo compactuado com a corrup\u00e7\u00e3o h\u00e1 s\u00e9culos existente \u2013 embora Dilma individualmente tenha feito esfor\u00e7os not\u00e1veis para evitar sua continuidade, como a urg\u00eancia das leis anticorrup\u00e7\u00e3o que enviou aos deputados, derrubada pelo congresso nacional mais corrupto dos \u00faltimos 30 anos -, esse governo n\u00e3o pode evitar a trai\u00e7\u00e3o e o golpe \u201cpalaciano\u201d, midi\u00e1tico-parlamentar, com ampla coniv\u00eancia do STF.<br \/>\nO sistema pol\u00edtico apodreceu-se por dentro e no excelente artigo Reforma pol\u00edtica: democracia ou plutocracia?**, Francisco Fonseca explica o caso: \u201cdistor\u00e7\u00f5es as mais distintas foram ocorrendo, tornando o sistema pol\u00edtico um mosaico de perversidades: coliga\u00e7\u00e3o nas elei\u00e7\u00f5es aos cargos proporcionais, que implica que o eleitor vote num partido\/candidato e eleja outro, de outro partido; a l\u00f3gica de que os partidos derrotados tamb\u00e9m governam, em raz\u00e3o da referida necessidade de maioria parlamentar a qualquer custo; a controversa desproporcionalidade da representa\u00e7\u00e3o na C\u00e2mara dos Deputados; o est\u00edmulo ao personalismo na vida pol\u00edtica, associado ao descr\u00e9dito que o sistema pol\u00edtico confere tanto ao subsistema de partidos como ao Parlamento (&#8230;).\u201d<br \/>\nFoi tudo muito vergonhoso. A inf\u00e2mia e o show de horrores que vimos em 17\/4 e 30\/8 deste ano nos mostraram que se encerrou um ciclo. Os plastificados e botoxados deputados e senadores \u2013 muitos deles denunciados por corrup\u00e7\u00e3o, sob investiga\u00e7\u00e3o e tendo participado de \u00e1udios vazados como aquele no qual o corrupto Romero Juc\u00e1 afirma: \u201cRapaz, a solu\u00e7\u00e3o era botar o Michel. A\u00ed parava a porra toda [Lava-Jato]\u201d ***, com pat\u00e9ticos discursos mencionando Deus e a fam\u00edlia, decretaram o impedimento. (Conferir a extens\u00e3o do cinismo deles \u00e9 poss\u00edvel nesta mat\u00e9ria aqui****)<br \/>\nA presidenta (sim, est\u00e1 correto e consta no dicion\u00e1rio da l\u00edngua portuguesa), abandonada pela c\u00fapula corrupta do seu pr\u00f3prio partido, manteve a dignidade e a cabe\u00e7a erguida, pois n\u00e3o tinha crime do qual envergonhar-se, a n\u00e3o ser a inabilidade pol\u00edtica. Mas n\u00e3o foi citada nem uma vez na Lava-jato, ao contr\u00e1rio de alguns dos parlamentares imundos que a impediram, campe\u00f5es em den\u00fancias de corrup\u00e7\u00e3o, muitos com bens j\u00e1 bloqueados pela justi\u00e7a.<br \/>\nO ciclo ao qual me referi antes seria o iniciado em meados dos anos 80, p\u00f3s-redemocratiza\u00e7\u00e3o, constitui\u00e7\u00e3o de 1988 e relativo consenso em torno da amplia\u00e7\u00e3o de direitos, que havia inclusive, a duras penas, sobrevivido \u00e0 f\u00faria neoliberal dos anos FHC. Mas agora, a plutocracia ataca com tudo: exige desmanche da CLT, cortes de gastos sociais, precariza\u00e7\u00e3o da sa\u00fade e educa\u00e7\u00e3o p\u00fablicas. Ainda mais do que j\u00e1estavam precarizadas! H\u00e1 que pagar os juros e amortiza\u00e7\u00f5es de uma d\u00edvida p\u00fablica j\u00e1 paga mil vezes, h\u00e1 que transferir mais riqueza aos j\u00e1 muito ricos rentistas.<br \/>\nNovamente, parte da classe m\u00e9dia \u00e9 convencida que essa \u00e9 a \u201csa\u00edda da crise\u201d. Inacreditavelmente, parte dela acredita que piorando a situa\u00e7\u00e3o a situa\u00e7\u00e3o melhorar\u00e1 mais adiante. E cortam-se programas que combatiam a mis\u00e9ria, que integravam os pobres \u00e0 universidade, que permitiram alguma m\u00ednima mobilidade social. Que, diga-se de passagem, desagradam sobremaneira \u00e0 plutocracia, pois no Brasil ela ainda \u00e9 escravagista.<br \/>\nDiante de tudo isso, os que habitam a caverna de Plat\u00e3o contempor\u00e2nea aplaudem o golpista Temer, o corrupto Juc\u00e1, a vit\u00f3ria do bandido Cunha, que certamente ser\u00e1 \u201csalvo\u201d pelos coleguinhas (deu-lhes o impedimento de bandeja, por vingan\u00e7a*****), em cima do sofrimento de milh\u00f5es de pobres e de trabalhadores, de seu cotidiano massacrante e semiescravo, sem oportunidades de mobilidade social minimamente equ\u00e2nimes. A igualdade de oportunidades, t\u00e3o cara ao liberalismo cl\u00e1ssico, aqui no Brasil \u00e9 uma quimera da qual falsos \u201cliberais\u201d d\u00e3o risada, evitando-a a qualquer custo h\u00e1 s\u00e9culos.<br \/>\nPessoas brigam com seus pares que t\u00eam uma perspectiva cr\u00edtica na an\u00e1lise do processo. Estabelecem-se discuss\u00f5es semelhantes \u00e0quelas dos meus tios nos idos dos anos 60. Os que sa\u00edram \u00e0s ruas para defender a plutocracia, de camisa verde e amarela, hoje fazem que n\u00e3o sabem de nada e ignoram \u2013 ou fingem ignorar &#8211; a ampla corrup\u00e7\u00e3o que ajudaram a manter intocada.<br \/>\nOs que sempre sa\u00edram \u00e0s ruas pela democracia, agora saem novamente. \u00a0Pedem novas elei\u00e7\u00f5es. Os representantes da plutocracia nacional n\u00e3o querem nem ouvir falar, pois sabem-se rejeitados nas urnas. Melhor seguir manipulando, a m\u00eddia hegem\u00f4nica ajuda e faz o servi\u00e7o sujo.<br \/>\nEstamos mesmo precisando de grandes brasileiros como Leonel de Moura Brizola ou meu tio Dirceu Rodrigues. Este texto \u00e9 em homenagem \u00e0 sua mem\u00f3ria. Mas, por ora, teremos n\u00f3s mesmos que fazer a resist\u00eancia e continuar a luta da democracia contra a plutocracia. Tentemos ser um pouco mais grandiosos tamb\u00e9m, com humildade e com muita for\u00e7a de vontade.<br \/>\n*<a href=\"https:\/\/www.youtube.com\/watch?v=bABCjGS-_M4\" target=\"_blank\" rel=\"noopener noreferrer\"> https:\/\/www.youtube.com\/watch?v=bABCjGS-_M4<\/a><br \/>\n** <a href=\"http:\/\/www.diplomatique.org.br\/artigo.php?id=1843\" target=\"_blank\" rel=\"noopener noreferrer\">http:\/\/www.diplomatique.org.br\/artigo.php?id=1843<\/a><br \/>\n***<a href=\"http:\/\/g1.globo.com\/politica\/operacao-lava-jato\/noticia\/2016\/05\/em-gravacao-juca-sugere-pacto-para-deter-lava-jato-diz-jornal.html\" target=\"_blank\" rel=\"noopener noreferrer\">http:\/\/g1.globo.com\/politica\/operacao-lava-jato\/noticia\/2016\/05\/em-gravacao-juca-sugere-pacto-para-deter-lava-jato-diz-jornal.html<\/a><br \/>\n****Essa mat\u00e9ria ilustra bem a pusilanimidade e o esc\u00e1rnio da corja que votou \u201cpor deus e pela fam\u00edlia\u201d:<a href=\"http:\/\/www1.folha.uol.com.br\/colunas\/redesocial\/2016\/04\/1763233-um-sim-pelo-impeachment-para-a-mulher-um-afago-no-whatsapp-para-a-amante.shtml\"> http:\/\/www1.folha.uol.com.br\/colunas\/redesocial\/2016\/04\/1763233-um-sim-pelo-impeachment-para-a-mulher-um-afago-no-whatsapp-para-a-amante.shtml<\/a><br \/>\n*****<a href=\"http:\/\/www.tijolaco.com.br\/blog\/o-brasil-envergonhado-cunha-o-ladrao-vinga-se-de-dilma\/\" target=\"_blank\" rel=\"noopener noreferrer\">http:\/\/www.tijolaco.com.br\/blog\/o-brasil-envergonhado-cunha-o-ladrao-vinga-se-de-dilma\/<\/a><br \/>\n&nbsp;<br \/>\n&nbsp;<\/p>\n","protected":false},"excerpt":{"rendered":"<p>Marilia Verissimo Veronese Doutora em Psicologia Social pela PUCRS, Docente e pesquisadora do Programa de P\u00f3s-gradua\u00e7\u00e3o em Ci\u00eancias Sociais da UNISINOS Vivemos tempos tristes, de fragmenta\u00e7\u00e3o e incompreens\u00e3o m\u00fatuas. Tal qual no per\u00edodo do golpe de 64, brigas e desencontros entre familiares e amigos acontecem. Lembro de minhas primas mais velhas me contando dos desentendimentos [&hellip;]<\/p>\n","protected":false},"author":21,"featured_media":38774,"comment_status":"open","ping_status":"closed","sticky":false,"template":"","format":"standard","meta":{"_jetpack_memberships_contains_paid_content":false,"footnotes":""},"categories":[82],"tags":[56],"class_list":["post-38773","post","type-post","status-publish","format-standard","has-post-thumbnail","hentry","category-debates","tag-pucrs"],"aioseo_notices":[],"jetpack_featured_media_url":"","jetpack_sharing_enabled":true,"_links":{"self":[{"href":"https:\/\/www.jornalja.com.br\/especiais\/wp-json\/wp\/v2\/posts\/38773","targetHints":{"allow":["GET"]}}],"collection":[{"href":"https:\/\/www.jornalja.com.br\/especiais\/wp-json\/wp\/v2\/posts"}],"about":[{"href":"https:\/\/www.jornalja.com.br\/especiais\/wp-json\/wp\/v2\/types\/post"}],"author":[{"embeddable":true,"href":"https:\/\/www.jornalja.com.br\/especiais\/wp-json\/wp\/v2\/users\/21"}],"replies":[{"embeddable":true,"href":"https:\/\/www.jornalja.com.br\/especiais\/wp-json\/wp\/v2\/comments?post=38773"}],"version-history":[{"count":0,"href":"https:\/\/www.jornalja.com.br\/especiais\/wp-json\/wp\/v2\/posts\/38773\/revisions"}],"wp:featuredmedia":[{"embeddable":true,"href":"https:\/\/www.jornalja.com.br\/especiais\/wp-json\/"}],"wp:attachment":[{"href":"https:\/\/www.jornalja.com.br\/especiais\/wp-json\/wp\/v2\/media?parent=38773"}],"wp:term":[{"taxonomy":"category","embeddable":true,"href":"https:\/\/www.jornalja.com.br\/especiais\/wp-json\/wp\/v2\/categories?post=38773"},{"taxonomy":"post_tag","embeddable":true,"href":"https:\/\/www.jornalja.com.br\/especiais\/wp-json\/wp\/v2\/tags?post=38773"}],"curies":[{"name":"wp","href":"https:\/\/api.w.org\/{rel}","templated":true}]}}