{"id":40051,"date":"2016-10-05T00:42:36","date_gmt":"2016-10-05T03:42:36","guid":{"rendered":"http:\/\/www.jornalja.com.br\/?p=40051"},"modified":"2016-10-05T00:42:36","modified_gmt":"2016-10-05T03:42:36","slug":"as-estruturas-nao-descem-as-ruas","status":"publish","type":"post","link":"https:\/\/www.jornalja.com.br\/especiais\/as-estruturas-nao-descem-as-ruas\/","title":{"rendered":"As estruturas n\u00e3o descem \u00e0s ruas"},"content":{"rendered":"<p>Paulo Timm \u2013 Economista<br \/>\n\u201cSe erros foram cometidos devem ser corrigidos e n\u00e3o mais repetidos\u201d<br \/>\n( Ex-senador E. Suplicy, ao comentar sua elei\u00e7\u00e3o recente para a C\u00e2mara de Vereadores de S.Paulo; foi o mais votado com mais de 300 mil votos)<br \/>\n1. Encerrado o primeiro turno das Elei\u00e7\u00f5es 2016 tr\u00eas observa\u00e7\u00f5es se imp\u00f5em preliminarmente: primeira, o grande vencedor deste pleito foi a rejei\u00e7\u00e3o de 40 milh\u00f5es de eleitores, entre Absten\u00e7\u00f5es + Nulos + Votos em Branco, ao que a\u00ed est\u00e1, o que \u00e9 um n\u00edtido alerta para a urg\u00eancia de Reforma Pol\u00edtica e Eleitoral; segunda, o PT levou uma surra, talvez mais por rejei\u00e7\u00e3o \u00e0s suas pr\u00e1ticas do que pela \u201crevoada liberal\u201d, tanto nas capitais como no Nordeste, devendo alert\u00e1-lo para uma renova\u00e7\u00e3o no discurso de suas lideran\u00e7as no sentido de avaliar as raz\u00f5es internas para este refluxo e n\u00e3o apenas acusa\u00e7\u00f5es a terceiros; terceira: o sistema pluripartid\u00e1rio, t\u00e3o criticado por dificultar a governabilidade, est\u00e1 consagrado no pa\u00eds.<br \/>\n2. Quanto \u00e0 derrocada do PT, fato mais marcante do pleito de 2016, n\u00e3o se deve falar nem em alvorada de um novo tempo, nem em crep\u00fasculo da sigla. Nem inven\u00e7\u00e3o, nem reinven\u00e7\u00e3o. Apenas percal\u00e7os. Internamente, ser\u00e1 muito dif\u00edcil este Partido mudar sua din\u00e2mica interna, com a acirrada disputa de correntes, algumas delas francamente principistas quanto ao car\u00e1ter de \u201cclasse\u201d do Partido, voltado ao cumprimento de miss\u00e3o messi\u00e2nica, e quanto \u00e0 sua voca\u00e7\u00e3o para a constru\u00e7\u00e3o do \u201csocialismo\u201d. Externamente, no contexto pol\u00edtico nacional, o PT, apesar de ter perdido milh\u00f5es de eleitores e metade das prefeituras que ocupou em 2012, continuar\u00e1 a ser um grande partido. PMDB e PT, ali\u00e1s, continuar\u00e3o a ser os dois maiores Partidos no pa\u00eds &#8211; e por longo tempo. Quase &#8220;irrevers\u00edveis&#8221;. Se organizaram, ao longo do tempo, no vasto territ\u00f3rio nacional e det\u00eam, ambos, importantes canais de controle do processo eleitoral. Voto n\u00e3o \u00e9 apenas um apertar solit\u00e1rio de bot\u00e3o na calada da urna. \u00c9 uma \u201crede\u201d, sempre mais ou menos aprisionada \u00e0 \u201cinteresses\u201d. N\u00e3o \u00e9 f\u00e1cil montar e manter isso. Fica aqui a lembran\u00e7a para que se assista com aten\u00e7\u00e3o duas s\u00e9ries no NETFLIX: \u201cMarselha\u201d e \u201cHouse of Cards\u201d. Tratam do assunto.<br \/>\n<img decoding=\"async\" class=\"alignnone size-medium wp-image-40052\" src=\"http:\/\/www.jornalja.com.br\/wp-content\/uploads\/2016\/10\/Desempenho-dos-partidos-nas-Prefeituras-300x241.jpg\" alt=\"desempenho-dos-partidos-nas-prefeituras\" width=\"300\" height=\"241\" \/><br \/>\n<img decoding=\"async\" class=\"alignnone size-medium wp-image-40053\" src=\"http:\/\/www.jornalja.com.br\/wp-content\/uploads\/2016\/10\/Desempenho-dos-partidos-nas-Prefeituras-2-300x241.jpg\" alt=\"desempenho-dos-partidos-nas-prefeituras-2\" width=\"300\" height=\"241\" \/><br \/>\n3. Quanto aos outros Partidos, o PSDB, segundo em votos e controle de Prefeituras, mas \u201cterceiro\u201d na hierarquia simb\u00f3lica, at\u00e9 pelo peso de seus grandes nomes, dentre eles o ex-Presidente Fernando Henrique Cardoso, a dupla Jos\u00e9 Serra\/A\u00e9cio Neves, ambos ex candidatos \u00e0 Presid\u00eancia da Rep\u00fablica com 50 milh\u00f5es de votos, e agora o Governador de S\u00e3o Paulo, j\u00e1 est\u00e1 com maior n\u00famero de eleitores, mas ainda n\u00e3o conseguiu se organizar nacionalmente. O PSOL, em contrapartida, surpresa da vez, pela vit\u00f3ria relativa do deputado Freixo, que disputar\u00e1, com desvantagem, com Marcelo Crivella o segundo turno na cidade do Rio, ainda \u00e9 um fen\u00f4meno urbano, tipo PODEMOS na Espanha. Dever\u00e1 at\u00e9 se consolidar como uma alternativa de esquerda mais consistente e sem os pecados do PT, mas, tendo sa\u00eddo de seu ventre, padece de v\u00edcios semelhantes, como a disputa interna marcada pela intoler\u00e2ncia doutrin\u00e1ria, pela qual perdeu at\u00e9 ex candidata \u00e0 Presid\u00eancia em 2006, Helo\u00edsa Helena. Mas o PSOL n\u00e3o tem uma lideran\u00e7a popular de massas, n\u00e3o tem vis\u00e3o para a constru\u00e7\u00e3o de um Projeto Nacional, n\u00e3o tem articula\u00e7\u00e3o com movimentos sociais e sindicatos, n\u00e3o tem envergadura no pa\u00eds para ocupar o vazio deixado pelo PT. Pior: ter\u00e1, no m\u00e1ximo, duas Prefeituras&#8230;<br \/>\n4. Uma caracter\u00edstica pouco notada destas Elei\u00e7\u00f5es Municipais 2016 foi a consagra\u00e7\u00e3o de um conjunto de partidos com forte express\u00e3o eleitoral, al\u00e9m dos tradicionais PMDB \u2013 PT \u2013 PSDB , que dominam h\u00e1 mais de tr\u00eas d\u00e9cadas a vida p\u00fablica do pa\u00eds. Ela \u00e9 o resultado de duas medidas: a flexibiliza\u00e7\u00e3o para a funda\u00e7\u00e3o e funcionamento dos Partidos, sem qualquer cl\u00e1usula de restri\u00e7\u00e3o, e do apoio financeiro do Governo, atrav\u00e9s, n\u00e3o s\u00f3 do generoso Fundo Partid\u00e1rio, cujo Or\u00e7amento j\u00e1 beira o R$ 1 bilh\u00e3o, mas tamb\u00e9m ao subs\u00eddio que d\u00e1 \u00e0s emissoras de r\u00e1dio e TV para custear a propaganda eleitoral obrigat\u00f3ria. O PSD, o PDT, o PSB, o PR , o DEM e o PTB controlar\u00e3o entre 200 e 400 municipalidades cada um. Outro grupo menor, o PPS, PRB, PV, PSD e PCdoB , em torno de 100. Ora, isso revela uma diversifica\u00e7\u00e3o partid\u00e1ria muito grande que est\u00e1 combinando op\u00e7\u00f5es de car\u00e1ter ideol\u00f3gico com alternativas de interesses at\u00e9 pessoais. Debita-se \u00e0 essa diversifica\u00e7\u00e3o permissiva a ingovernabilidade do pa\u00eds e que agora estar\u00e1 se deslocando para \u201cPrefeituras de Coaliza\u00e7\u00e3o\u201d, agravando o loteamento de cargos e do Estado. Talvez. Mas h\u00e1 que se considerar, tamb\u00e9m, que este processo \u00e9 uma porta \u00e0 abertura de lideran\u00e7as que, de outra forma, seriam sufocadas pelas oligarquias que dominam os partidos mais antigos e mais fortes. Nesse sentido, ainda que paradoxalmente, a diversifica\u00e7\u00e3o partid\u00e1ria \u00e9 uma v\u00e1lvula \u00e0 democratiza\u00e7\u00e3o da vida p\u00fablica e, por vias tortas, um dos mecanismo de reforma pol\u00edtica no pa\u00eds.<br \/>\n5. \u00c9 poss\u00edvel se falar em retrocesso da esquerda, \u00e0 vista do fracasso do PT, nessas elei\u00e7\u00f5es, como consequ\u00eancia de uma onda conservadora que varre a Am\u00e9rica Latina? Depende do que se entende como \u201cesquerda\u201d, tal como o PT a empolgou. Certamente, os brasileiros disseram um rotundo \u201cN\u00e3o\u201d ao discurso do \u201cN\u00f3s contra Eles\u201d do PT que acompanhou a estigmatiza\u00e7\u00e3o da classe m\u00e9dia, t\u00e3o cara ao empreendedorismo, \u00e0 meritocracia e aos valores republicanos. Contudo, v\u00e1rias pesquisas continuam afirmando que os brasileiros almejam um modelo pol\u00edtico-econ\u00f4mico com economia de mercado e forte interven\u00e7\u00e3o do Estado como instrumento de regula\u00e7\u00e3o, promo\u00e7\u00e3o da cidadania e defesa dos mais vulner\u00e1veis, justamente o que os petistas diziam defender. Da\u00ed, ali\u00e1s, os cuidados do Presidente Temer quanto \u00e0s \u201cReformas\u201d inseridas no seu \u201cPonte para o Futuro\u201d, t\u00e3o proclamadas, mas em rigoroso ponto morto. N\u00e3o h\u00e1 clima na na\u00e7\u00e3o, nem no Congresso Nacional, para aventuras liberalizantes, ao gosto do novo PSDB de Jo\u00e3o D\u00f3ria, Prefeito eleito de S\u00e3o Paulo. Sua vit\u00f3ria acachapante na quase totalidade das zonas eleitorais da cidade se, por um lado, consagra a tend\u00eancia politicamente mais conservadora desta capital frente ao Rio, Porto Alegre e Recife, hist\u00f3ricos redutos da esquerda, por outro, sugere a incapacidade do Prefeito Haddad para se firmar na periferia, com seus projetos urbanisticamente avan\u00e7ados. O espa\u00e7o aberto foi ocupado pela ast\u00facia tucana. E falando nos redutos hist\u00f3ricos da esquerda, veja-se: o Rio, mant\u00e9m sua tradi\u00e7\u00e3o rebelde, ao levar Freixo para o segundo turno, Recife sustentou o pr\u00f3prio PT no segundo turno e vai disputar com outro candidato de esquerda e apenas em Porto Alegre e outras cidades de maior porte do cen\u00e1rio rio-grandense, percebe-se, mesmo um retrocesso da esquerda. Isso me lembra uma velha queixa dos maragatos, que combatiam em armas os chimangos, arautos da esquerda no Estado do RS, instalados no Pal\u00e1cio Piratini entre 1889 at\u00e9 1930, inicialmente pela m\u00e3o de ferro de J\u00falio de Castilhos, depois de Borges de Medeiros, depois Get\u00falio Vargas: \u201cN\u00e3o \u00e9 por acaso que eles s\u00e3o autorit\u00e1rios&#8230;\u201d Lembre-se, entretanto, voltando \u00e0 cena nacional, que o PCdoB, aliado incondicional do PT, passou de 51 para 80 prefeituras, o PDT, outro aliado, embora mais vacilante, cresceu de 330 para 334, o PSB fez 414, as quais, somadas as 256 vit\u00f3rias do PT perfazem 1\/5 do total das municipalidades do pa\u00eds. O que n\u00e3o \u00e9 pouco. N\u00e3o carece de se falar em grande retrocesso da esquerda no pa\u00eds. Al\u00e9m dos resultados eleitorais, a\u00ed est\u00e3o os movimentos sociais em in\u00e9dito protagonismo, principalmente jovens estudantes. Estamos, sim, diante de uma nova realidade na esquerda brasileira frente \u00e0 perda de hegemonia do PT e emerg\u00eancia de novos protagonismos aos quais dever\u00e1 se articular, de uma ou outra maneira, o PPS, em nova rota, a REDE de Marina Silva, embora em decl\u00ednio, e o pr\u00f3prio PV, sempre cioso de sua maior independ\u00eancia. Isso sem falar na esquerda peemedebista, \u00e0 la Requi\u00e3o no Paran\u00e1.<br \/>\n<span class=\"intertit\">Conclus\u00e3o<\/span><br \/>\nPassada a &#8220;tempestade&#8221; destas elei\u00e7\u00f5es &#8211; surpreendentes em todo sentido &#8211; , do impacto do Impeachment de Dilma, d aLAVAJATO, que daqui a pouco serena seu \u00edmpeto deixando uma sequ\u00eancia de sentenciados em suas poltronas sob o controle de meras tornezeleiras eletr\u00f4nicas, da brutal recess\u00e3o econ\u00f4mica que o PT ainda se recusa a admitir e de admitir sua parcela de responsabilidade, voltaremos \u00e0s &#8221; estruturas&#8221;, marcadas pela presen\u00e7a, \u00e0 esquerda, pelo PT e movimentos sociais e, oxal\u00e1, novos agentes, ao centro pelo PMDB, suas Prefeituras e amplas classes m\u00e9dias ao longo do pa\u00eds e , \u00e0 direita, pelo PSDB, apoiado pela grande m\u00eddia e grandes fortunas. Elas, as \u201cestruturas\u201d, ali\u00e1s, como diziam os estruturalistas te\u00f3ricos em maio de 68, na Paris convulsionada, &#8220;n\u00e3o descem \u00e0s ruas&#8221;. Mas est\u00e3o l\u00e1&#8230;E se n\u00e3o aprenderem a conviver com um m\u00ednimo de civilidade republicana, n\u00e3o construiremos a democracia.<br \/>\nCom a recupera\u00e7\u00e3o do bom senso, daqui a pouco estaremos, todos, discutindo a sucess\u00e3o presidencial de 2018.<\/p>\n","protected":false},"excerpt":{"rendered":"<p>Paulo Timm \u2013 Economista \u201cSe erros foram cometidos devem ser corrigidos e n\u00e3o mais repetidos\u201d ( Ex-senador E. Suplicy, ao comentar sua elei\u00e7\u00e3o recente para a C\u00e2mara de Vereadores de S.Paulo; foi o mais votado com mais de 300 mil votos) 1. Encerrado o primeiro turno das Elei\u00e7\u00f5es 2016 tr\u00eas observa\u00e7\u00f5es se imp\u00f5em preliminarmente: primeira, [&hellip;]<\/p>\n","protected":false},"author":21,"featured_media":40059,"comment_status":"open","ping_status":"closed","sticky":false,"template":"","format":"standard","meta":{"_jetpack_memberships_contains_paid_content":false,"footnotes":""},"categories":[82],"tags":[36,29],"class_list":["post-40051","post","type-post","status-publish","format-standard","has-post-thumbnail","hentry","category-debates","tag-intolerancia","tag-sao-paulo"],"aioseo_notices":[],"jetpack_featured_media_url":"","jetpack_sharing_enabled":true,"_links":{"self":[{"href":"https:\/\/www.jornalja.com.br\/especiais\/wp-json\/wp\/v2\/posts\/40051","targetHints":{"allow":["GET"]}}],"collection":[{"href":"https:\/\/www.jornalja.com.br\/especiais\/wp-json\/wp\/v2\/posts"}],"about":[{"href":"https:\/\/www.jornalja.com.br\/especiais\/wp-json\/wp\/v2\/types\/post"}],"author":[{"embeddable":true,"href":"https:\/\/www.jornalja.com.br\/especiais\/wp-json\/wp\/v2\/users\/21"}],"replies":[{"embeddable":true,"href":"https:\/\/www.jornalja.com.br\/especiais\/wp-json\/wp\/v2\/comments?post=40051"}],"version-history":[{"count":0,"href":"https:\/\/www.jornalja.com.br\/especiais\/wp-json\/wp\/v2\/posts\/40051\/revisions"}],"wp:featuredmedia":[{"embeddable":true,"href":"https:\/\/www.jornalja.com.br\/especiais\/wp-json\/"}],"wp:attachment":[{"href":"https:\/\/www.jornalja.com.br\/especiais\/wp-json\/wp\/v2\/media?parent=40051"}],"wp:term":[{"taxonomy":"category","embeddable":true,"href":"https:\/\/www.jornalja.com.br\/especiais\/wp-json\/wp\/v2\/categories?post=40051"},{"taxonomy":"post_tag","embeddable":true,"href":"https:\/\/www.jornalja.com.br\/especiais\/wp-json\/wp\/v2\/tags?post=40051"}],"curies":[{"name":"wp","href":"https:\/\/api.w.org\/{rel}","templated":true}]}}