{"id":40094,"date":"2016-10-05T11:59:19","date_gmt":"2016-10-05T14:59:19","guid":{"rendered":"http:\/\/www.jornalja.com.br\/?p=40094"},"modified":"2016-10-05T11:59:19","modified_gmt":"2016-10-05T14:59:19","slug":"para-nao-chorar-as-mortes-que-virao","status":"publish","type":"post","link":"https:\/\/www.jornalja.com.br\/especiais\/para-nao-chorar-as-mortes-que-virao\/","title":{"rendered":"Para n\u00e3o chorar as mortes que vir\u00e3o"},"content":{"rendered":"<p>Jorge Barcellos &#8211; Historiador, Mestre e Doutor em Educa\u00e7\u00e3o pela UFRGS.<br \/>\nPublicado originalmente na coluna Democracia e Pol\u00edtica do site <a href=\"http:\/\/estadodedireito.com.br\/para-nao-chorar-as-mortes-que-virao\/\">Estado de Direito<\/a>.<br \/>\n<span class=\"intertit\">Conjuntura nacional<\/span><br \/>\nA derrota do PT e do PSOL em Porto Alegre, onde nenhum partido foi capaz de conquistar um lugar no segundo turno da campanha eleitoral, caracteriza <strong>uma conjuntura nacional de recuo da esquerda e ascens\u00e3o da direita<\/strong>. No futuro, quando as pr\u00f3ximas gera\u00e7\u00f5es vierem ao espa\u00e7o p\u00fablico, frente a uma realidade sem direito algum e sob o dom\u00ednio do Capital, nossos filhos se perguntar\u00e3o como perguntou Al Gore na conclus\u00e3o de seu filme Uma verdade inconveniente \u201c- Em que pensavam nossos pais? Porque n\u00e3o acordaram enquanto ainda podiam faz\u00ea-lo?\u201d A quest\u00e3o, colocada pelo fil\u00f3sofo Jean-Pierre Dupuy serve de mensagem endere\u00e7ada a toda esquerda.<br \/>\nO autor, na obra coletiva \u201cO futuro n\u00e3o \u00e9 mais o que era\u201d organizada por Adauto Novaes (Editora Senac, 2013), tamb\u00e9m traz outro exemplo que permite entender o lugar da esquerda no segundo turno, ao lembrar a atitude dos respons\u00e1veis pelo Greenpeace em dezembro de 2009, na c\u00fapula de Copenhague, onde se manifestaram pelo mundo em que viviam. L\u00e1, os manifestantes ergueram seus cartazes para dizer aos capitalistas \u00a0um constrangido \u201cDesculpe-nos. Era poss\u00edvel evitar a cat\u00e1strofe clim\u00e1tica. Mas n\u00f3s nada fizemos\u201d. Da mesma forma, a esquerda que v\u00ea at\u00f4nica representantes da centro-direita e extrema direita assumirem (estou aqui considerando mais os candidatos do que seus partidos) a disputa do segundo turno em Porto Alegre e \u00a0 j\u00e1 sinaliza \u00a0votar nulo para decidir o Prefeito da capital, e paradoxalmente, esquece a injun\u00e7\u00e3o defendida pelos militantes do Greenpeace em seguida no mesmo cartaz: \u201cAja agora e mude o futuro\u201d.<br \/>\n<span class=\"intertit\">Sorte moral<\/span><br \/>\nH\u00e1 um enorme paradoxo no sentido que assume este texto, que \u00e9 de justificar para a esquerda de Porto Alegre porque mudaria o futuro da cidade se votar sim em um dos candidatos que n\u00e3o lhe passa pela boca do est\u00f4mago. Para a esquerda, o futuro da capital j\u00e1 est\u00e1 definido, ele est\u00e1 na disputa de dois projetos de direita, e portanto, de atraso para a cidade, seja de Nelson Marchezan J\u00fanior (PSDB) ou Sebasti\u00e3o Melo (PMDB), e portanto, <strong>\u00e9 um futuro que j\u00e1 n\u00e3o \u00e9 poss\u00edvel mudar<\/strong>,\u00a0mesmo que ainda n\u00e3o se tornou presente.<br \/>\nPara Dupuy, ao contr\u00e1rio, o futuro nos contempla e nos julga agora, e por isso <strong>devemos tentar afetar seja l\u00e1 o que o futuro seja, mesmo nos piores progn\u00f3sticos<\/strong>. O autor de \u201cO Tempo das Cat\u00e1strofes\u201d diz que o conceito de <strong>sorte moral<\/strong> \u00e9 o \u00fanico apoio que temos para apoiar nossa decis\u00e3o, quer dizer, \u00a0se temos uma a\u00e7\u00e3o a fazer marcada pela incerteza \u2013 \u00e9 melhor votar no candidato da continuidade ou em quem representa os interesses do grande capital? \u2013 ent\u00e3o precisamos apostar nos acontecimentos futuros que n\u00e3o podem ser previstos no momento de agir. Isso significa para a esquerda, abandonar a \u00e9tica racional que julga sua decis\u00e3o de voto por sua ideologia nas elei\u00e7\u00f5es do segundo turno em Porto Alegre.<br \/>\n<span class=\"intertit\">Redu\u00e7\u00e3o de danos<\/span><br \/>\nDefendo que frente a uma disputa entre Marchezan e Melo,<strong> a esquerda n\u00e3o deve deixar-se guiar pela emo\u00e7\u00e3o<\/strong> mas reconhecer que estamos diante de um mundo de apostas onde \u201co futuro \u00e9 incerto e arriscado\u201d (Dupuy, p. 193). Escrevi sobre as raz\u00f5es que considero o projeto de Marchezan ruim para a Prefeitura no Jornal O Estado de Direito e pe\u00e7o que o leitor retorne a eles (<a href=\"http:\/\/bit.ly\/2d6pfB3\">http:\/\/bit.ly\/2d6pfB3<\/a> e <a href=\"http:\/\/bit.ly\/2cued2U\">http:\/\/bit.ly\/2cued2U<\/a>) \u00a0pois \u00e9 com base nesta an\u00e1lise que <strong>estou aqui defendendo que a esquerda vote em Sebasti\u00e3o Melo como forma de \u201credu\u00e7\u00e3o de danos\u201d ao servi\u00e7o p\u00fablico da capital<\/strong>.<br \/>\n<figure id=\"attachment_40096\" aria-describedby=\"caption-attachment-40096\" style=\"width: 300px\" class=\"wp-caption alignnone\"><img decoding=\"async\" class=\"size-medium wp-image-40096\" src=\"http:\/\/www.jornalja.com.br\/wp-content\/uploads\/2016\/10\/Marquezan-Jr-pedro-fran\u00e7a-ag\u00eancia-senado-e1473793982228-300x199.jpg\" alt=\"Lan\u00e7amento da Frente Parlamentar Mista em Defesa da Propriedade Intelectual e do Combate \u00e0 Pirataria.  A Frente levar\u00e1 para dentro do Congresso Nacional uma agenda contundente de promo\u00e7\u00e3o da inova\u00e7\u00e3o, da prote\u00e7\u00e3o da propriedade intelectual e do combate \u00e0 pirataria. Em pronunciamento, Idealizador da Frente, o deputado Federal Nelson Marchezan J\u00fanior (PSDB-RS). Foto: Pedro Fran\u00e7a\/Ag\u00eancia Senado\" width=\"300\" height=\"199\" \/><figcaption id=\"caption-attachment-40096\" class=\"wp-caption-text\">Nelson Marchezan J\u00fanior (PSDB-RS).<br \/>Foto: Pedro Fran\u00e7a\/Ag\u00eancia Senado<\/figcaption><\/figure><br \/>\nExplico-me. Todo o problema para mim reside no fato de que a esquerda dever\u00e1 \u00a0julgar se \u00e9 certo abandonar suas cren\u00e7as e votar no \u201cmenos pior\u201d dos candidatos, que para mim \u00e9 Sebasti\u00e3o Melo, \u00a0mas s\u00f3 poder\u00e1 avaliar isso retrospectivamente, isto \u00e9, depois que ele por ventura seja eleito. Quer dizer, para mim, a decis\u00e3o dolorosa para a esquerda \u00e9 de defender o voto em Sebasti\u00e3o Melo (PMDB) e n\u00e3o em Nelson Marchezan Jr (PSDB) porque ela s\u00f3 conta com a ideia de sorte moral para apoi\u00e1-la em sua decis\u00e3o diante de um futuro incerto. Infelizmente, diz Dupuy, a sina da <strong>sorte moral<\/strong> \u00e9 a mesma que serviu para Joseph Goebbells, que teria dito:\u201d Nos entraremos na hist\u00f3ria ou como os maiores homens de Estado de todos os tempos ou como os maiores criminosos\u201d. O que significa em termos pr\u00e1ticos sorte moral? Que uma mesma a\u00e7\u00e3o, aqui no caso votar no candidato centro-direita em Porto Alegre, ser\u00e1 julgada moralmente boa se Melo ceder e atender pautas da esquerda e ser\u00e1 julgada moralmente errada se Melo pactuar com a esquerda e a trair.<br \/>\nPorque a esquerda teme apoiar Melo? \u00c9 como na f\u00e1bula do fil\u00f3sofo alem\u00e3o Gunther Anders (1902-1992), citada por Dupuy, onde \u00e9 contada a hist\u00f3ria do epis\u00f3dio b\u00edblico do dil\u00favio \u201cquando o dil\u00favio tiver levado tudo o que \u00e9, tudo o que ter\u00e1 sido, ser\u00e1 tarde demais para lembrar porque n\u00e3o existir\u00e1 mais ningu\u00e9m\u201d. N\u00e3o \u00e9 exatamente esta a situa\u00e7\u00e3o da esquerda, <strong>vivendo com o dil\u00favio de direita de norte a sul do pa\u00eds, a sensa\u00e7\u00e3o de que, quando isto tudo terminar, nada mais existir\u00e1 do que um dia j\u00e1 foi seu?<\/strong> Para Dupuy, o problema dos profetas da cat\u00e1strofe petista est\u00e1 no fato de que suas criticas n\u00e3o penetram no sistema de cren\u00e7as da esquerda \u2013 ok, a esquerda perdeu o primeiro turno, deve afastar-se (leia-se voto nulo) porque n\u00e3o h\u00e1 mais nada a fazer, este mundo n\u00e3o lhe pertence mais \u00a0\u2013 \u00a0mas \u00e9 justamente o \u201cporque n\u00e3o existir\u00e1 mais ningu\u00e9m\u201d que exige que a esquerda fa\u00e7a alguma coisa para n\u00e3o \u201cchorar os mortos de amanh\u00e3\u201d (Dupuy, apud Anders, p. 196), ou seja, suas v\u00edtimas. Ou como noutro exemplo de Dupuy, reiterado pelo fil\u00f3sofo esloveno Slavoj Zizek, assim como h\u00e1 mais de um quarto de s\u00e9culo sabemos as consequ\u00eancias clim\u00e1ticas do aquecimento mas pouco fazemos para mudar nosso meio ambiente, da mesma forma <strong>sabemos como se comporta o desejo neoliberal mas teimamos em reconduzir a direita neoliberal ao poder<\/strong>.<br \/>\n<span class=\"intertit\">Encruzilhada da estrat\u00e9gia pol\u00edtica<\/span><br \/>\n<img decoding=\"async\" class=\"alignnone size-medium wp-image-40097\" src=\"http:\/\/www.jornalja.com.br\/wp-content\/uploads\/2016\/10\/porto-alegre-prefeitura-Rhcastilhos-Wikipedia-e1475605300408-300x225.jpg\" alt=\"porto-alegre-prefeitura-rhcastilhos-wikipedia-e1475605300408\" width=\"300\" height=\"225\" \/><br \/>\nPrefeitura de Porto Alegre<br \/>\nFoto: Rhcastilhos\/Wikipedia<br \/>\nO ponto que resta, portanto, \u00e9 que <strong>em politica, a negocia\u00e7\u00e3o \u00e9 uma moeda forte para a conquista do poder<\/strong>. Primo Levi afirmava que \u201cas coisas cuja exist\u00eancia parece moralmente imposs\u00edvel n\u00e3o podem existir\u201d, e isso tem um profundo significado para a esquerda da capital , ela precisa reagir a <strong>cegueira da evid\u00eancia de que nada mais h\u00e1 o que fazer<\/strong>:\u00a0\u00a0mesmos governos de direita podem ser legitimados pelo voto, o que significa que, ao contr\u00e1rio do que diz Levi, \u00a0que o que parece moralmente imposs\u00edvel de acontecer,\u00a0as vezes\u00a0acontece. Quer dizer, <strong>a\u00a0esquerda est\u00e1 numa encruzilhada da estrat\u00e9gia pol\u00edtica<\/strong>. Ela precisa discutir como conquistar\u00e1 nas pr\u00f3ximas elei\u00e7\u00f5es o poder baseada na \u00fanica alternativa poss\u00edvel, a\u00a0<strong>frente ampla<\/strong>, j\u00e1 que as iniciativas isoladas mostram elei\u00e7\u00e3o ap\u00f3s elei\u00e7\u00e3o que a esquerda fragmentada n\u00e3o tem for\u00e7as para disputar sozinha o poder. O quadro foi resumido por Luis Felipe Miguel, autor de Desigualdades e Democracia (Unesp, 2016, leiam!): para ele est\u00e1 mais do que claro que precisamos de uma \u201cfrente ampla de esquerda para unificar a resist\u00eancia no Brasil\u201d. Ela s\u00f3 ocorrer\u00e1 quando a extrema esquerda reconhecer que precisa do PT para comp\u00f4-la e que n\u00e3o pode partir sozinha como fez Luciana Genro (PSOL).<br \/>\n<span class=\"intertit\">Reconhecer os erros<\/span><br \/>\nO PT precisa tamb\u00e9m reconhecer seus erros, \u00a0que \u201cconciliou demais da conta, chafurdou na lama, incorreu em pr\u00e1ticas lastim\u00e1veis, foi oportunista, aliou-se a alguns dos nomes mais sujos da pol\u00edtica brasileira e, pior ainda, permitiu que alguns deles se tornassem petistas \u201c, e a aus\u00eancia desse mea-culpa foi o que que produziu o distanciamento do PT das demais correntes da esquerda, \u00a0opini\u00e3o de Miguel com a qual concordo. Ela ocorreu \u00a0porque ainda h\u00e1 \u201cum rastro de ressentimentos mais do que justific\u00e1veis\u201d, mas o fato \u00e9 que<strong> o partido ainda tem um importante peso nos movimentos sociais<\/strong>. Miguel tamb\u00e9m v\u00ea com criticas as \u201caspira\u00e7\u00f5es do PSOL de ser o PT do futuro\u201d, o que implica <strong>em competi\u00e7\u00e3o entre as esquerdas, que, no nosso entendimento, foi a grande raz\u00e3o da derrota da esquerda em Porto Alegre<\/strong>. Finalmente, Miguel considera que deve haver aproxima\u00e7\u00e3o dos dois lados, tanto do PT como do PSOL, que v\u00e3o ter de \u201caprender a conversar de igual para igual com as outras for\u00e7as\u201d , diz. Isso a longo prazo.<br \/>\nNo curto prazo, a esquerda tem uma elei\u00e7\u00e3o municipal da capital para definir sua posi\u00e7\u00e3o: se optar pelo voto nulo, para mim, que sou servidor p\u00fablico, estar\u00e1 elegendo o candidato de extrema direita, Nelson Marchezan Jr e tudo o que ele significa para este campo, como arrocho salarial dos servidores, persegui\u00e7\u00f5es (como fez com a Cristalvox), \u00a0parcelamento de sal\u00e1rios e terceiriza\u00e7\u00e3o, etc. <strong>A esquerda precisa saber que ainda tem responsabilidade pelos pr\u00f3ximos quatro anos<\/strong>, que n\u00e3o tem o direito de lavar as m\u00e3os, pois deve solidariedade aos cidad\u00e3os na pr\u00f3xima legislatura, as \u201cgera\u00e7\u00f5es futuras\u201d, de que fala Dupuy e, se n\u00e3o os considera, <strong>deve solidariedade ao menos os servidores p\u00fablicos municipais<\/strong>, que mant\u00e9m a cidade.\u00a0Se os servidores estiverem mal, a cidade estar\u00e1 mal. Todo o servidor \u00e9 um cumpridor do seu dever, mas o servidor \u00e9 um ser humano e \u00a0fica mais dif\u00edcil trabalhar com sal\u00e1rios parcelados, retirada de direitos, aus\u00eancia de reajuste salarial, engessamento de progress\u00f5es, retirada do dif\u00edcil acesso e outros direitos garantidos em lei.<br \/>\n<span class=\"intertit\">Lutar por uma administra\u00e7\u00e3o menos pior<\/span><br \/>\nIsso reflete, queiramos ou n\u00e3o, na qualidade dos servi\u00e7os p\u00fablicos na sa\u00fade p\u00fablica e nas escolas. \u00c9 s\u00f3 olhar a condi\u00e7\u00e3o dos trabalhadores do Estado. N\u00e3o se trata de corporativismo do servidor, se trata de defender princ\u00edpios de justi\u00e7a numa sociedade democr\u00e1tica e junto aos trabalhadores do munic\u00edpio: a esquerda, ao recusar lutar por uma administra\u00e7\u00e3o \u201cmenos pior\u201d acredita que n\u00e3o h\u00e1 reciprocidade entre os eleitores atuais e das pr\u00f3ximas elei\u00e7\u00f5es, e por isso, pode abandon\u00e1-los a sua pr\u00f3pria sorte na expectativa de que aprendam a li\u00e7\u00e3o do que acontece quando elegem um prefeito de extrema direita. Mas esquece que <strong>\u00e9 a m\u00e1quina p\u00fablica est\u00e1 em perigo se Marchezan for eleito!\u00a0\u00c9 esta gera\u00e7\u00e3o de eleitores que est\u00e1 sendo abandonada pela esquerda<\/strong>: por isso a esquerda precisa voltar ao cen\u00e1rio pol\u00edtico neste segundo turno, precisa <strong>negociar,<\/strong> precisa fazer valer algo do projeto de esquerda <strong>mesmo entre os inimigos declarados<\/strong>.<br \/>\n\u00c9\u00a0poss\u00edvel, ainda que improv\u00e1vel, que Melo tenha uma personalidade n\u00e3o submissa ao PMDB; \u00e9 dif\u00edcil, mas n\u00e3o imposs\u00edvel, que Melo cumpra acordos com a esquerda e incorpore parcela de uma agenda acordada em sua gest\u00e3o. Melo deu provas de que \u00e9 um administrador: os servidores da C\u00e2mara Municipal , onde foi presidente, elogiam sua administra\u00e7\u00e3o devido os avan\u00e7os que implementou e as reformas que fez. Na C\u00e2mara, de fato, era um presidente de di\u00e1logo e sua posi\u00e7\u00e3o de vice-prefeito n\u00e3o permitiu essa face emergir na rela\u00e7\u00e3o com os servidores. Isso refor\u00e7a a ideia de que o ideal de marketing adotado por sua campanha, de que era verdade qie havia ali um trabalhador. A esquerda acredita que Melo e Marchezan s\u00e3o iguais: eles n\u00e3o s\u00e3o,<strong> simplesmente porque suas personalidades s\u00e3o diferentes<\/strong>. Resgatar um aut\u00eantico PMDB nas veias de Melo \u00e9 como encontrar o lado bom de Darth Vader \u2013 mas como no filme, no fundo, no fundo, ele estava l\u00e1. <strong>Melo \u00e9 o Darth Vader da esquerda<\/strong>.<br \/>\n<img decoding=\"async\" class=\"alignnone size-medium wp-image-40098\" src=\"http:\/\/www.jornalja.com.br\/wp-content\/uploads\/2016\/10\/Mello-Foto-Esteban-Duarte-CMPA-e1475604763498-269x300.png\" alt=\"mello-foto-esteban-duarte-cmpa-e1475604763498\" width=\"269\" height=\"300\" \/><br \/>\nFoto: Esteban Duarte\/CMPA<br \/>\n<strong>Nossa quest\u00e3o \u00e9 que a esquerda deve evitar uma cat\u00e1strofe maior.<\/strong> Isso quer dizer que a esquerda deve deixar de acreditar que sua luta contra o neoliberalismo e portanto a luta contra os candidatos que encarnam o ideal de mercado n\u00e3o se faz mais neste momento, mas nas pr\u00f3ximas elei\u00e7\u00f5es? \u00c9 claro que n\u00e3o! Por exemplo, a esquerda pode incluir em sua agenda, na eventual possibilidade de um apoio, que defendo, al\u00e9m da defesa dos direitos sociais, o projeto de contrata\u00e7\u00e3o de guardas e outras medidas defendidas ou por Raul ou por Luciana. Pode incluir tamb\u00e9m a defesa da extin\u00e7\u00e3o da INVEST POA, funda\u00e7\u00e3o criada no governo Fortunati <strong>com o objetivo de investir no mercado de a\u00e7\u00f5es<\/strong>, usando para isso o patrim\u00f4nio da Prefeitura \u2013 esta n\u00e3o foi uma das a\u00e7\u00f5es mais neoliberais de seu governo? Se Melo concordar em interromper suas atividades por 4 anos, j\u00e1 ter\u00e1 sido uma vit\u00f3ria!<br \/>\nN\u00e3o h\u00e1 reivindica\u00e7\u00f5es com mais peso que as outras, mas h\u00e1 a possibilidade de constru\u00e7\u00e3o de\u00a0<strong>uma agenda comum compartilhada com setores da esquerda<\/strong>, produto de negocia\u00e7\u00e3o para condu\u00e7\u00e3o de Melo ao segundo turno. Redu\u00e7\u00e3o de danos. Para a esquerda, os interesses pol\u00edticos de centro-direita e esquerda s\u00e3o iguais, para mim n\u00e3o porque considera o fato de que <strong>as personalidades das lideran\u00e7as importam<\/strong> e por esta raz\u00e3o,\u00a0ainda que integrantes de partidos de posi\u00e7\u00f5es semelhantes, podem ser diferentes as gest\u00f5es. \u00a0Ao menos,<strong> a esquerda tem a obriga\u00e7\u00e3o de continuar na mesa do contrato social<\/strong>, \u00a0a esquerda precisa ter consci\u00eancia de que o voto do povo na extrema-direita (Marchezan) traz como destino, para mim, a destrui\u00e7\u00e3o do servi\u00e7o p\u00fablico municipal como conhecemos, e portanto, imp\u00f5e-se de forma absoluta lutar contra as consequ\u00eancias. <strong>Ainda n\u00e3o terminou o tempo de negociar nestas elei\u00e7\u00f5es<\/strong>, e em Porto Alegre, isso significa abandonar a postura passional que impulsiona a esquerda a votar nulo e retornar a mesa de negocia\u00e7\u00f5es: <strong>Melo precisa de votos por esta raz\u00e3o precisa ceder em uma negocia\u00e7\u00e3o com a esquerda. E ele ceder\u00e1.<\/strong><br \/>\n<span class=\"intertit\">Obriga\u00e7\u00e3o de prestar contas<\/span><br \/>\n<strong>A esquerda perdeu a chance de participar do segundo turno e tem obriga\u00e7\u00f5es de prestar contas.<\/strong> Perdeu por seus erros, perdeu pelas decis\u00f5es estrat\u00e9gicas que tomou. N\u00e3o \u00e9 poss\u00edvel colocar tudo no m\u00e9rito da direita, ou do apoio da RBS, ou qualquer outro ve\u00edculo. A esquerda colaborou para seu fracasso e tem de prestar contas do que far\u00e1 de agora em diante. Toda a par\u00e1bola retrabalhada por Anders sobre No\u00e9 e citada por Dupuy quer real\u00e7ar<strong> o luto das mortes que ainda n\u00e3o se produziram<\/strong>, imagem simb\u00f3lica que serve para falar da pol\u00edtica local para as perdas que se seguir\u00e3o. Ela sugere que ainda \u00e9 poss\u00edvel a invers\u00e3o do tempo na pol\u00edtica, de que \u00e9 poss\u00edvel \u00a0coloc\u00e1-la no ciclo onde, mesmo com as previs\u00f5es que se produzem do futuro, da desgra\u00e7a anunciada, que elas possam n\u00e3o se realizar, mas para isso, n\u00e3o pode \u201cabandonar o barco\u201d. Como no caso de No\u00e9, onde o an\u00fancio da cat\u00e1strofe serviu para que in\u00fameros trabalhadores viessem ajud\u00e1-lo a construir a barca, o mesmo vale para a esquerda, onde seu seu objetivo \u00e9 \u201cprecisamente motivar uma tomada de consci\u00eancia e agir para que a cat\u00e1strofe n\u00e3o se produza\u201d.<br \/>\nPor isso, quando dizemos que a esquerda \u00e9 capaz de prever a cat\u00e1strofe que se avizinha com a elei\u00e7\u00e3o da direita para Porto Alegre, que <strong>a cat\u00e1strofe \u00e9 maior com a elei\u00e7\u00e3o de Nelson Marchezan Jr<\/strong> do que com Sebasti\u00e3o Melo,\u00a0\u00e9 uma pre-vis\u00e3o, no sentido apontado Dupuy: \u201d ele n\u00e3o pretende dizer o que ser\u00e1 o futuro, mas simplesmente dizer o que teria sido o futuro se n\u00e3o se tomasse cuidado\u201d(Dupuy, p. 201). Aqui, isso significa que o futuro imaginado com a vit\u00f3ria de Sebasti\u00e3o Melo \u00e9 um futuro ruim poss\u00edvel, mas pode ser mais familiar, ao menos para os servidores p\u00fablicos municipais, \u00a0do que o futuro prometido por Nelson Marchezan Jr. Se a a\u00e7\u00e3o da esquerda for eficaz, <strong>o pior futuro n\u00e3o se realizar\u00e1<\/strong> e isto ser\u00e1 um alento: ser\u00e1 menor o n\u00famero de empresas p\u00fablicas vendidas, ser\u00e1 menor o n\u00famero de direitos dos servidores p\u00fablicos retirados, etc, etc, o que est\u00e1 no horizonte ideol\u00f3gico ou simplesmente nos\u2026.sonhos do candidato Marchezan.<br \/>\n<span class=\"intertit\">Jogar com o fogo<\/span><br \/>\n<strong>A salva\u00e7\u00e3o da esquerda est\u00e1 em usar a ast\u00facia da vis\u00e3o do destino catastr\u00f3fico da cidade com a extrema direita.<\/strong>\u00a0Afastar o pior caminho, retardar seu inicio, desejando escapar por um triz do pior projeto poss\u00edvel, eis a miss\u00e3o da esquerda no segundo turno das elei\u00e7\u00f5es municipais em Porto Alegre. Ser\u00e1 s\u00e1bia a esquerda que evitar a emo\u00e7\u00e3o do momento e <strong>jogar com o fogo<\/strong>: \u201cn\u00e3o nos aproximamos demais dele porque corremos o perigo de nos queimar: tamb\u00e9m n\u00e3o nos afastamos demais porque ele nos protege, lembrando-nos sem cessar o perigo ao qual ele nos exp\u00f5e. Em outros termos, como dizia o poeta H\u00f6lderlin, <strong>o que pode nos salvar \u00e9 o mesmo que nos amea\u00e7a<\/strong>: l\u00e1 onde cresce o perigo cresce tamb\u00e9m o que salva\u201d(Dupuy, p. 207).<\/p>\n","protected":false},"excerpt":{"rendered":"<p>Jorge Barcellos &#8211; Historiador, Mestre e Doutor em Educa\u00e7\u00e3o pela UFRGS. Publicado originalmente na coluna Democracia e Pol\u00edtica do site Estado de Direito. Conjuntura nacional A derrota do PT e do PSOL em Porto Alegre, onde nenhum partido foi capaz de conquistar um lugar no segundo turno da campanha eleitoral, caracteriza uma conjuntura nacional de [&hellip;]<\/p>\n","protected":false},"author":21,"featured_media":40095,"comment_status":"open","ping_status":"closed","sticky":false,"template":"","format":"standard","meta":{"_jetpack_memberships_contains_paid_content":false,"footnotes":""},"categories":[82],"tags":[],"class_list":["post-40094","post","type-post","status-publish","format-standard","has-post-thumbnail","hentry","category-debates"],"aioseo_notices":[],"jetpack_featured_media_url":"","jetpack_sharing_enabled":true,"_links":{"self":[{"href":"https:\/\/www.jornalja.com.br\/especiais\/wp-json\/wp\/v2\/posts\/40094","targetHints":{"allow":["GET"]}}],"collection":[{"href":"https:\/\/www.jornalja.com.br\/especiais\/wp-json\/wp\/v2\/posts"}],"about":[{"href":"https:\/\/www.jornalja.com.br\/especiais\/wp-json\/wp\/v2\/types\/post"}],"author":[{"embeddable":true,"href":"https:\/\/www.jornalja.com.br\/especiais\/wp-json\/wp\/v2\/users\/21"}],"replies":[{"embeddable":true,"href":"https:\/\/www.jornalja.com.br\/especiais\/wp-json\/wp\/v2\/comments?post=40094"}],"version-history":[{"count":0,"href":"https:\/\/www.jornalja.com.br\/especiais\/wp-json\/wp\/v2\/posts\/40094\/revisions"}],"wp:featuredmedia":[{"embeddable":true,"href":"https:\/\/www.jornalja.com.br\/especiais\/wp-json\/"}],"wp:attachment":[{"href":"https:\/\/www.jornalja.com.br\/especiais\/wp-json\/wp\/v2\/media?parent=40094"}],"wp:term":[{"taxonomy":"category","embeddable":true,"href":"https:\/\/www.jornalja.com.br\/especiais\/wp-json\/wp\/v2\/categories?post=40094"},{"taxonomy":"post_tag","embeddable":true,"href":"https:\/\/www.jornalja.com.br\/especiais\/wp-json\/wp\/v2\/tags?post=40094"}],"curies":[{"name":"wp","href":"https:\/\/api.w.org\/{rel}","templated":true}]}}