{"id":40370,"date":"2016-10-12T17:52:47","date_gmt":"2016-10-12T20:52:47","guid":{"rendered":"http:\/\/www.jornalja.com.br\/?p=40370"},"modified":"2016-10-12T17:52:47","modified_gmt":"2016-10-12T20:52:47","slug":"as-maos-sujas","status":"publish","type":"post","link":"https:\/\/www.jornalja.com.br\/especiais\/as-maos-sujas\/","title":{"rendered":"As m\u00e3os sujas"},"content":{"rendered":"<p><span class=\"assina\" style=\"color: #1d2129;font-family: helvetica,sans-serif\">Paulo Timm<\/span><br \/>\n<span class=\"descreve\" style=\"color: #1d2129;font-family: helvetica,sans-serif\"> Economista<\/span><br \/>\nOutro dia li uma advert\u00eancia de um analista dizendo que a esquerda brasileira devia ler mais Becket. : &#8220;Fracasse outra vez. Fracasse melhor!&#8221;<br \/>\nPrefiro recomendar Sartre, meio esquecido das gera\u00e7\u00f5es mais jovens mas que teve um papel fundamental na minha. Preconizava ele que n\u00e3o \u00e9ramos apenas livres, mas seres condenados \u00e0 liberdade, mas n\u00e3o uma liberdade vazia, uma liberdade irm\u00e3 g\u00eamea da responsabilidade. Esta ideia est\u00e1 muito bem ilustrada em sua pe\u00e7a AS M\u00c3OS SUJAS, da qual\u00a0retiro a cita\u00e7\u00e3o abaixo. Mas aproveito para ilustrar o caso com a lembran\u00e7a de um filme da Alemanha Oriental, cujo nome j\u00e1 n\u00e3o me lembro, que vi h\u00e1 muitas d\u00e9cadas. O filme retrata um campo de concentra\u00e7\u00e3o, reduto \u00faltimo da barb\u00e1rie humana. Nele, h\u00e1 a necessidade de haver algu\u00e9m que organize o desespero e negocie com os nazis quest\u00f5es tanto cotidianas, como vitais, inclusive os escolhidos para o chuveiro da morte. Quem era este personagem? Um velho comunista. Ele, al\u00e9m de um homem livre e consciente, sabia que lhe cabia a dura responsabilidade do of\u00edcio que o destino lhe reservara. Sartre nos ajudou, com Malraux, mais do que os Manuais da URSS de Marxismo Leninimso, o que signficava SER COMUNISTA.<br \/>\n&#8212;&#8212;&#8212;&#8211;&#8230;<br \/>\n<strong>M\u00e3os sujas<\/strong><br \/>\n<a href=\"http:\/\/mitosemetaforas.blogspot.com.br\/20\u2026\/\u2026\/maos-sujas.html\">http:\/\/mitosemetaforas. blogspot.com.br\/20\u2026\/\u2026\/maos- sujas.html\u00a0<\/a><br \/>\n&#8220;Na pe\u00e7a de teatro \u201cAs m\u00e3os sujas\u201d, Jean-Paul Sartre apresenta o choque entre as vis\u00f5es pol\u00edticas pragm\u00e1tica e idealista. Hugo, jovem idealista, recebe ordem de seu partido para matar Hoederer, l\u00edder da mesma fac\u00e7\u00e3o, considerado traidor dos ideais revolucion\u00e1rios, por ter feito conchavos com os advers\u00e1rios. Para cumprir sua miss\u00e3o, ele vai trabalhar como secret\u00e1rio de Hoederer. Por\u00e9m, aproximando-se deste, passa a admir\u00e1-lo, embora discorde de sua estrat\u00e9gia pol\u00edtica. A pol\u00edtica, segundo Hugo, \u00e9 uma ci\u00eancia capaz de demonstrar que uma pessoa tem raz\u00e3o e que as outras se enganam. Para ele \u00e9 inaceit\u00e1vel que um partido revolucion\u00e1rio chegue ao poder \u00e0 custa de trafic\u00e2ncias, e que Hoederer se utilize do partido para fazer uma pol\u00edtica colaboracionista, afrontando o programa partid\u00e1rio de implanta\u00e7\u00e3o do socialismo por meio da luta de classes. O jovem, que n\u00e3o esconde sua opini\u00e3o diante do chefe, ouve deste o seguinte&#8221;:<\/p>\n<div class=\"blocotexto\"><em>HOEDERER: (&#8230;) Como tu prezas a tua pureza, meu filho! Que medo que tens de sujar as m\u00e3os! Pois bem, fica puro! Quem \u00e9 que aproveitar\u00e1 com isso, e porque \u00e9 que vem ent\u00e3o meter-te conosco? A pureza \u00e9 uma ideia de faquir e de monge. Voc\u00eas, os intelectuais, os anarquistas, utilizam-na como um pretexto para n\u00e3o fazer nada. N\u00e3o fazer nada, ficar im\u00f3vel, apertar os cotovelos ao corpo, usar luvas. Pois eu tenho as m\u00e3os sujas. At\u00e9 aos cotovelos. Mergulhei-as na merda e no sangue. E depois? Imaginas que se pode governar inocentemente?<\/em><\/div>\n<p><img decoding=\"async\" class=\"alignnone size-full wp-image-40371\" src=\"http:\/\/www.jornalja.com.br\/wp-content\/uploads\/2016\/10\/AS-M\u00c3OS-SUJAS_JP.Sartre.jpg\" alt=\"as-maos-sujas_jp-sartre\" width=\"101\" height=\"160\" \/><\/p>\n","protected":false},"excerpt":{"rendered":"<p>Paulo Timm Economista Outro dia li uma advert\u00eancia de um analista dizendo que a esquerda brasileira devia ler mais Becket. : &#8220;Fracasse outra vez. Fracasse melhor!&#8221; Prefiro recomendar Sartre, meio esquecido das gera\u00e7\u00f5es mais jovens mas que teve um papel fundamental na minha. Preconizava ele que n\u00e3o \u00e9ramos apenas livres, mas seres condenados \u00e0 liberdade, [&hellip;]<\/p>\n","protected":false},"author":21,"featured_media":40373,"comment_status":"open","ping_status":"closed","sticky":false,"template":"","format":"standard","meta":{"_jetpack_memberships_contains_paid_content":false,"footnotes":""},"categories":[82],"tags":[],"class_list":["post-40370","post","type-post","status-publish","format-standard","has-post-thumbnail","hentry","category-debates"],"aioseo_notices":[],"jetpack_featured_media_url":"","jetpack_sharing_enabled":true,"_links":{"self":[{"href":"https:\/\/www.jornalja.com.br\/especiais\/wp-json\/wp\/v2\/posts\/40370","targetHints":{"allow":["GET"]}}],"collection":[{"href":"https:\/\/www.jornalja.com.br\/especiais\/wp-json\/wp\/v2\/posts"}],"about":[{"href":"https:\/\/www.jornalja.com.br\/especiais\/wp-json\/wp\/v2\/types\/post"}],"author":[{"embeddable":true,"href":"https:\/\/www.jornalja.com.br\/especiais\/wp-json\/wp\/v2\/users\/21"}],"replies":[{"embeddable":true,"href":"https:\/\/www.jornalja.com.br\/especiais\/wp-json\/wp\/v2\/comments?post=40370"}],"version-history":[{"count":0,"href":"https:\/\/www.jornalja.com.br\/especiais\/wp-json\/wp\/v2\/posts\/40370\/revisions"}],"wp:featuredmedia":[{"embeddable":true,"href":"https:\/\/www.jornalja.com.br\/especiais\/wp-json\/"}],"wp:attachment":[{"href":"https:\/\/www.jornalja.com.br\/especiais\/wp-json\/wp\/v2\/media?parent=40370"}],"wp:term":[{"taxonomy":"category","embeddable":true,"href":"https:\/\/www.jornalja.com.br\/especiais\/wp-json\/wp\/v2\/categories?post=40370"},{"taxonomy":"post_tag","embeddable":true,"href":"https:\/\/www.jornalja.com.br\/especiais\/wp-json\/wp\/v2\/tags?post=40370"}],"curies":[{"name":"wp","href":"https:\/\/api.w.org\/{rel}","templated":true}]}}