{"id":40696,"date":"2016-10-21T20:17:55","date_gmt":"2016-10-21T23:17:55","guid":{"rendered":"http:\/\/www.jornalja.com.br\/?p=40696"},"modified":"2016-10-21T20:17:55","modified_gmt":"2016-10-21T23:17:55","slug":"a-volta-do-capitao-ahab-e-a-caca-aos-paises-baleia-ou-a-iii-guerra-fria-chega-ao-brasil-no-golpe","status":"publish","type":"post","link":"https:\/\/www.jornalja.com.br\/especiais\/a-volta-do-capitao-ahab-e-a-caca-aos-paises-baleia-ou-a-iii-guerra-fria-chega-ao-brasil-no-golpe\/","title":{"rendered":"A volta do capit\u00e3o Ahab e a ca\u00e7a aos pa\u00edses-baleia ou A III Guerra Fria chega ao Brasil no golpe"},"content":{"rendered":"<p>&nbsp;<br \/>\nWalter Morales Arag\u00e3o &#8211; Professor de Filosofia<br \/>\nH\u00e1 uma teoria na Hist\u00f3ria Contempor\u00e2nea a qual afirma que as bombas at\u00f4micas lan\u00e7adas sobre o Jap\u00e3o serviriam mais para conter o avan\u00e7o sovi\u00e9tico sobre as ilhas do que para derrotar o combalido imp\u00e9rio nip\u00f4nico de ent\u00e3o (Vizentini, P. Da guerra fria \u00e0 crise. Ed. da\u00a0 UFRGS). Assim, impediram a divis\u00e3o em um Jap\u00e3o do sul e um do norte, de modo que o Pac\u00edfico tornou-se um lago do imp\u00e9rio estadunidense. Logo, foram mais o primeiro tiro da I Guerra Fria do que o \u00faltimo da II Guerra Mundial. Processos similares verificaram-se posteriormente e, hipoteticamente, agora em 2016.<br \/>\nNos anos 80 e 90 do s\u00e9culo XX, por exemplo, as chamadas D\u00e9cadas Perdidas, viu-se inicialmente um avan\u00e7o das lutas de descoloniza\u00e7\u00e3o, sobretudo na \u00c1frica, e de combate ao neocolonialismo, principalmente na Am\u00e9rica Central. Ambos os processo contavam com respaldo da URSS e de seu bloco de aliados. O neoliberalismo foi, ent\u00e3o, um forte contra-ataque desenvolvido pelos pa\u00edses centrais do sistema capitalista mundial. Da\u00ed a plausibilidade de falar-se numa II Guerra Fria, ap\u00f3s a distens\u00e3o dos anos 60.<br \/>\nCom a auto-dissolu\u00e7\u00e3o da URSS nos anos 90, abriu-se uma perspectiva que apontava para um largo per\u00edodo de dom\u00ednio unipolar dos EUA. Mas j\u00e1 a primeira d\u00e9cada do s\u00e9c. XXI destacou um conjunto de pa\u00edses com grandes territ\u00f3rios, popula\u00e7\u00e3o e recursos naturais que passaram a exercitar um certo &#8220;retorno ao Estado&#8221;, destoante da ades\u00e3o total aos dogmas neoliberais. Eram os denominados &#8220;pa\u00edses-baleia&#8221;: a China, a \u00cdndia, uma R\u00fassia em r\u00e1pida recupera\u00e7\u00e3o, o Brasil e a \u00c1frica do Sul. Os quais passaram a ser referidos pelo acr\u00f4nimo BRICS e estabeleceram um sistema de consultas m\u00fatuas e alguma concerta\u00e7\u00e3o pol\u00edtica e econ\u00f4mica.<br \/>\nA continuidade e o aprofundamento da crise mundial econ\u00f4mica, agravada pela energ\u00e9tica e pela ecol\u00f3gica, aumentaram a disputa por recursos b\u00e1sicos, naturais e agr\u00edcolas, real\u00e7ando a import\u00e2ncia da alternativa de um mundo multi-polar apontada pelos BRICS. Um novo esfor\u00e7o de conten\u00e7\u00e3o militar e disputa por recursos e influ\u00eancia passa a ser desenvolvido pelos EUA e seus aliados do centro do sistema capitalista mundial, principalmente sobre a R\u00fassia no Oriente M\u00e9dio, na Ucr\u00e2nia e no Leste europeu e sobre a China no Mar do Sul da China e na disputa de influ\u00eancia na \u00c1frica. Conjunto de fen\u00f4menos que configuram algo como uma III Guerra Fria.<br \/>\nNesta s\u00edndrome de capit\u00e3o Ahab, ou III Guerra Fria, em que \u00e9 aberta uma ca\u00e7ada aos recursos dos pa\u00edses-baleia, \u00e9 poss\u00edvel observar-se uma sinergia not\u00e1vel com acontecimentos na Am\u00e9rica do Sul, a exemplo dos golpes brancos em Honduras, no Paraguai e no Brasil e a reativa\u00e7\u00e3o da IV Frota estadunidense para opera\u00e7\u00f5es no Atl\u00e2ntico sul. Chossudovski e outros postulam, mais gravemente, a exist\u00eancia de ind\u00edcios dos pre\u00e2mbulos de uma III Guerra Mundial.<br \/>\nA ver, portanto, o final deste romance hist\u00f3rico com consequ\u00eancias pr\u00e1ticas estruturais para a atualidade e o futuro imediato. Algo entre novas Cartagos que precisam ser destru\u00eddas pelo imp\u00e9rio dominante ou para Mobi Dick e o afundamento de Ahab enrolado em suas pr\u00f3prias cordas.<br \/>\n&nbsp;<\/p>\n","protected":false},"excerpt":{"rendered":"<p>&nbsp; Walter Morales Arag\u00e3o &#8211; Professor de Filosofia H\u00e1 uma teoria na Hist\u00f3ria Contempor\u00e2nea a qual afirma que as bombas at\u00f4micas lan\u00e7adas sobre o Jap\u00e3o serviriam mais para conter o avan\u00e7o sovi\u00e9tico sobre as ilhas do que para derrotar o combalido imp\u00e9rio nip\u00f4nico de ent\u00e3o (Vizentini, P. Da guerra fria \u00e0 crise. Ed. da\u00a0 UFRGS). [&hellip;]<\/p>\n","protected":false},"author":21,"featured_media":40704,"comment_status":"open","ping_status":"closed","sticky":false,"template":"","format":"standard","meta":{"_jetpack_memberships_contains_paid_content":false,"footnotes":""},"categories":[82],"tags":[43],"class_list":["post-40696","post","type-post","status-publish","format-standard","has-post-thumbnail","hentry","category-debates","tag-eua"],"aioseo_notices":[],"jetpack_featured_media_url":"","jetpack_sharing_enabled":true,"_links":{"self":[{"href":"https:\/\/www.jornalja.com.br\/especiais\/wp-json\/wp\/v2\/posts\/40696","targetHints":{"allow":["GET"]}}],"collection":[{"href":"https:\/\/www.jornalja.com.br\/especiais\/wp-json\/wp\/v2\/posts"}],"about":[{"href":"https:\/\/www.jornalja.com.br\/especiais\/wp-json\/wp\/v2\/types\/post"}],"author":[{"embeddable":true,"href":"https:\/\/www.jornalja.com.br\/especiais\/wp-json\/wp\/v2\/users\/21"}],"replies":[{"embeddable":true,"href":"https:\/\/www.jornalja.com.br\/especiais\/wp-json\/wp\/v2\/comments?post=40696"}],"version-history":[{"count":0,"href":"https:\/\/www.jornalja.com.br\/especiais\/wp-json\/wp\/v2\/posts\/40696\/revisions"}],"wp:featuredmedia":[{"embeddable":true,"href":"https:\/\/www.jornalja.com.br\/especiais\/wp-json\/"}],"wp:attachment":[{"href":"https:\/\/www.jornalja.com.br\/especiais\/wp-json\/wp\/v2\/media?parent=40696"}],"wp:term":[{"taxonomy":"category","embeddable":true,"href":"https:\/\/www.jornalja.com.br\/especiais\/wp-json\/wp\/v2\/categories?post=40696"},{"taxonomy":"post_tag","embeddable":true,"href":"https:\/\/www.jornalja.com.br\/especiais\/wp-json\/wp\/v2\/tags?post=40696"}],"curies":[{"name":"wp","href":"https:\/\/api.w.org\/{rel}","templated":true}]}}