{"id":41411,"date":"2016-11-17T15:12:42","date_gmt":"2016-11-17T18:12:42","guid":{"rendered":"http:\/\/www.jornalja.com.br\/?p=41411"},"modified":"2016-11-17T15:12:42","modified_gmt":"2016-11-17T18:12:42","slug":"bandido-bom-e-bandido-morto","status":"publish","type":"post","link":"https:\/\/www.jornalja.com.br\/especiais\/bandido-bom-e-bandido-morto\/","title":{"rendered":"Bandido bom \u00e9 bandido morto?"},"content":{"rendered":"<p><span class=\"assina\">Marino Boeira &#8211; Jornalista<\/span><br \/>\nA crise econ\u00f4mica em que vive o Pa\u00eds, ampliada pelos efeitos nocivos que a ca\u00e7a moralista da Lava Jato faz \u00e0s grandes construtoras (em vez de punir os empres\u00e1rios, pune as empresas) e pela nova pol\u00edtica do governo de cortar os grandes investimentos, t\u00eam tido um efeito perverso sobre a sociedade, ao gerar um crescimento acentuado da pobreza.<br \/>\nCom o aumento da pobreza, como consequ\u00eancia direta, cresce a criminalidade e a partir dela, um sentimento geral de inseguran\u00e7a.<br \/>\nEstimulada pelos meios de comunica\u00e7\u00e3o, a solu\u00e7\u00e3o apontada para enfrentar essa inseguran\u00e7a \u00e9 de endurecer a legisla\u00e7\u00e3o penal, aumentar a repress\u00e3o policial e criar mais e mais pres\u00eddios.<br \/>\nNessa espiral de causas e efeitos que se acumulam permanentemente, as pessoas s\u00e3o levadas a acreditar que a sociedade brasileira se divide prioritariamente em v\u00edtimas e bandidos e a partir dessa percep\u00e7\u00e3o, cresce tamb\u00e9m o clamor p\u00fablico por puni\u00e7\u00f5es cada vez maiores para os infratores, at\u00e9 se chegar a reivindica\u00e7\u00e3o b\u00e1sica de se instaurar a pena de morte no Pa\u00eds.<br \/>\nO slogan da campanha \u00e9 aquela velha afirma\u00e7\u00e3o de que \u201cbandido bom \u00e9 bandido morto&#8221;.<br \/>\nPara os defensores dessa tese, a recomenda\u00e7\u00e3o \u00e9 de que antes de aceit\u00e1-la em definitivo, percam alguns minutos lendo a descri\u00e7\u00e3o que Richard Evans faz em seu livro O Terceiro Reich, sobre as novidades que o nazismo introduziu no sistema penal alem\u00e3o a partir de 1934.<br \/>\n<img decoding=\"async\" src=\"https:\/\/ci3.googleusercontent.com\/proxy\/fz036ztayBEWaJjnKsB7XmGUgcpIhhTFjIGt1VWIGRBMhDeksC9nTjY8pjwMO8Z0RbLk_tKWXtlqKFx0ZBzM3NzQ8Yek2KI8a7rxgFCvjvUMMcMb7IWWsmBwRI-nD0ucUVkSgDk1lx6-Y--PiJjAh3PSc5NFk7cuLbNk=s0-d-e1-ft#http:\/\/blogdomarinoboeira.sul21.com.br\/wp-content\/uploads\/2016\/11\/Richard-Evans-6-300x200-300x200.jpg\" alt=\"richard-evans-6-300x200\" \/><\/p>\n<div class=\"h7 \">\n<div class=\"Bk\">\n<div class=\"G3 G2\">\n<div>\n<div id=\":m9\">\n<div>\n<div class=\"adn ads\">\n<div class=\"gs\">\n<div id=\":s2\" class=\"ii gt adP adO\">\n<div id=\":s1\" class=\"a3s aXjCH m1586d98e3bd93f14\">\n<div>\nLogicamente, se recomenda essa leitura para as pessoas de boa f\u00e9 e razoavelmente bem informadas sobre a trag\u00e9dia que foi para a humanidade o surgimento do nazismo.<br \/>\nPara os seguidores do deputado Bolsonaro, que sonham com a implanta\u00e7\u00e3o de um regime fascista no Brasil, a leitura \u00e9 in\u00fatil.<br \/>\nVamos ver aqui algumas dessas \u201cnovidades\u2019 dos nazistas.<br \/>\nO famoso inc\u00eandio do Reichstag (a sede do parlamento alem\u00e3o), que serviu de desculpa, em 1933, para Hitler, rec\u00e9m escolhido Chanceler, eliminar toda oposi\u00e7\u00e3o comunista e social democrata, \u00e9 o primeiro momento em que a justi\u00e7a alem\u00e3 foi transformada para atender os desejos pessoais do Fuhrer.<br \/>\n<img decoding=\"async\" class=\"m_-7606643851525526637size-medium m_-7606643851525526637wp-image-589 m_-7606643851525526637alignright CToWUd a6T\" src=\"https:\/\/ci4.googleusercontent.com\/proxy\/vXVjwxivV9M9em4w5yXSJFjAE2MORM2vKJYyyuE4ooz8BHxAwTwFmX60VQveq7550lNTexxk1s8zSabwoI2nqQGkCdHlVX3mQ7ZzvjnNOUFqVmis_GCwEstkln6cN7OB4rFr9N4aGLMlVtnI=s0-d-e1-ft#http:\/\/blogdomarinoboeira.sul21.com.br\/wp-content\/uploads\/2016\/11\/phpThumb-300x164.jpg\" alt=\"phpthumb\" width=\"300\" height=\"164\" \/><br \/>\nHitler queria que o anarquista holand\u00eas Marinus van der Lubbe fosse declarado culpado pelo inc\u00eandio e executado por isso. Ocorre que, quando isso ocorreu, em 28 de fevereiro de 1933, a legisla\u00e7\u00e3o penal n\u00e3o previa a pena de morte para este tipo de crime.<br \/>\nEle obteve ent\u00e3o do Presidente Hindenburg um decreto, em 29 de mar\u00e7o, aplicando retroativamente a pena de morte para o caso e Lubbe foi executado pouco depois.<br \/>\nEm 1934, os nazistas criaram um Tribunal Popular, \u00e0 margem do Tribunal de Reich, para julgar com rapidez os crimes pol\u00edticos.\u00a0 De 1934 a 1939, quase 4 mil pessoas foram julgadas por este tribunal, todas condenadas \u00e0 morte ou \u00e0 pris\u00e3o, a maioria comunistas.<br \/>\n<img decoding=\"async\" class=\"m_-7606643851525526637alignnone m_-7606643851525526637size-full m_-7606643851525526637wp-image-590 CToWUd a6T\" src=\"https:\/\/ci3.googleusercontent.com\/proxy\/K3VibexghmnwTzYTGUvNZlX5qut9MtOGipQAm2j4sPXONV1l6Sf5Xks0J0Zvi6b_IIJenlvDs0Los8ORg7vhej521obm9TyudYVgKOYvPBeJSyay8niuFcbcg8p-bND7VIqiMmTZHkBv86PesQ7SwZakgUcXEsYK11AfA42pYEpFaIGmYaEDsAOUnf8OkquTuIbYLXEufIoeh_m74EE=s0-d-e1-ft#http:\/\/blogdomarinoboeira.sul21.com.br\/wp-content\/uploads\/2016\/11\/o-perigo-dos-tribunais-que-julgam-de-acordo-com-a-opiniao-publica.jpg\" alt=\"o-perigo-dos-tribunais-que-julgam-de-acordo-com-a-opiniao-publica\" width=\"650\" height=\"381\" \/><br \/>\nO tribunal inovou tamb\u00e9m no sentido de condenar \u00e0 morte as mulheres, preservadas dessa puni\u00e7\u00e3o na Rep\u00fablica de Weimar, que antecedeu o regime nazista.<br \/>\nOutra inova\u00e7\u00e3o foi no sentido de que os prisioneiros depois de cumprirem suas penas, eram pass\u00edveis de deten\u00e7\u00f5es por tempo indefinido, desde que fossem declarados incompat\u00edveis com a nova sociedade alem\u00e3.<br \/>\nAs novas leis se tornaram cada vez mais restritivas e puniam desde a distribui\u00e7\u00e3o de panfletos criticando o regime at\u00e9 fazer piadas sobre figuras de lideran\u00e7a do Partido Nazista ou do Estado.<br \/>\n<img decoding=\"async\" class=\"m_-7606643851525526637alignnone m_-7606643851525526637size-full m_-7606643851525526637wp-image-591 m_-7606643851525526637alignleft CToWUd\" src=\"https:\/\/ci5.googleusercontent.com\/proxy\/6hF1Sp6BIe28Iz7NfjXZjC7dwlDllSKUBXWdHyijFopt7ZJhid2WHnFCzmPt8irFbpoV-EeAMgtpWLeXTlv5O59Pgr35_tPurXr6qesob1kf7PRuhEUaMHlj2erQAcjUCLicmgU3xzQcrv9DhJjI0GYKw0GArlAt3vUarSUza35zoPKHf9yV0IOPrbuFhQ=s0-d-e1-ft#http:\/\/blogdomarinoboeira.sul21.com.br\/wp-content\/uploads\/2016\/11\/220px-Bundesarchiv_Bild_146-1989-011-13_Hans_Frank.jpg\" alt=\"220px-bundesarchiv_bild_146-1989-011-13_hans_frank\" width=\"220\" height=\"305\" \/><br \/>\nEm 1936, Hans Frank, ent\u00e3o comiss\u00e1rio de Justi\u00e7a do Reich e chefe da Liga de Advogados Nazistas, mais tarde Governador Geral da Pol\u00f4nia ocupada, onde ganhou o apelido pouco nobre de &#8220;carniceiro da Pol\u00f4nia&#8221;, declarou que \u201co juiz tem o papel de salvaguardar a ordem concreta da comunidade racial, eliminar elementos perigosos e processar todos os atos nocivos \u00e0 comunidade. A ideologia nacional-socialista, em especial conforme est\u00e1 expressa no programa do Partido e nos discursos de nosso l\u00edder, \u00e9 a base para interpreta\u00e7\u00e3o das fontes legais\u201d.<br \/>\nE os ju\u00edzes alem\u00e3es, mesmo aqueles que n\u00e3o pertenciam ao partido nazista, trataram de cumprir as novas leis, sem question\u00e1-las.<br \/>\n<img decoding=\"async\" class=\"m_-7606643851525526637alignnone m_-7606643851525526637size-full m_-7606643851525526637wp-image-592 CToWUd a6T\" src=\"https:\/\/ci4.googleusercontent.com\/proxy\/R95qaJJWG3v5AyC3beCsbI8MTyRNDcf7bXwoo4Ani8HFzYxAyBOSkgP7IFpzCQScooi7eg1hwe4_OEss0qEPdi_ZzPnqOUAS3M84lRynSIURw0Qyh7-YFYrBgwFu2mBMa2o6a7Rf-84=s0-d-e1-ft#http:\/\/blogdomarinoboeira.sul21.com.br\/wp-content\/uploads\/2016\/11\/36003274_304.jpg\" alt=\"36003274_304\" width=\"940\" height=\"529\" \/><br \/>\nEvans, cita um caso t\u00edpico, fruto de suas pesquisas nos anais de um tribunal alem\u00e3o da \u00e9poca: \u201cUm carroceiro nascido em 1899, cumpriu um grande n\u00famero de penas de pris\u00e3o por pequenos furtos na d\u00e9cada de 1920 e come\u00e7o dos anos 30, inclusive 11 meses por roubar uma bicicleta e 7 meses pelo furto de um casaco. A cada vez que era solto, ele voltava \u00e0 sociedade com um punhado de marcos como pagamento pelo trabalho na pris\u00e3o; com sua ficha, n\u00e3o conseguia arranjar um emprego durante a Depress\u00e3o, tampouco persuadir as autoridades da previd\u00eancia a lhe conceder benef\u00edcios. Em junho de 1933, foi sentenciado por roubar um guiso, um pouco de cola e outras quinquilharias durante uma bebedeira e ap\u00f3s cumprir a pena, foi sentenciado a confinamento de seguran\u00e7a retroativo na penitenci\u00e1ria de Brandenburg e jamais foi solto\u201d.<br \/>\nTribunais especiais e v\u00e1rios tipos de organiza\u00e7\u00f5es policiais, inclusive a temida Gestapo (seu s\u00edmbolo das caveiras \u00e9 hoje copiado por esquadr\u00f5es da morte do mundo inteiro, inclusive no Brasil), foram restringindo cada vez mais\u00a0<img decoding=\"async\" class=\"m_-7606643851525526637wp-image-594 m_-7606643851525526637alignright CToWUd\" src=\"https:\/\/ci6.googleusercontent.com\/proxy\/b00Eyf8XVy53EgDF-awmwhi_GN53Lfcg7BDPRvX4Bp4IMBw_DYN6LtUSkrntIyEH7SVpjFjqRlU0h0CypaWwRNAeskmuKuuuV6atVvHNYxGm8D6v-7Raseail35xPN-3Y8GS-WptHKfBHd5BA08=s0-d-e1-ft#http:\/\/blogdomarinoboeira.sul21.com.br\/wp-content\/uploads\/2016\/11\/10948_logo-300x108.gif\" alt=\"10948_logo\" width=\"348\" height=\"124\" \/>as liberdades p\u00fablicas, sob a indiferen\u00e7a da maioria do povo alem\u00e3o, quando n\u00e3o de apoio e com a resist\u00eancia apenas dos comunistas e de alguns segmentos de trabalhadores.<br \/>\nTudo isso aconteceu quando a Europa ainda vivia sob um regime de paz.<br \/>\nEm 1938, os nazistas chegaram ao \u00e1pice, ao incluir na lista dos que deveriam ser levados para os campos de concentra\u00e7\u00e3o, homens at\u00e9 ent\u00e3o considerados apenas vagabundos ou b\u00eabados, caso de um homem de 54 detido em Duisburg, acusado de comportamento antissocial.<br \/>\n\u201cDe acordo com informa\u00e7\u00f5es do escrit\u00f3rio de previd\u00eancia daqui, C. pode ser classificado como pessoa perigosa. N\u00e3o se importa com a esposa e os dois filhos, de modo que estes t\u00eam que ser sustentados pelos cofres p\u00fablicos. Jamais assumiu o dever do trabalho a ele designado. Entregou-se \u00e0 bebida. Esgotou todos os pagamentos de benef\u00edcios. Recebeu v\u00e1rias advert\u00eancias do escrit\u00f3rio da previd\u00eancia e \u00e9 descrito como exemplo cl\u00e1ssico de uma pessoa antissocial, irrespons\u00e1vel e pregui\u00e7osa\u201d<br \/>\n<img decoding=\"async\" class=\"m_-7606643851525526637alignnone m_-7606643851525526637size-medium m_-7606643851525526637wp-image-593 m_-7606643851525526637alignleft CToWUd\" src=\"https:\/\/ci3.googleusercontent.com\/proxy\/tvYsb9fNWvkVM0Ogc7hpBZ8i1tSvW8CuX3mLlAO1QWZsFvM6wOdIX36QF2v9JoO_TRUYcPjRMsAE71yBZ4HTySOC1urU4Ex19-14IaFs8HdY_M_-FKlRUx3rSX6vucifvnfuVK7p-aSfEW_gF7bIMZSRHiDlvUfW5J_RNpqRLGVI5w=s0-d-e1-ft#http:\/\/blogdomarinoboeira.sul21.com.br\/wp-content\/uploads\/2016\/11\/phoca_thumb_l_Sachsenhausen-19-300x134.jpg\" alt=\"phoca_thumb_l_sachsenhausen-19\" width=\"300\" height=\"134\" \/><br \/>\nLevado para o campo de concentra\u00e7\u00e3o de Sachsenhausen, o homem durou apenas 18 meses antes de morrer, conforme registros do campo, de fraqueza f\u00edsica.<br \/>\nQuando a guerra come\u00e7ou em 1939, os nazistas deixaram de lado qualquer desculpa e passaram a considerar cada opositor, por menos importante que fosse, como um alvo para as for\u00e7as policiais e um suspeito previamente condenado nos seus diversos tribunais.<br \/>\nOs que sonham em instaurar no Brasil um sistema policial parecido, deviam lembrar de como ele terminou na Alemanha nazista.<\/p>\n<div class=\"yj6qo\"><\/div>\n<\/div>\n<\/div>\n<\/div>\n<div class=\"hi\"><\/div>\n<\/div>\n<div class=\"ajx\"><\/div>\n<\/div>\n<div class=\"gA gt acV\"><\/div>\n<\/div>\n<\/div>\n<\/div>\n<\/div>\n<\/div>\n<\/div>\n<div class=\"kv \">\n<div class=\"Bk\">\n<div class=\"G3 G2\">\n<div>\n<div id=\":m4\">\n<div class=\"adf ads\">\n<div class=\"aju\">\n<div class=\"aCi\"><img decoding=\"async\" id=\":0_8-c\" class=\"ajn\" src=\"https:\/\/plus.google.com\/u\/0\/_\/focus\/photos\/public\/AIbEiAIAAABECMXyqdzY7fyBmgEiC3ZjYXJkX3Bob3RvKig5NzJhZjYxMTE5ZTYwZjRkMzNhYjQwNWNjMmIzMDE4MzViZjhjMjc1MAH8UTI7Jc-NV_2XMEho_nirczP6_A?sz=32\" data-name=\"Benedito Tadeu C\u00e9sar\" \/><\/div>\n<\/div>\n<div class=\"gs gt\"><\/div>\n<\/div>\n<\/div>\n<\/div>\n<\/div>\n<\/div>\n<\/div>\n","protected":false},"excerpt":{"rendered":"<p>Marino Boeira &#8211; Jornalista A crise econ\u00f4mica em que vive o Pa\u00eds, ampliada pelos efeitos nocivos que a ca\u00e7a moralista da Lava Jato faz \u00e0s grandes construtoras (em vez de punir os empres\u00e1rios, pune as empresas) e pela nova pol\u00edtica do governo de cortar os grandes investimentos, t\u00eam tido um efeito perverso sobre a sociedade, [&hellip;]<\/p>\n","protected":false},"author":21,"featured_media":41412,"comment_status":"open","ping_status":"closed","sticky":false,"template":"","format":"standard","meta":{"_jetpack_memberships_contains_paid_content":false,"footnotes":""},"categories":[82],"tags":[80],"class_list":["post-41411","post","type-post","status-publish","format-standard","has-post-thumbnail","hentry","category-debates","tag-efeitos"],"aioseo_notices":[],"jetpack_featured_media_url":"","jetpack_sharing_enabled":true,"_links":{"self":[{"href":"https:\/\/www.jornalja.com.br\/especiais\/wp-json\/wp\/v2\/posts\/41411","targetHints":{"allow":["GET"]}}],"collection":[{"href":"https:\/\/www.jornalja.com.br\/especiais\/wp-json\/wp\/v2\/posts"}],"about":[{"href":"https:\/\/www.jornalja.com.br\/especiais\/wp-json\/wp\/v2\/types\/post"}],"author":[{"embeddable":true,"href":"https:\/\/www.jornalja.com.br\/especiais\/wp-json\/wp\/v2\/users\/21"}],"replies":[{"embeddable":true,"href":"https:\/\/www.jornalja.com.br\/especiais\/wp-json\/wp\/v2\/comments?post=41411"}],"version-history":[{"count":0,"href":"https:\/\/www.jornalja.com.br\/especiais\/wp-json\/wp\/v2\/posts\/41411\/revisions"}],"wp:featuredmedia":[{"embeddable":true,"href":"https:\/\/www.jornalja.com.br\/especiais\/wp-json\/"}],"wp:attachment":[{"href":"https:\/\/www.jornalja.com.br\/especiais\/wp-json\/wp\/v2\/media?parent=41411"}],"wp:term":[{"taxonomy":"category","embeddable":true,"href":"https:\/\/www.jornalja.com.br\/especiais\/wp-json\/wp\/v2\/categories?post=41411"},{"taxonomy":"post_tag","embeddable":true,"href":"https:\/\/www.jornalja.com.br\/especiais\/wp-json\/wp\/v2\/tags?post=41411"}],"curies":[{"name":"wp","href":"https:\/\/api.w.org\/{rel}","templated":true}]}}