{"id":41418,"date":"2016-11-17T15:42:36","date_gmt":"2016-11-17T18:42:36","guid":{"rendered":"http:\/\/www.jornalja.com.br\/?p=41418"},"modified":"2016-11-17T15:42:36","modified_gmt":"2016-11-17T18:42:36","slug":"aragao-chama-dallagnol-de-fascista","status":"publish","type":"post","link":"https:\/\/www.jornalja.com.br\/especiais\/aragao-chama-dallagnol-de-fascista\/","title":{"rendered":"Arag\u00e3o chama Dallagnol de fascista!"},"content":{"rendered":"<p><span class=\"olho\">\u00c9 um del\u00edrio pensar que se controla a corrup\u00e7\u00e3o com uma corpora\u00e7\u00e3o descontrolada.<\/span><\/p>\n<div id=\"content-core\">\n<div id=\"parent-fieldname-text\" class=\"\">\n<div>\n\u00c9 evidente que o Senhor Dallagnol, por melhor que se ache, por mais ungido que se sinta para erradicar a corrup\u00e7\u00e3o no Brasil, n\u00e3o pode pretender ter comando sobre o processo legislativo de um projeto que de iniciativa popular n\u00e3o tem nada sen\u00e3o a casca. Foi gestado in camera por um grupinho de procuradores justiceiros, que, tendo logrado criar no Pa\u00eds um ambiente de obsess\u00e3o pela agenda do &#8220;combate&#8221; \u00e0 corrup\u00e7\u00e3o, n\u00e3o teve dificuldade de juntar 2 milh\u00f5es de chameg\u00f5es desavisados. Foram intensamente apoiados pela direita pol\u00edtica que tinha s\u00f3 um objetivo: enlamear a esquerda representada pelo PT. E, para se cacifar, esse grupo fez o papel que se esperava dele, tendo o Senhor Dallagnol se prestado a apresentar um p\u00edfio PowerPoint em que Lula era representado como o pr\u00f3prio capeta, princ\u00edpio e fim de todo o mal na terra. Agora, que seus parceiros de caminhada pol\u00edtica veem-se na imin\u00eancia de serem colhidos pelo monstrinho que cevaram, mostra indigna\u00e7\u00e3o por aquilo que chama de &#8220;manobra&#8221; e quer a seu lado todos os brasileiros.<br \/>\nA mim ningu\u00e9m perguntou se estou com Dallagnol e sua trupe de justiceiros. Mas, mesmo n\u00e3o perguntado, digo-lhe N\u00c3O. HISTERIA FALSO-MORALISTA N\u00c3O!<br \/>\nJ\u00e1 vimos ontem onde esse processo de inocula\u00e7\u00e3o de apoios obsessivos chegou. Fez ressurgirem em pleno s\u00e9culo XXI fantasmas de um fascismo que se esperava superado.<br \/>\nPor fascismo entendo essa pratica politica oportunista que se aproveita das fobias coletivas para incutir ao p\u00fablico o \u00f3dio a um inimigo comum: o judeu, o \u00edndio, o corrupto, o pol\u00edtico, o comunista&#8230; seja l\u00e1 o que for. E, mobilizado esse \u00f3dio, busca, com a promessa populista de solu\u00e7\u00f5es n\u00e3o realiz\u00e1veis, com argumenta\u00e7\u00e3o simpl\u00f3ria de autoridade, estabelecer seu dom\u00ednio totalit\u00e1rio sobre a sociedade e o estado.<br \/>\n\u00c9 isso que essa campanha pelo &#8220;combate&#8221; \u00e0 corrup\u00e7\u00e3o est\u00e1 trazendo. O s\u00f3 uso do substantivo &#8220;combate&#8221; j\u00e1 diz a que essa campanha veio: a uma guerra, com inimigos a serem eliminados.<br \/>\nFoi assim que um pai dominado pela ira obsessiva matou seu filho \u00fanico em Goi\u00e2nia e depois se suicidou. Foi assim que ontem um grupelho de fascistas desvairados assaltou o plen\u00e1rio da C\u00e2mara dos Deputados para pedir a volta da ditadura militar. Foi assim que senadores resolveram jogar seu carro oficial sobre um grupo de estudantes que bloqueava o acesso ao Pal\u00e1cio da Alvorada.<br \/>\nO que mais estamos esperando? Mais mortes? Mais m\u00e1rtires? Um Horst Wessel?<br \/>\nEstamos jogando nossa democracia arduamente conquistada no lixo da hist\u00f3ria. E fazemo-lo mesmo sabendo que o pre\u00e7o a pagar ser\u00e1 alt\u00edssimo para nossos filhos e nossos netos. Convertemo-nos numa rep\u00fablica bananeira, onde resultados eleitorais s\u00e3o desrespeitados pelos perdedores sob os c\u00e2ndidos olhares do judici\u00e1rio e do minist\u00e9rio p\u00fablico!<br \/>\nE agora essa: a pretens\u00e3o de que a coleta de 2 milh\u00f5es de chameg\u00f5es desavisados bastam n\u00e3o s\u00f3 para apresentar a iniciativa popular fake (porque, na verdade, trata-se de iniciativa corporativa), mas tamb\u00e9m para comandar o parlamento! O sonho parece ser Deltan Dallagnol para presidente do Congresso, se \u00e9 que o congresso para esses obsecados ainda faz sentido, j\u00e1 que sujeito a &#8220;manobras&#8221;.<br \/>\nIsso \u00e9 puro fascismo, desrespeito profundo ao processo pol\u00edtico, ao mandato e \u00e0 soberania popular.<br \/>\nN\u00e3o seremos ref\u00e9ns dessa corpora\u00e7\u00e3o. O Congresso tem o direito e o dever de adequar esse projeto ao que \u00e9 pol\u00edtica e funcionalmente\u00a0comport\u00e1vel pelo Pa\u00eds e n\u00e3o pode ser levado a jogar a sociedade \u00e0 aventura de aniquilar garantias processuais em nome de um&#8221;combate&#8221; em que sequer valem os costumes da guerra expressos nas conven\u00e7\u00f5es da Haia e de Genebra.<br \/>\nPensar que corrup\u00e7\u00e3o se controla com uma corpora\u00e7\u00e3o empoderada e descontrolada \u00e9 um del\u00edrio.<br \/>\nUrge, isso sim, pacificar o Pa\u00eds, ainda que para isso se calem os protagonistas da guerra do \u00f3dio e da viol\u00eancia estrutural e institucional.<br \/>\n<em><strong>Assina:<\/strong><\/em><br \/>\n<em><strong>Eug\u00eanio Arag\u00e3o &#8211; Ex-Ministro da Justi\u00e7a<br \/>\n<\/strong><\/em><br \/>\nArtigo originalmente publicado no site <a href=\"http:\/\/www.conversaafiada.com.br\/brasil\/aragao-chama-dallagnol-de-fascista\">Conversa Afiada<\/a>.\n<\/div>\n<\/div>\n<\/div>\n","protected":false},"excerpt":{"rendered":"<p>\u00c9 um del\u00edrio pensar que se controla a corrup\u00e7\u00e3o com uma corpora\u00e7\u00e3o descontrolada. \u00c9 evidente que o Senhor Dallagnol, por melhor que se ache, por mais ungido que se sinta para erradicar a corrup\u00e7\u00e3o no Brasil, n\u00e3o pode pretender ter comando sobre o processo legislativo de um projeto que de iniciativa popular n\u00e3o tem nada [&hellip;]<\/p>\n","protected":false},"author":21,"featured_media":41420,"comment_status":"open","ping_status":"closed","sticky":false,"template":"","format":"standard","meta":{"_jetpack_memberships_contains_paid_content":false,"footnotes":""},"categories":[82],"tags":[24],"class_list":["post-41418","post","type-post","status-publish","format-standard","has-post-thumbnail","hentry","category-debates","tag-goiania"],"aioseo_notices":[],"jetpack_featured_media_url":"","jetpack_sharing_enabled":true,"_links":{"self":[{"href":"https:\/\/www.jornalja.com.br\/especiais\/wp-json\/wp\/v2\/posts\/41418","targetHints":{"allow":["GET"]}}],"collection":[{"href":"https:\/\/www.jornalja.com.br\/especiais\/wp-json\/wp\/v2\/posts"}],"about":[{"href":"https:\/\/www.jornalja.com.br\/especiais\/wp-json\/wp\/v2\/types\/post"}],"author":[{"embeddable":true,"href":"https:\/\/www.jornalja.com.br\/especiais\/wp-json\/wp\/v2\/users\/21"}],"replies":[{"embeddable":true,"href":"https:\/\/www.jornalja.com.br\/especiais\/wp-json\/wp\/v2\/comments?post=41418"}],"version-history":[{"count":0,"href":"https:\/\/www.jornalja.com.br\/especiais\/wp-json\/wp\/v2\/posts\/41418\/revisions"}],"wp:featuredmedia":[{"embeddable":true,"href":"https:\/\/www.jornalja.com.br\/especiais\/wp-json\/"}],"wp:attachment":[{"href":"https:\/\/www.jornalja.com.br\/especiais\/wp-json\/wp\/v2\/media?parent=41418"}],"wp:term":[{"taxonomy":"category","embeddable":true,"href":"https:\/\/www.jornalja.com.br\/especiais\/wp-json\/wp\/v2\/categories?post=41418"},{"taxonomy":"post_tag","embeddable":true,"href":"https:\/\/www.jornalja.com.br\/especiais\/wp-json\/wp\/v2\/tags?post=41418"}],"curies":[{"name":"wp","href":"https:\/\/api.w.org\/{rel}","templated":true}]}}