{"id":41927,"date":"2016-12-02T19:37:06","date_gmt":"2016-12-02T22:37:06","guid":{"rendered":"http:\/\/www.jornalja.com.br\/?p=41927"},"modified":"2016-12-02T19:37:06","modified_gmt":"2016-12-02T22:37:06","slug":"as-perspectivas-para-um-brasil-pos-golpe-em-2017","status":"publish","type":"post","link":"https:\/\/www.jornalja.com.br\/especiais\/as-perspectivas-para-um-brasil-pos-golpe-em-2017\/","title":{"rendered":"As perspectivas para um Brasil p\u00f3s-golpe em 2017"},"content":{"rendered":"<p>O mar n\u00e3o est\u00e1 para peixe. V\u00ea-se, a olho nu, o Brasil derretendo. O golpe nos projetou num limbo institucional que ignor\u00e1vamos existir. \u00c0 beira da realidade de um estado falido, assistimos o minist\u00e9rio p\u00fablico insolente desafiar a representa\u00e7\u00e3o popular. E o faz com uso de seus podres poderes de intimida\u00e7\u00e3o, pr\u00e1tica que s\u00f3 conhec\u00edamos do lobby &#8220;da bala&#8221;, das entidades representativas das pol\u00edcias. E isso s\u00f3 \u00e9 poss\u00edvel porque o Congresso Nacional atravessa sua maior crise \u00e9tica da hist\u00f3ria, com bancadas insignificantes, ultra-conservadoras em sua maioria, pulverizadas por quase tr\u00eas dezenas de partidos, que n\u00e3o dizem quais s\u00e3o seus programas, seus ideais, seus escopos e sequer t\u00eam milit\u00e2ncia espont\u00e2nea (coisa diversa de milit\u00e2ncia paga). Afinal, algumas centenas de parlamentares com contas a acertar com a justi\u00e7a facilitam a ousadia do \u00f3rg\u00e3o de persecu\u00e7\u00e3o penal. E o discurso falso-moralista que reduz os problemas do Brasil ao campo da corrup\u00e7\u00e3o conseguiu conquistar massas de cora\u00e7\u00f5es e mentes providas de um par de neur\u00f4nios apenas.<br \/>\nO Supremo Tribunal Federal (STF), guardi\u00e3o maior da constitui\u00e7\u00e3o, perdeu todas as oportunidades para defender o poder leg\u00edtimo e colocar freios ao oportunismo pol\u00edtico dos perdedores das elei\u00e7\u00f5es de 2014 e ao corporativismo abusado de algumas carreiras de estado. Enquanto o Pa\u00eds vivia uma de suas maiores crises pol\u00edticas e \u00e9ticas com o afastamento trapaceado da Presidenta da Rep\u00fablica, o excelso sodal\u00edcio decidia se consumidores poderiam entrar com sua pr\u00f3pria pipoca nos cinemas ou se eram obrigados a compr\u00e1-la ali&#8230; Chega a ser um quadro surreal.<br \/>\nParalelamente, a economia desfalece. A agressividade da opera\u00e7\u00e3o &#8220;Lava Jato&#8221; sobre grandes ativos empresariais dizimou perto de 30% do produto interno bruto e levou consigo milhares de empregos. O esmagamento da produ\u00e7\u00e3o petrol\u00edfera com conte\u00fado nacional levou ao colapso n\u00e3o s\u00f3 as ind\u00fastrias de equipamentos, mas tamb\u00e9m estados da federa\u00e7\u00e3o que deixaram de recolher impostos e auferir royalties. O estado do Rio de Janeiro \u00e9 o mais concreto exemplo do estrago causado por falta de estrat\u00e9gia persecut\u00f3ria e econ\u00f4mica.<br \/>\nNesse ambiente, o mercado encolhe e o apetite empresarial entra em regime de jejum. Investimentos deixam de ser feitos e desaparecem as perspectivas para um projeto soberano de desenvolvimento nacional.<br \/>\nA conjuntura pol\u00edtica e econ\u00f4mica \u00e9 prop\u00edcia para aventuras e aventureiros, sejam eles parasit\u00e1rios ou populistas fascistas. S\u00f3 estes nada t\u00eam a perder. Uns podem contar com a benevol\u00eancia de rentistas e patr\u00f5es ao norte do globo terrestre; outros se aproveitam do des\u00e2nimo e das fobias coletivas para oferecer sa\u00eddas f\u00e1ceis e sem qualquer apego \u00e0 realidade, para iludir as massas com falso sentimento de serem um povo unido, submissos a uma &#8220;nova ordem&#8221; que substitua a antiga, apodrecida com a corrup\u00e7\u00e3o e com o &#8220;comunismo&#8221; perverso.<br \/>\n\u00c9 nesse contexto que se descortina 2017. O que esperar dele? Mais do mesmo, se as institui\u00e7\u00f5es n\u00e3o tomarem coragem de reinventar sua pr\u00e1tica. Os desafios s\u00e3o enormes para o judici\u00e1rio e para o legislativo. O executivo, coitado, de protagonista de um projeto de democracia inclusiva, passou a ser reboque da hist\u00f3ria, sem qualquer autonomia para realizar pol\u00edticas p\u00fablicas, para governar. O golpe desfigurou o sistema constitucional presidencialista e o transformou num parlamentarismo de matilha, compar\u00e1vel \u00e0 din\u00e2mica duma massa de caninos famintos farejando por restos aqui e acol\u00e1, num aterro sanit\u00e1rio.<br \/>\nO que esperar do judici\u00e1rio? Dif\u00edcil dizer. Um personagem emerge com poderes desproporcionais: o Sr. Ministro Gilmar Mendes, presidente do tribunal superior eleitoral (TSE) e da 2\u00aa turma do STF. Nessa dupla condi\u00e7\u00e3o, \u00e9 ele que pauta os processos nos \u00f3rg\u00e3os jurisdicionais em que funciona. E, s\u00f3 por isso, \u00e9 o homem mais poderoso da putrefeita rep\u00fablica. Dele dependem os destinos do Sr. Michel Temer e dos principais atores do legislativo. No TSE, pautar ou n\u00e3o pautar as a\u00e7\u00f5es do PSDB contra a chapa de Dilma nas elei\u00e7\u00f5es de 2014 pode significar vida ou morte do governo nascido do golpe parlamentar; na 2\u00aa turma do STF, pautar feitos da &#8220;Lava Jato&#8221; num dia de quorum completo ou quorum incompleto pode significar rejei\u00e7\u00e3o ou admiss\u00e3o de den\u00fancias, concess\u00e3o ou denega\u00e7\u00e3o de habeas corpus ou, at\u00e9 mesmo, condena\u00e7\u00e3o ou absolvi\u00e7\u00e3o de r\u00e9us. Quem mais pode tanto? N\u00e3o \u00e9 de estranhar, pois, que o Presidente do Senado, Senador Renan Calheiros, arquivou de plano pedidos de impedimento manejados naquela casa legislativa contra Gilmar. Afinal de contas, depende dele se Renan ser\u00e1 ou n\u00e3o condenado e quando o ser\u00e1&#8230;<br \/>\nNa Procuradoria-Geral da Rep\u00fablica o corporativismo venceu a esperan\u00e7a, quando o Sr. Rodrigo Janot resolveu se assumir como mais um dos muitos justiceiros que pululam no minist\u00e9rio p\u00fablico federal. Saiu do arm\u00e1rio. Afinal, com o golpe, os tempos s\u00e3o mais prop\u00edcios para o perfil de moralista-punitivista. D\u00e1 mais sustenta\u00e7\u00e3o do que ser cr\u00edtico do nosso falido sistema de justi\u00e7a. Remar a favor da mar\u00e9 e fingir que a crise \u00e9 problema dos outros torna a vida mais confort\u00e1vel. Por isso, a escolha de Jos\u00e9 Bonif\u00e1cio como seu vice (independentemente de se tratar de pessoa competente e correta em sua atua\u00e7\u00e3o) j\u00e1 foi pren\u00fancio dos novos tempos de maior clareza pol\u00edtica: Bonif\u00e1cio foi Procurador-Geral do Estado de Minas Gerais no governo de A\u00e9cio Neves e sucedeu, no governo FHC, Gilmar Mendes na AGU. N\u00e3o tem como algu\u00e9m ser mais pr\u00f3ximo do tucanato de alta plumagem. A opera\u00e7\u00e3o &#8220;Lava Jato&#8221;, que Janot se recusou a civilizar por medo de desgaste com a m\u00eddia golpista e com seu entourage de justiceiros, poder\u00e1 finalmente fechar seu movimento fort\u00edssimo e entrar no pian\u00edssimo, deixando de lado seu ativismo de oposi\u00e7\u00e3o. Afinal, j\u00e1 fez o servicinho que se esperava dela, que era inviabilizar o governo da Presidenta legitimamente eleita. Agora que pode vir a se aproximar demais de personagens do outro lado do rio, \u00e9 melhor botar esses meninos para estudar no exterior ou se mudarem para capitais mais atrativas.<br \/>\nJudici\u00e1rio e Minist\u00e9rio P\u00fablico Federal est\u00e3o, por conseguinte, na \u00e1rea de influ\u00eancia do PSDB. O fato de Rodrigo Janot ter jantado h\u00e1 anos com Jos\u00e9 Genoino n\u00e3o muda em nada essa constata\u00e7\u00e3o.<br \/>\nAs perspectivas s\u00e3o, nessa constela\u00e7\u00e3o de condi\u00e7\u00f5es, muito prop\u00edcias para um redimensionamento da import\u00e2ncia dos perdedores da \u00faltima elei\u00e7\u00e3o presidencial no governo do Pa\u00eds, com franco apoio do complexo judicial em sua c\u00fapula. Para Temer, n\u00e3o sobrar\u00e1 muito a n\u00e3o ser se inclinar a essa realidade e se transformar em marionete da direita que milita por um projeto de desnacionaliza\u00e7\u00e3o pol\u00edtica e econ\u00f4mica do Brasil. Para quem odiava ser vice decorativo e sonhava tanto em ser presidente, ter sua jovem esposa como primeira dama apresent\u00e1vel nos sal\u00f5es da rep\u00fablica, ocupar seus dias penteando a vaidade, este \u00e9 um mal menor. O PMDB nunca teve convic\u00e7\u00e3o de nada a n\u00e3o ser de se servir das facilidades que o poder proporciona, independentemente de quem puxa os fios. Ser presidente decorativo da matilha fu\u00e7adora nem \u00e9 t\u00e3o ruim assim. O pal\u00e1cio da alvorada tem seus encantos.<br \/>\nMas se houver um problema de sustentabilidade do governo Temer, a guilhotina est\u00e1 pronta para lhe cortar o pesco\u00e7o no TSE. O timing est\u00e1 na m\u00e3o do clemente verdugo, presidente da corte. E, em saindo Temer, os mestres em conchavos conspirativos do PSDB saber\u00e3o fazer o sucessor em elei\u00e7\u00f5es indiretas. Ficar\u00e1 todo mundo feliz nesse parlamentarismo de matilha, pois at\u00e9 o atual PGR poder\u00e1 fazer de Bonifacio seu sucessor, garantindo dias mais tranquilos para a governabilidade do presidente bi\u00f4nico.<br \/>\nNo Congresso, espera-se a substitui\u00e7\u00e3o dos presidentes da C\u00e2mara e do Senado, provavelmente tucanos ou filotucanos. \u00c9 como se viv\u00eassemos num mundo paralelo, nada f\u00e1cil e que demanda muito Sonrisal para suportar. Mas o rebuli\u00e7o n\u00e3o se far\u00e1 esperar. Quando aparecer a extens\u00e3o do envolvimento de parlamentares com o esquema de propinas desnudado pela Lava Jato, muitos ter\u00e3o que se despedir do mandato. Talvez seja at\u00e9 mesmo o caso de se cogitar de novas elei\u00e7\u00f5es, pois esse Congresso n\u00e3o ter\u00e1 legitimidade de ser parceiro do governo falido ou da escolha de um chefe de governo bi\u00f4nico.<br \/>\nPor fim, o povo. Ah, o povo&#8230; nesses tempos anda t\u00e3o esquecido, a n\u00e3o ser quando o MBL se arroga qualidade de &#8220;povo&#8221;, com a bati\u00e7\u00e3o de panelas Le Creusot nas varandas Gourmet da Asa Sul, da Av. Faria Lima, da Av. Vieira Souto ou dos edif\u00edcios das vizinhan\u00e7as do Farol da Barra. A\u00ed d\u00e3o um jeito de ser lembrados, mesmo que se trate de uma fraude. Mas o verdadeiro pov\u00e3o, aquele que ganhou inclus\u00e3o com os programas de bolsa fam\u00edlia, Pronatec e Minha Casa, Minha Vida, se n\u00e3o souber se articular e reagir \u00e0 altura, estar\u00e1 regressando \u00e0 mis\u00e9ria, com uma volta a tr\u00eas d\u00e9cadas atr\u00e1s, sem programas de inclus\u00e3o social e de renda para os mais pobres. O tucanato nunca se preocupou com eles mesmo e h\u00e1 os que pensam que investimento social \u00e9 jogar dinheiro fora, pois alimentaria meia d\u00fazia de parasitas petistas. O resultado pode ser uma queda vertiginosa dos \u00edndices de desenvolvimento humano, de matr\u00edculas em escolas e universidades p\u00fablicas por alunos e estudantes de baixa renda, com a reintrodu\u00e7\u00e3o do Brasil no mapa da fome. \u00c9 preciso reagir maci\u00e7amente contra essa partilha do estado e de seus recursos por aqueles que o tomaram de assalto. Se n\u00e3o for por via de provoca\u00e7\u00e3o de institui\u00e7\u00f5es, j\u00e1 que estas foram capturadas pelo golpe, h\u00e1 de ser pela articula\u00e7\u00e3o da parte mais esclarecida da sociedade com os movimentos populares.<br \/>\nE os militares? At\u00e9 agora est\u00e3o quietinhos. Mas podemos ter certeza de que est\u00e3o muito incomodados. As For\u00e7as Armadas brasileiras s\u00e3o compostas de pessoas da classe m\u00e9dia urbana. T\u00eam por isso perfil mais conservador. Mas adotam uma doutrina do interesse nacional que esbarra frontalmente com aquilo que se esta bagun\u00e7ando no governo do golpe. A pris\u00e3o e condena\u00e7\u00e3o, com estardalha\u00e7o, do Almirante Othon, pai da energia nuclear brasileira; o desmonte de ind\u00fastrias estrat\u00e9gicas, como a naval, preparada para renovar a frota da marinha de guerra, ou a aeron\u00e1utica, que tem em sua carteira a For\u00e7a A\u00e9rea Brasileira como um dos principais clientes, n\u00e3o podem ser aceitos sem rea\u00e7\u00e3o. N\u00e3o seria de sua tradi\u00e7\u00e3o de defesa do Brasil. Sabem nossos bravos soldados muito bem como os governos de 2003 a 2016 se preocuparam seriamente com seu reequipamento, recuperando os anos perdidos do governo de FHC. Voltar atr\u00e1s e desistir do papel estrat\u00e9gico do Brasil na geopol\u00edtica \u00e9 crime de lesa p\u00e1tria, praticado para atender a podres interesses alien\u00edgenas e garantir o ganho de uma elite ego\u00edsta e sem vis\u00e3o do mundo e da hist\u00f3ria.<br \/>\nEm resumo, temos muito a esperar do ano vindouro menos tranquilidade. O acirramento da crise \u00e9 inexor\u00e1vel com um desfecho barulhento ao jeito de um cl\u00edmax numa \u00f3pera wagneriana. Se o que vier depois nos ajudar a ver luz no fim do t\u00fanel, ser\u00e1 um ganho. Fica para as corpora\u00e7\u00f5es das carreiras de estado, para o parlamento e para a popula\u00e7\u00e3o a li\u00e7\u00e3o de que n\u00e3o se briga com constitui\u00e7\u00e3o pactuada, pois o rebuli\u00e7o que se segue n\u00e3o compensa as vantagens auferidas por poucos gananciosos \u00e1vidos por poder.<br \/>\nQue Deus mostre que \u00e9 brasileiro em 2017!<\/p>\n","protected":false},"excerpt":{"rendered":"<p>O mar n\u00e3o est\u00e1 para peixe. V\u00ea-se, a olho nu, o Brasil derretendo. O golpe nos projetou num limbo institucional que ignor\u00e1vamos existir. \u00c0 beira da realidade de um estado falido, assistimos o minist\u00e9rio p\u00fablico insolente desafiar a representa\u00e7\u00e3o popular. E o faz com uso de seus podres poderes de intimida\u00e7\u00e3o, pr\u00e1tica que s\u00f3 conhec\u00edamos [&hellip;]<\/p>\n","protected":false},"author":21,"featured_media":41928,"comment_status":"open","ping_status":"closed","sticky":false,"template":"","format":"standard","meta":{"_jetpack_memberships_contains_paid_content":false,"footnotes":""},"categories":[82],"tags":[],"class_list":["post-41927","post","type-post","status-publish","format-standard","has-post-thumbnail","hentry","category-debates"],"aioseo_notices":[],"jetpack_featured_media_url":"","jetpack_sharing_enabled":true,"_links":{"self":[{"href":"https:\/\/www.jornalja.com.br\/especiais\/wp-json\/wp\/v2\/posts\/41927","targetHints":{"allow":["GET"]}}],"collection":[{"href":"https:\/\/www.jornalja.com.br\/especiais\/wp-json\/wp\/v2\/posts"}],"about":[{"href":"https:\/\/www.jornalja.com.br\/especiais\/wp-json\/wp\/v2\/types\/post"}],"author":[{"embeddable":true,"href":"https:\/\/www.jornalja.com.br\/especiais\/wp-json\/wp\/v2\/users\/21"}],"replies":[{"embeddable":true,"href":"https:\/\/www.jornalja.com.br\/especiais\/wp-json\/wp\/v2\/comments?post=41927"}],"version-history":[{"count":0,"href":"https:\/\/www.jornalja.com.br\/especiais\/wp-json\/wp\/v2\/posts\/41927\/revisions"}],"wp:featuredmedia":[{"embeddable":true,"href":"https:\/\/www.jornalja.com.br\/especiais\/wp-json\/"}],"wp:attachment":[{"href":"https:\/\/www.jornalja.com.br\/especiais\/wp-json\/wp\/v2\/media?parent=41927"}],"wp:term":[{"taxonomy":"category","embeddable":true,"href":"https:\/\/www.jornalja.com.br\/especiais\/wp-json\/wp\/v2\/categories?post=41927"},{"taxonomy":"post_tag","embeddable":true,"href":"https:\/\/www.jornalja.com.br\/especiais\/wp-json\/wp\/v2\/tags?post=41927"}],"curies":[{"name":"wp","href":"https:\/\/api.w.org\/{rel}","templated":true}]}}