{"id":42245,"date":"2016-12-12T17:14:05","date_gmt":"2016-12-12T20:14:05","guid":{"rendered":"http:\/\/www.jornalja.com.br\/?p=42245"},"modified":"2016-12-12T17:14:05","modified_gmt":"2016-12-12T20:14:05","slug":"tve-rs-e-fm-cultura-quanto-valem-a-cultura-e-a-comunicacao-publica","status":"publish","type":"post","link":"https:\/\/www.jornalja.com.br\/especiais\/tve-rs-e-fm-cultura-quanto-valem-a-cultura-e-a-comunicacao-publica\/","title":{"rendered":"TVE RS e FM Cultura: quanto valem a cultura e a comunica\u00e7\u00e3o p\u00fablica?"},"content":{"rendered":"<p><span class=\"assina\">Guilherme Castro<\/span><br \/>\n<span class=\"descreve\">Cineasta, jornalista e professor<\/span><br \/>\nO Pacote Sartori \u00e9 o atraso, porque afeta com viol\u00eancia a produ\u00e7\u00e3o de conhecimento e de cultura do Rio Grande do Sul ao pretender a extin\u00e7\u00e3o de nove Funda\u00e7\u00f5es Estaduais. A economia que ser\u00e1 feita \u00e9 insignificante, representa 0,4 % do total de gastos** e, por outro lado, o valor jogado fora em saber, arte e cultura \u00e9 incalcul\u00e1vel. Pesquisas desenvolvidas ao longo do tempo, oferecendo bases, estrat\u00e9gias e prestando servi\u00e7os ao desenvolvimento da sociedade, ser\u00e3o abruptamente solapadas. Perdem-se bens insubstitu\u00edveis e infinitamente mais valiosos do que a pequena economia pretendida. Ainda, de antem\u00e3o abandonam pol\u00edticas de arrecada\u00e7\u00e3o de tributos, oferecem amplos e secretos benef\u00edcios em ren\u00fancia fiscal (9 bilh\u00f5es) ao mesmo tempo em que prop\u00f5em privar \u00e0 sociedade de servi\u00e7os muitas vezes indispens\u00e1veis.<br \/>\nCausa alarme, talvez porque conhe\u00e7a mais de perto*, especialmente a proposta de extin\u00e7\u00e3o da Funda\u00e7\u00e3o Piratini, TVE RS e FM Cultura. Bem entendido que a comunica\u00e7\u00e3o p\u00fablica difere da governamental (propaganda oficial) e n\u00e3o compete, mas complementa e precisa fazer contrapontos, com a comunica\u00e7\u00e3o privada. A Piratini tem um Conselho Deliberativo composto em maioria por representa\u00e7\u00f5es da sociedade e atende a interesses p\u00fablicos, por isso, faz comunica\u00e7\u00e3o p\u00fablica. Os servi\u00e7os de comunica\u00e7\u00e3o prestados pelas emissoras TVE RS e FM Cultura s\u00e3o imprescind\u00edveis \u00e0 cultura e \u00e0 comunica\u00e7\u00e3o social, e perd\u00ea-los trar\u00e1 enormes e irrepar\u00e1veis danos ao Rio Grande do Sul frente a quase zero de economia. Tra\u00e7o breves argumentos:<br \/>\nDado a relev\u00e2ncia, come\u00e7o lembrando que \u00e9 a \u00fanica emissora aberta dedicada \u00e0 programa\u00e7\u00e3o infantil de qualidade, ou seja, \u00e9 apenas na TVE RS que as camadas mais pobres da popula\u00e7\u00e3o encontram programas infantis educativos. Mas h\u00e1 v\u00e1rios outros motivos.<br \/>\nNo Rio Grande do Sul temos orgulho de toda a diversificada e rica cultura que produzimos (e que tamb\u00e9m nos produz ao formar a ideia sempre em movimento de povo que compartilhamos), mas o \u00fanico espa\u00e7o de TV e R\u00e1dio para a quase totalidade dos valores e manifesta\u00e7\u00f5es art\u00edsticas s\u00e3o as emissoras da Funda\u00e7\u00e3o Piratini, TVE RS e FM Cultura. Essa \u00e9 parte importante do papel insubstitu\u00edvel da comunica\u00e7\u00e3o p\u00fablica: a riqueza cultural que temos enfrenta intranspon\u00edveis obst\u00e1culos em qualquer espa\u00e7o nas emissoras privadas. As empresas de comunica\u00e7\u00e3o privada atendem a interesses comerciais e trabalham diuturnamente com produtos massificados, por isso \u00e9 tamanha a desqualifica\u00e7\u00e3o, repeti\u00e7\u00e3o e inacessibilidade desses ve\u00edculos.<br \/>\nPor outro lado, no Rio Grande do Sul, a TVE RS \u00e9 a maior produtora de conte\u00fado local, pr\u00f3prio e terceirizado (h\u00e1 v\u00e1rias formas importantes de financiamento e parcerias). Junto \u00e0 FM Cultura, sempre com muitas dificuldades, cobrem e abrem espa\u00e7os exclusivos a infinitas pautas e debates, programas culturais e educativos, cobertura de eventos do interior e da capital, mem\u00f3ria e Hist\u00f3ria do Rio Grande, promo\u00e7\u00e3o de valores e campanhas, express\u00f5es de todos os artistas, cidades, estilos, do popular, do erudito, dos negros, das tradi\u00e7\u00f5es, do carnaval, dos imigrantes, do Brasil e sobretudo do Rio Grande do Sul; enfim, abrem espa\u00e7os \u00fanicos em diversificados programas a todos os matizes culturais. S\u00e3o tamb\u00e9m os canais para novos projetos e formatos de programas de r\u00e1dio e televis\u00e3o e \u00e9 por ali que quase sempre passam os novos nomes, que depois se tornam conhecidos do p\u00fablico (h\u00e1 muitos exemplos).<br \/>\nAcabar com a TVE RS e com a FM Cultura afetar\u00e1 com gravidade toda a ind\u00fastria criativa (cujo potencial \u00e9 t\u00e3o falado entre n\u00f3s hoje em dia), que tem em suas bases justamente a riqueza e diversidade da produ\u00e7\u00e3o art\u00edstica. Atinge profundamente a ind\u00fastria do audiovisual (a TVE RS \u00e9 janela insubstitu\u00edvel), a m\u00fasica (a FM Cultura \u00e9 insubstitu\u00edvel), a literatura, o teatro, o nativismo e eventos do interior, al\u00e9m de todos os eventos culturais. Sem chances de chegar ao p\u00fablico, o preju\u00edzo \u00e0 arte e \u00e0 cultura ser\u00e1 de enorme dimens\u00e3o.<br \/>\nO acervo em imagens e sons hist\u00f3ricos e da mem\u00f3ria do Rio Grande do Sul que h\u00e1 nos arquivos da Funda\u00e7\u00e3o Piratini s\u00e3o tamb\u00e9m indispens\u00e1veis e igualmente sem valor calcul\u00e1vel. Dada a inexist\u00eancia de local para nova guarida a esse acervo, o fim da Funda\u00e7\u00e3o acarretar\u00e1 perda total, o que n\u00e3o poderia ser nem cogitado.<br \/>\nEnquanto servi\u00e7o de informa\u00e7\u00e3o, a TVE RS e a FM Cultura s\u00e3o igualmente imprescind\u00edveis. No contexto hist\u00f3rico de concentra\u00e7\u00e3o da m\u00eddia nas m\u00e3os de poucos grupos que prestam especial desservi\u00e7o para a informa\u00e7\u00e3o, educa\u00e7\u00e3o e cultura de nosso povo, a comunica\u00e7\u00e3o p\u00fablica, por menor que seja, \u00e9 uma das \u00faltimas possibilidades de jornalismo com olhares mais amplos, reflexivos, alternativos e comprometidos em primeiro lugar com o interesse p\u00fablico. A grande maioria das pautas que encontram espa\u00e7o na TVE RS e FM Cultura s\u00e3o simplesmente ignoradas pelas emissoras privadas.<br \/>\n\u00c9 preciso tamb\u00e9m verificar que n\u00e3o \u00e9 minimamente poss\u00edvel nem razo\u00e1vel imaginar a continuidade dos servi\u00e7os da TVE RS e da FM Cultura com a extin\u00e7\u00e3o da Funda\u00e7\u00e3o Piratini, a demiss\u00e3o dos funcion\u00e1rios e a venda dos equipamentos. Por acaso contratar\u00e3o nova equipe e comprar\u00e3o novos equipamentos? Para produzir quais programas e como? O que far\u00e3o com a concess\u00e3o? Entregar\u00e3o a quem? Fica evidente que a medida \u00e9 terminativa e sem volta.<br \/>\nProvocando todo esse estrago e preju\u00edzos \u00e0 cultura, \u00e0 economia criativa e \u00e0s artes do Rio Grande do Sul, a extin\u00e7\u00e3o da Funda\u00e7\u00e3o Piratini representaria apenas o corte de <u>0,02933% do custo do Executivo, que equivale a 0,26% da ren\u00fancia fiscal <\/u>dada pelo Governo no mesmo per\u00edodo. Al\u00e9m disso, se o custo acumulado pela Funda\u00e7\u00e3o Piratini \u00e9 de 26,8 milh\u00f5es, o Governo do Estado gasta 80,6 milh\u00f5es e o Banrisul outros 48,8 milh\u00f5es em publicidade nas redes privadas de comunica\u00e7\u00e3o**. Assim, fica muito evidente que h\u00e1 solu\u00e7\u00f5es a serem buscadas, se for dado o devido valor \u00e0 cultura ga\u00facha e \u00e0 comunica\u00e7\u00e3o social p\u00fablica.<br \/>\nOcorre que nos \u00faltimos dias t\u00eam sido cada vez mais contundentes as manifesta\u00e7\u00f5es da sociedade civil afirmando que os servi\u00e7os de comunica\u00e7\u00e3o da TVE RS e FM Cultura s\u00e3o essenciais, indispens\u00e1veis e devem permanecer. Que os Deputados escutem e compreendam. Preocupante.<br \/>\n*Enquanto realizador audiovisual, integrei e presidi o CEC RS e a APTC RS, integrei o Conselho Deliberativo e fui Diretor da Programa\u00e7\u00e3o da TVE RS, integrei o Conselho e a Diretoria da FUNDACINE RS.<br \/>\n**Dados levantados junto ao Portal da Transpar\u00eancia da SEFAZ pelo Parecer Jur\u00eddico dos Sindicatos dos Radialistas e dos Jornalistas e pelo <em>press kit<\/em> produzido pela Funda\u00e7\u00e3o.<br \/>\n&nbsp;<br \/>\n&nbsp;<\/p>\n","protected":false},"excerpt":{"rendered":"<p>Guilherme Castro Cineasta, jornalista e professor O Pacote Sartori \u00e9 o atraso, porque afeta com viol\u00eancia a produ\u00e7\u00e3o de conhecimento e de cultura do Rio Grande do Sul ao pretender a extin\u00e7\u00e3o de nove Funda\u00e7\u00f5es Estaduais. A economia que ser\u00e1 feita \u00e9 insignificante, representa 0,4 % do total de gastos** e, por outro lado, o [&hellip;]<\/p>\n","protected":false},"author":21,"featured_media":42247,"comment_status":"open","ping_status":"closed","sticky":false,"template":"","format":"standard","meta":{"_jetpack_memberships_contains_paid_content":false,"footnotes":""},"categories":[82],"tags":[],"class_list":["post-42245","post","type-post","status-publish","format-standard","has-post-thumbnail","hentry","category-debates"],"aioseo_notices":[],"jetpack_featured_media_url":"","jetpack_sharing_enabled":true,"_links":{"self":[{"href":"https:\/\/www.jornalja.com.br\/especiais\/wp-json\/wp\/v2\/posts\/42245","targetHints":{"allow":["GET"]}}],"collection":[{"href":"https:\/\/www.jornalja.com.br\/especiais\/wp-json\/wp\/v2\/posts"}],"about":[{"href":"https:\/\/www.jornalja.com.br\/especiais\/wp-json\/wp\/v2\/types\/post"}],"author":[{"embeddable":true,"href":"https:\/\/www.jornalja.com.br\/especiais\/wp-json\/wp\/v2\/users\/21"}],"replies":[{"embeddable":true,"href":"https:\/\/www.jornalja.com.br\/especiais\/wp-json\/wp\/v2\/comments?post=42245"}],"version-history":[{"count":0,"href":"https:\/\/www.jornalja.com.br\/especiais\/wp-json\/wp\/v2\/posts\/42245\/revisions"}],"wp:featuredmedia":[{"embeddable":true,"href":"https:\/\/www.jornalja.com.br\/especiais\/wp-json\/"}],"wp:attachment":[{"href":"https:\/\/www.jornalja.com.br\/especiais\/wp-json\/wp\/v2\/media?parent=42245"}],"wp:term":[{"taxonomy":"category","embeddable":true,"href":"https:\/\/www.jornalja.com.br\/especiais\/wp-json\/wp\/v2\/categories?post=42245"},{"taxonomy":"post_tag","embeddable":true,"href":"https:\/\/www.jornalja.com.br\/especiais\/wp-json\/wp\/v2\/tags?post=42245"}],"curies":[{"name":"wp","href":"https:\/\/api.w.org\/{rel}","templated":true}]}}