{"id":42735,"date":"2016-12-28T16:34:23","date_gmt":"2016-12-28T19:34:23","guid":{"rendered":"http:\/\/www.jornalja.com.br\/?p=42735"},"modified":"2016-12-28T16:34:23","modified_gmt":"2016-12-28T19:34:23","slug":"qual-a-razao-da-grande-imprensa-nao-apoiar-claramente-o-governo-temer-se-apoiou-claramente-o-golpe","status":"publish","type":"post","link":"https:\/\/www.jornalja.com.br\/especiais\/qual-a-razao-da-grande-imprensa-nao-apoiar-claramente-o-governo-temer-se-apoiou-claramente-o-golpe\/","title":{"rendered":"Qual a raz\u00e3o da grande imprensa n\u00e3o apoiar claramente o Governo Temer se apoiou claramente o Golpe?"},"content":{"rendered":"<p><span class=\"assina\">Daniel V. Sebastiani &#8211; Professor Funda\u00e7\u00e3o Liberato\/NH<\/span><br \/>\nEm primeiro lugar \u00e9 preciso destacar que os valores da grande imprensa s\u00e3o capitalistas\/burgueses pelas raz\u00f5es a seguir:<\/p>\n<ol>\n<li>O propriet\u00e1rio de uma grande empresa \u00e9 um capitalista, portanto a maior probabilidade \u00e9 que pense como um capitalista, ou seja, ache que chegou a ficar rico pelos seus m\u00e9ritos ou da sua fam\u00edlia, ache que \u00e9 justo que a fam\u00edlia passe esse patrim\u00f4nio para ele, ache que as diferen\u00e7as sociais e a mis\u00e9ria s\u00e3o t\u00e3o naturais como a lei da gravidade e \u00e9 ilus\u00e3o tentar mud\u00e1-las, tenha medo de qualquer altera\u00e7\u00e3o social que ameace o seu patrim\u00f4nio e a sua seguran\u00e7a, etc.;<\/li>\n<li>Al\u00e9m do mais, uma fam\u00edlia como os Marinhos nunca teria tido todo o apoio do Governo, essencial para se tornarem um monop\u00f3lio da comunica\u00e7\u00e3o, durante a Ditadura, se fosse uma fam\u00edlia com ideias socialistas ou comunistas (!), isso vale para qualquer grande empresa do mundo capitalista, com ditadura ou n\u00e3o.<\/li>\n<\/ol>\n<p>No entanto, ter e imprimir na sua empresa\/imprensa, os valores burgueses, n\u00e3o implica, necessariamente, na mediocridade e no isolamento social. Pelo contr\u00e1rio, uma empresa de comunica\u00e7\u00e3o precisa ganhar espa\u00e7o junto aos leitores \u201cclientes\u201d.<br \/>\nIsso n\u00e3o significa que a imprensa\/empresa v\u00e1 adotar uma linha de contradi\u00e7\u00e3o com os interesses do propriet\u00e1rio, (nunca veremos a Globo atacar o monop\u00f3lio da comunica\u00e7\u00e3o ou a excessiva riqueza da fam\u00edlia Marinho, e, por analogia, qualquer princ\u00edpio que atinja os interesses mais gerais da elite brasileira, \u00e0 qual essa fam\u00edlia pertence); mas significa que ela vai mediar seu interesse com a sua receptividade junto ao seu p\u00fablico de clientes essenciais.<br \/>\nO que \u00e9 um cliente essencial? Ora, \u00e9 aquele que \u00e9 essencial a permanente capitaliza\u00e7\u00e3o da empresa.<br \/>\nE no Brasil quem \u00e9 este cliente essencial da grande imprensa? A pergunta certa \u00e9: quem permite a capitaliza\u00e7\u00e3o permanente da imprensa\/empresa?<br \/>\nAquele que garante os anunciantes, que s\u00e3o os que, por sua vez, garantem o capital da grande imprensa\/empresa: as camadas m\u00e9dias!<br \/>\nOs ricos s\u00e3o poucos, o mercado brasileiro n\u00e3o poderia sobreviver somente com eles: perceba que os an\u00fancios na imprensa, raramente s\u00e3o de artigos de alto luxo. N\u00e3o vai se gastar milh\u00f5es para fazer propaganda, no meio da novela da Globo, por exemplo, de Ferraris ou Yates, mas sim de carros que a camada m\u00e9dia pode comprar.<br \/>\nOs trabalhadores compram pouco de maior valor e, quando o fazem, seguem os padr\u00f5es, (n\u00e3o do rico cujo mundo nem enxergam), mas das camadas m\u00e9dias.<br \/>\nConclus\u00e3o: h\u00e1 uma alian\u00e7a intr\u00ednseca e profunda de interesses entre a grande imprensa\/empresa, (propriedade dos ricos), e as camadas m\u00e9dias brasileiras.<br \/>\nPrimeiro isso implica num profundo compromisso ideol\u00f3gico com o sudeste e sul do Brasil, onde se concentra o essencial da burguesia e das camadas m\u00e9dias.<br \/>\nSegundo, para proteger os interesses da burguesia, sobretudo rentista, amea\u00e7ados pelos governos populares em tempos de crise, a elite abriu m\u00e3o de um dos meios tradicionais no Brasil, (desde o Get\u00falio de 1951-54), de atrair as camadas m\u00e9dias para o seu lado: a ca\u00e7a \u00e0 corrup\u00e7\u00e3o end\u00eamica e hist\u00f3rica do estado brasileiro que, desde as capitanias heredit\u00e1rias, confunde o p\u00fablico e o privado, e que subsiste em um regime que prioriza a riqueza, como o capitalismo, gerador de corrup\u00e7\u00e3o dos EUA ao Jap\u00e3o, mas que se torna particularmente forte no Brasil, por v\u00e1rias raz\u00f5es hist\u00f3ricas, como a citada.<br \/>\nO problema \u00e9 que a grande corrup\u00e7\u00e3o beneficia essencialmente os ricos, que a usam para garantir seus interesses junto ao estado brasileiro e, subsidiariamente, aos integrantes das camadas m\u00e9dias que gerem o estado\/carreiras de estado e se deixam corromper: pol\u00edticos, militares (sobretudo na ditadura) e integrantes do judici\u00e1rio.<br \/>\nMas, a maioria das camadas m\u00e9dias nada ganha com a grande corrup\u00e7\u00e3o, (embora, de forma hip\u00f3crita, muitas vezes se beneficie da pequena, como evadir impostos, colar em provas, estacionar onde n\u00e3o pode, etc.).<br \/>\nPor isso, a camada m\u00e9dia compra o discurso e a cruzada santa contra a corrup\u00e7\u00e3o com muita facilidade, o mesmo esp\u00edrito que lhe faz desprezar o igualitarismo e o povo: uma profunda e calvinista ideia da realiza\u00e7\u00e3o pessoal pelo trabalho que, cientificamente, se mostra rid\u00edcula, falsa e base da mais abjeta hipocrisia. Mas isso eles n\u00e3o sabem ou reconhecem.<br \/>\nA grande imprensa\/empresa usou e abusou deste fen\u00f4meno para atrair as camadas m\u00e9dias contra o Governo Dilma e da esquerda, em particular do PT.<br \/>\nO problema \u00e9 que, ao contr\u00e1rio da Ditadura, que cerceava toda e qualquer informa\u00e7\u00e3o, o que restou da democracia brasileira demonstra o \u00f3bvio: o Governo Temer e seus asseclas foram, s\u00e3o e ser\u00e3o filhos do tipo de pol\u00edtica feito pela elite brasileira desde as capitanias heredit\u00e1rias, ou seja, vinculadores do interesse particular com o do estado, ou seja, mais uma vez, corruptos.<br \/>\nPara a grande empresa\/imprensa n\u00e3o \u00e9 t\u00e3o f\u00e1cil simplesmente mudar o discurso, ainda mais em rela\u00e7\u00e3o a uma camada social com elevado grau de escolariza\u00e7\u00e3o e algum conhecimento e um m\u00ednimo de cultura, como s\u00e3o as camadas m\u00e9dias brasileiras, seus clientes essenciais.<br \/>\nEssa imprensa\/empresa \u00e9 obrigada a se distanciar do Temer, mais do que gostaria, e flertar com o Judici\u00e1rio, mais do que gostaria. Quem acompanha a m\u00eddia e seus principais colunistas percebe o esfor\u00e7o em salvar o Projeto do Temer, n\u00e3o deixando desmerecer um com o outro, o que \u00e9 dif\u00edcil, e para reduzir o \u00edmpeto fan\u00e1tico da \u201cRep\u00fablica do Paran\u00e1\u201d, MP e judici\u00e1rio, sem parecer conivente com aquilo que seus clientes cultuam, incentivados pela sua pr\u00f3pria propaganda anterior.<br \/>\nEvidente, analisamos aqui um dos aspectos que comp\u00f5e a complexa realidade. H\u00e1 outros:<\/p>\n<ul>\n<li>A deriva autorit\u00e1ria, que certos setores das classes dominantes gostariam de ampliar, e que se fortalece com a a\u00e7\u00e3o do Judici\u00e1rio, do MP e da \u201cRep\u00fablica do Paran\u00e1\u201d, que desmerecem a \u201cpol\u00edtica\u201d e, por \u00f3bvia extens\u00e3o, a democracia e, t\u00e3o grave quanto, os interesses da soberania nacional;<\/li>\n<li>Os particularismos de alguns pol\u00edticos da direita de garantir mais espa\u00e7os, talvez derrubando o PMDB;<\/li>\n<li>A compreens\u00e3o de setores da elite pol\u00edtica e das classes dominantes de que \u00e9 preciso ter um Governo Federal mais forte e ilibado politicamente para aprofundar as reformas contra os trabalhadores e a massa salarial;<\/li>\n<li>A tentativa de deixar fragilizado o atual Governo para evitar que veleidades pol\u00edticas ou eleitoralistas dos pol\u00edticos n\u00e3o comprometam a for\u00e7a das reformas, etc.<\/li>\n<\/ul>\n<p>O problema \u00e9 que o Governo est\u00e1 fazendo o que as classes dominantes querem, mas est\u00e1 desgastado, e sendo desgastado pelos fan\u00e1ticos do Paran\u00e1.<br \/>\nEleger algu\u00e9m, (menos queimado pela corrup\u00e7\u00e3o ou medidas impopulares), mas eleito pelo Congresso (!), daria mais legitimidade e\/ou estabilidade para continuar as reformas anti-povo? Quais contradi\u00e7\u00f5es gerar\u00e1 uma mudan\u00e7a de governo na elite pol\u00edtica e na uni\u00e3o direita-centro no Congresso?<br \/>\nEssas d\u00favidas devem ser as deles nesse momento. Veremos o que nos aguarda em 17.<\/p>\n","protected":false},"excerpt":{"rendered":"<p>Daniel V. Sebastiani &#8211; Professor Funda\u00e7\u00e3o Liberato\/NH Em primeiro lugar \u00e9 preciso destacar que os valores da grande imprensa s\u00e3o capitalistas\/burgueses pelas raz\u00f5es a seguir: O propriet\u00e1rio de uma grande empresa \u00e9 um capitalista, portanto a maior probabilidade \u00e9 que pense como um capitalista, ou seja, ache que chegou a ficar rico pelos seus m\u00e9ritos [&hellip;]<\/p>\n","protected":false},"author":21,"featured_media":42736,"comment_status":"open","ping_status":"closed","sticky":false,"template":"","format":"standard","meta":{"_jetpack_memberships_contains_paid_content":false,"footnotes":""},"categories":[82],"tags":[43,71],"class_list":["post-42735","post","type-post","status-publish","format-standard","has-post-thumbnail","hentry","category-debates","tag-eua","tag-imprensa"],"aioseo_notices":[],"jetpack_featured_media_url":"","jetpack_sharing_enabled":true,"_links":{"self":[{"href":"https:\/\/www.jornalja.com.br\/especiais\/wp-json\/wp\/v2\/posts\/42735","targetHints":{"allow":["GET"]}}],"collection":[{"href":"https:\/\/www.jornalja.com.br\/especiais\/wp-json\/wp\/v2\/posts"}],"about":[{"href":"https:\/\/www.jornalja.com.br\/especiais\/wp-json\/wp\/v2\/types\/post"}],"author":[{"embeddable":true,"href":"https:\/\/www.jornalja.com.br\/especiais\/wp-json\/wp\/v2\/users\/21"}],"replies":[{"embeddable":true,"href":"https:\/\/www.jornalja.com.br\/especiais\/wp-json\/wp\/v2\/comments?post=42735"}],"version-history":[{"count":0,"href":"https:\/\/www.jornalja.com.br\/especiais\/wp-json\/wp\/v2\/posts\/42735\/revisions"}],"wp:featuredmedia":[{"embeddable":true,"href":"https:\/\/www.jornalja.com.br\/especiais\/wp-json\/"}],"wp:attachment":[{"href":"https:\/\/www.jornalja.com.br\/especiais\/wp-json\/wp\/v2\/media?parent=42735"}],"wp:term":[{"taxonomy":"category","embeddable":true,"href":"https:\/\/www.jornalja.com.br\/especiais\/wp-json\/wp\/v2\/categories?post=42735"},{"taxonomy":"post_tag","embeddable":true,"href":"https:\/\/www.jornalja.com.br\/especiais\/wp-json\/wp\/v2\/tags?post=42735"}],"curies":[{"name":"wp","href":"https:\/\/api.w.org\/{rel}","templated":true}]}}