{"id":44089,"date":"2017-02-02T16:40:47","date_gmt":"2017-02-02T19:40:47","guid":{"rendered":"http:\/\/www.jornalja.com.br\/?p=44089"},"modified":"2017-02-02T16:40:47","modified_gmt":"2017-02-02T19:40:47","slug":"serie-as-flores-do-mao-2016-o-golpe-do-ano-do-macaco-de-fogo-e-a-epidemia-de-dengs","status":"publish","type":"post","link":"https:\/\/www.jornalja.com.br\/especiais\/serie-as-flores-do-mao-2016-o-golpe-do-ano-do-macaco-de-fogo-e-a-epidemia-de-dengs\/","title":{"rendered":"S\u00c9RIE  As Flores do Mao &#8211; 2016: O golpe do Ano do Macaco de Fogo e a epidemia de Dengs"},"content":{"rendered":"<p><span class=\"assina\"><u><\/u>Walter morales arag\u00e3o<\/span><br \/>\nA burguesia brasileira em 2016, ano do Macaco de Fogo pelo hor\u00f3scopo chin\u00eas, esmerou-se em dar motivos para um reflorescimento de refer\u00eancias \u00e0 te\u00f3ria e \u00e0 geopol\u00edtica de Mao Ts\u00e9 Tung, no \u00e2mbito do repert\u00f3rio \u00e0 disposi\u00e7\u00e3o das lutas da classe trabalhadora brasileira. E o fez com a\u00e7\u00f5es ora mais coerentes, ora mais contradit\u00f3rias, em rela\u00e7\u00e3o \u00e0s linhas maiores do capital internacional, estas t\u00e3o prejudiciais \u00e0 imensa maioria da humanidade. E neste momento de crise violenta da globaliza\u00e7\u00e3o capitalista, sacudida pelo fracionamento da Uni\u00e3o Europeia e pela vit\u00f3ria\u00a0 do nacionalismo de Trump. Tem-se, assim, num pa\u00eds de dimens\u00f5es t\u00e3o continentais quanto \u00e0s da China, e com desigualdades sociais similarmente profundas \u00e0quelas do contexto de origem do mao\u00edsmo, uma sequ\u00eancia de movimentos da burguesia nativa os quais s\u00e3o sobremaneira prop\u00edcios \u00e0 conscientiza\u00e7\u00e3o da classe trabalhadora quanto aos limites do Estado burgu\u00eas no Brasil.<br \/>\nO impedimento da presidenta Dilma Rousseff permite primeiramente uma veross\u00edmel classifica\u00e7\u00e3o te\u00f3rica do mesmo como golpe de estado parlamentar\/midi\u00e1tico\/empresarial e judicial. Epis\u00f3dio que fenomenicamente atualizou o pouqu\u00edssimo apre\u00e7o efetivo das classes dominantes pela soberania popular, t\u00e3o celebrada na formalidade do direito p\u00e1trio. De modo particularmente grosseiro e oportunista, as classes e fra\u00e7\u00f5es de classes dominantes n\u00e3o tiveram sequer o decoro formalista de aguardar o cumprimento do mandato leg\u00edtimo e o calend\u00e1rio eleitoral regular, como ocorreu, por exemplo, em conflito semelhante, na vizinha Rep\u00fablica Argentina. O af\u00e3 pela aplica\u00e7\u00e3o de um programa ultra-neoliberal e anti-povo, com pretens\u00f5es duradouras, n\u00e3o permitiu aqui essa civilidade cerimoniosa. Indec\u00eancias e imputa\u00e7\u00f5es de responsabilidades que, entre brutalidades de princ\u00edpios e rigores de formalismo t\u00edpico das tradi\u00e7\u00f5es do Extremo Oriente, permitem associa\u00e7\u00f5es \u00e0 literatura, como por exemplo, ao conto de Jorge Lu\u00eds Borges &#8220;O descort\u00eas mestre-de-cerim\u00f4nia Kotsuk\u00ea-No-Suk\u00ea&#8221;, do livro &#8220;Hist\u00f3ria universal da inf\u00e2mia&#8221;.<br \/>\nAlinhado \u00e0 \u201cconiv\u00eancia passiva\u201d da gest\u00e3o de Barack Obama e Hillary Clinton com os golpes de estado mais ou menos \u201csuaves\u201d que ocorreram ou foram ensaiados na Am\u00e9rica Latina (Honduras, Paraguai, Equador e Bol\u00edvia), no Egito, Ucr\u00e2nia e na Turquia, como j\u00e1 apontaram v\u00e1rios analistas de rela\u00e7\u00f5es internacionais, o que seria uma coer\u00eancia relativamente ao neocolonialismo contempor\u00e2neo, o impedimento da Presidenta Dilma deixa agora as elites dominantes brasileiras em suspense diante do contradit\u00f3rio causado \u00e0 globaliza\u00e7\u00e3o capitalista pela elei\u00e7\u00e3o de Donald Trump.<br \/>\nPor outro lado, em termos da tradi\u00e7\u00e3o lesa-p\u00e1tria da burguesia nativa, tem-se um conjunto de medidas de primeira hora, anunciadas e\/ou j\u00e1 aprovadas, que refor\u00e7am aquele procedimento hist\u00f3rico. A mudan\u00e7a de regime da explora\u00e7\u00e3o do pr\u00e9-sal e medidas como a ado\u00e7\u00e3o no governo de \u201csoftwares\u201d de licen\u00e7a restrita ao inv\u00e9s dos liberados antes em uso, bem como a amplia\u00e7\u00e3o das possibilidades de aquisi\u00e7\u00e3o de terras por estrangeiros, entre outras, o comprovam. At\u00e9 mesmo as elites feudais e a burguesia do Imp\u00e9rio Chin\u00eas apresentaram mais resist\u00eancia \u00e0 domina\u00e7\u00e3o externa. E, mesmo assim, estas foram\u00a0 responsabilizadas, durante o processo revolucion\u00e1rio, pelos preju\u00edzos \u00e0 na\u00e7\u00e3o advindos destas entregas. Esta fatura por algum nacionalismo objetivo poder\u00e1 ser cobrada mais cedo do que pareceria prov\u00e1vel, dada a crise j\u00e1 referida da globaliza\u00e7\u00e3o. A tragicom\u00e9dia do travestimento nacionalista no Brasil \u2013 onde as cores nacionais foram adotadas pelos favorecedores da transnacionaliza\u00e7\u00e3o dependente \u2013 lembram cria\u00e7\u00f5es cl\u00e1ssicas da \u00f3pera chinesa tradicional.<br \/>\nE um terceiro ponto de refer\u00eancias extremo-orientais capaz de renovar um mao\u00edsmo brasileiro \u00e9 a decis\u00e3o do capital industrial de n\u00e3o fugir \u00e0 luta com seu concorrente estatal-capitalista chin\u00eas. A ideia brilhante e lucrativa \u00e9 reduzir o custo do trabalho no pa\u00eds, assemelhando-o ao dos chineses pela redu\u00e7\u00e3o dos parcos ganhos indiretos que s\u00e3o os servi\u00e7os e a previd\u00eancia p\u00fablicos. Sem, \u00e9 claro, os ganhos nacionalistas que a Rep\u00fablica Popular oferece aos seus cidad\u00e3os. H\u00e1 certo hero\u00edsmo pat\u00e9tico nesta bravura industrial com o sangue dos outros. Tal reducionismo pode viabilizar, com suor e l\u00e1grimas, a ind\u00fastria brasileira numa \u00e9poca de desindustrializa\u00e7\u00e3o geral e capitalismo financeiro. Uma epidemia de Dengs. Resta observar como a economia de mercado interno, consider\u00e1vel no Brasil, reagir\u00e1 diante desta matriz de vi\u00e9s exportador. Pode ocorrer uma revolta r\u00e1pida dos donos dos bazares ligados a religiosos exaltados, \u00e0 moda iraniana. Ou o retorno do movimento de massas ap\u00f3s um afastamento protetivo, numa nova vers\u00e3o da Longa Marcha.<\/p>\n","protected":false},"excerpt":{"rendered":"<p>Walter morales arag\u00e3o A burguesia brasileira em 2016, ano do Macaco de Fogo pelo hor\u00f3scopo chin\u00eas, esmerou-se em dar motivos para um reflorescimento de refer\u00eancias \u00e0 te\u00f3ria e \u00e0 geopol\u00edtica de Mao Ts\u00e9 Tung, no \u00e2mbito do repert\u00f3rio \u00e0 disposi\u00e7\u00e3o das lutas da classe trabalhadora brasileira. E o fez com a\u00e7\u00f5es ora mais coerentes, ora [&hellip;]<\/p>\n","protected":false},"author":21,"featured_media":44090,"comment_status":"open","ping_status":"closed","sticky":false,"template":"","format":"standard","meta":{"_jetpack_memberships_contains_paid_content":false,"footnotes":""},"categories":[82],"tags":[],"class_list":["post-44089","post","type-post","status-publish","format-standard","has-post-thumbnail","hentry","category-debates"],"aioseo_notices":[],"jetpack_featured_media_url":"","jetpack_sharing_enabled":true,"_links":{"self":[{"href":"https:\/\/www.jornalja.com.br\/especiais\/wp-json\/wp\/v2\/posts\/44089","targetHints":{"allow":["GET"]}}],"collection":[{"href":"https:\/\/www.jornalja.com.br\/especiais\/wp-json\/wp\/v2\/posts"}],"about":[{"href":"https:\/\/www.jornalja.com.br\/especiais\/wp-json\/wp\/v2\/types\/post"}],"author":[{"embeddable":true,"href":"https:\/\/www.jornalja.com.br\/especiais\/wp-json\/wp\/v2\/users\/21"}],"replies":[{"embeddable":true,"href":"https:\/\/www.jornalja.com.br\/especiais\/wp-json\/wp\/v2\/comments?post=44089"}],"version-history":[{"count":0,"href":"https:\/\/www.jornalja.com.br\/especiais\/wp-json\/wp\/v2\/posts\/44089\/revisions"}],"wp:featuredmedia":[{"embeddable":true,"href":"https:\/\/www.jornalja.com.br\/especiais\/wp-json\/"}],"wp:attachment":[{"href":"https:\/\/www.jornalja.com.br\/especiais\/wp-json\/wp\/v2\/media?parent=44089"}],"wp:term":[{"taxonomy":"category","embeddable":true,"href":"https:\/\/www.jornalja.com.br\/especiais\/wp-json\/wp\/v2\/categories?post=44089"},{"taxonomy":"post_tag","embeddable":true,"href":"https:\/\/www.jornalja.com.br\/especiais\/wp-json\/wp\/v2\/tags?post=44089"}],"curies":[{"name":"wp","href":"https:\/\/api.w.org\/{rel}","templated":true}]}}