{"id":45605,"date":"2017-03-11T21:16:20","date_gmt":"2017-03-12T00:16:20","guid":{"rendered":"https:\/\/www.jornalja.com.br\/?p=45605"},"modified":"2017-03-11T21:16:20","modified_gmt":"2017-03-12T00:16:20","slug":"pensador-do-pmdb-gaucho-diz-que-extincao-de-fundacoes-nao-tem-logica","status":"publish","type":"post","link":"https:\/\/www.jornalja.com.br\/especiais\/pensador-do-pmdb-gaucho-diz-que-extincao-de-fundacoes-nao-tem-logica\/","title":{"rendered":"Pensador do PMDB  ga\u00facho diz que extin\u00e7\u00e3o de funda\u00e7\u00f5es &#034;n\u00e3o tem l\u00f3gica&#034;"},"content":{"rendered":"<p><span class=\"assina\">Cleber Dioni Tentardini<\/span><br \/>\nFoi impressionante a manifesta\u00e7\u00e3o do professor Jo\u00e3o Carlos Brum Torres, no evento promovido pelo movimento em defesa das funda\u00e7\u00f5es, que aglutina diversos coletivos do meio cultural e intelectual do Rio Grande do Sul.<br \/>\nCientista pol\u00edtico, professor de Filosofia, intelectual influente, Brum Torres \u00e9 nome hist\u00f3rico do PMDB. Nos governos de Ant\u00f4nio Britto e Germano Rigotto, foi secret\u00e1rio de Planejamento e em ambos trabalhou num plano desenvolvimento a longo prazo para o Estado.<br \/>\nNa campanha de Sartori, era um dos tr\u00eas homens mais influentes nas decis\u00f5es. \u00a0Era considerado o &#8220;art\u00edficie do programa de governo&#8221;. Os outros eram o marqueteiro Marcos Martinelli e Carlos B\u00farigo.<br \/>\nSegundo Brum Torres, e extin\u00e7\u00e3o das funda\u00e7\u00f5es &#8220;n\u00e3o tem l\u00f3gica&#8221;.<br \/>\nEis o que ele disse no semin\u00e1rio sobre a extin\u00e7\u00e3o das funda\u00e7\u00f5es, na Assembl\u00e9ia Legislativa.<br \/>\n<em>&#8220;Voc\u00eas sabem que eu tenho uma rela\u00e7\u00e3o hist\u00f3rica com o PMDB, mas confesso que n\u00e3o \u00e9 f\u00e1cil entender as raz\u00f5es do governo. Pelo que ouvi dos operadores do projeto de extin\u00e7\u00f5es, s\u00e3o decis\u00f5es il\u00f3gicas. Enfim, acho que essas medidas s\u00e3o erradas. Gravemente erradas&#8221;. <\/em><br \/>\n<em>&#8220;Lamento especialmente pela FEE: nas duas vezes em que fui secret\u00e1rio do Planejamento do Estado, vi o quanto \u00e9 importante o trabalho da FEE na gera\u00e7\u00e3o de informa\u00e7\u00f5es fundamentais para a avalia\u00e7\u00e3o da situa\u00e7\u00e3o do Estado&#8221;. <\/em><br \/>\n<em>&#8220;O governo n\u00e3o pode se desonerar de \u00f3rg\u00e3os t\u00e9cnicos e de conhecimento. S\u00e3o institui\u00e7\u00f5es que precisam de tempo para se consolidar e n\u00e3o podem ser destru\u00eddas por erros induzidos por apr\u00eamio financeiro&#8221;. <\/em><br \/>\n<em>&#8220;Mesmo \u00f3rg\u00e3os debilitados pela crise financeira n\u00e3o podem ser descartados. H\u00e1 nisso tudo uma falta de vis\u00e3o hist\u00f3rica de longo prazo. O Rio Grande do Sul n\u00e3o vai acabar por causa dessa crise. Por isso acho que essas decis\u00f5es s\u00e3o profundamente equivocadas&#8221;.<\/em><br \/>\n&nbsp;<\/p>\n","protected":false},"excerpt":{"rendered":"<p>Cleber Dioni Tentardini Foi impressionante a manifesta\u00e7\u00e3o do professor Jo\u00e3o Carlos Brum Torres, no evento promovido pelo movimento em defesa das funda\u00e7\u00f5es, que aglutina diversos coletivos do meio cultural e intelectual do Rio Grande do Sul. Cientista pol\u00edtico, professor de Filosofia, intelectual influente, Brum Torres \u00e9 nome hist\u00f3rico do PMDB. Nos governos de Ant\u00f4nio Britto [&hellip;]<\/p>\n","protected":false},"author":4,"featured_media":45617,"comment_status":"open","ping_status":"closed","sticky":false,"template":"","format":"standard","meta":{"_jetpack_memberships_contains_paid_content":false,"footnotes":""},"categories":[8],"tags":[],"class_list":["post-45605","post","type-post","status-publish","format-standard","has-post-thumbnail","hentry","category-patrimonio"],"aioseo_notices":[],"jetpack_featured_media_url":"https:\/\/www.jornalja.com.br\/especiais\/wp-content\/uploads\/sites\/14\/2017\/03\/pensador.jpg","jetpack_sharing_enabled":true,"_links":{"self":[{"href":"https:\/\/www.jornalja.com.br\/especiais\/wp-json\/wp\/v2\/posts\/45605","targetHints":{"allow":["GET"]}}],"collection":[{"href":"https:\/\/www.jornalja.com.br\/especiais\/wp-json\/wp\/v2\/posts"}],"about":[{"href":"https:\/\/www.jornalja.com.br\/especiais\/wp-json\/wp\/v2\/types\/post"}],"author":[{"embeddable":true,"href":"https:\/\/www.jornalja.com.br\/especiais\/wp-json\/wp\/v2\/users\/4"}],"replies":[{"embeddable":true,"href":"https:\/\/www.jornalja.com.br\/especiais\/wp-json\/wp\/v2\/comments?post=45605"}],"version-history":[{"count":0,"href":"https:\/\/www.jornalja.com.br\/especiais\/wp-json\/wp\/v2\/posts\/45605\/revisions"}],"wp:featuredmedia":[{"embeddable":true,"href":"https:\/\/www.jornalja.com.br\/especiais\/wp-json\/wp\/v2\/media\/45617"}],"wp:attachment":[{"href":"https:\/\/www.jornalja.com.br\/especiais\/wp-json\/wp\/v2\/media?parent=45605"}],"wp:term":[{"taxonomy":"category","embeddable":true,"href":"https:\/\/www.jornalja.com.br\/especiais\/wp-json\/wp\/v2\/categories?post=45605"},{"taxonomy":"post_tag","embeddable":true,"href":"https:\/\/www.jornalja.com.br\/especiais\/wp-json\/wp\/v2\/tags?post=45605"}],"curies":[{"name":"wp","href":"https:\/\/api.w.org\/{rel}","templated":true}]}}