{"id":45997,"date":"2017-03-19T15:31:42","date_gmt":"2017-03-19T18:31:42","guid":{"rendered":"https:\/\/www.jornalja.com.br\/?p=45997"},"modified":"2017-03-19T15:31:42","modified_gmt":"2017-03-19T18:31:42","slug":"os-governadores-vinham-plantar-mudas-aqui-diz-seu-juliao-o-primeiro-jardineiro-do-botanico","status":"publish","type":"post","link":"https:\/\/www.jornalja.com.br\/especiais\/os-governadores-vinham-plantar-mudas-aqui-diz-seu-juliao-o-primeiro-jardineiro-do-botanico\/","title":{"rendered":"&#034;Governadores plantavam mudas aqui&#034;, diz primeiro jardineiro do Bot\u00e2nico"},"content":{"rendered":"<p><span class=\"assina\">Cleber Dioni Tentardini<\/span><br \/>\nDe Ildo Meneghetti a Simon, todos os governadores ga\u00fachos que Juli\u00e3o de Mello Prado conheceu pessoalmente estiveram no Jardim Bot\u00e2nico de Porto Alegre para plantar mudas de \u00e1rvores nativas. &#8220;Eles faziam quest\u00e3o de vir aqui, uns mais que os outros como o Brizola, o Triches, lembro tamb\u00e9m do Guazelli, do Jair Soares, o Collares&#8221;, eu me dava muito bem com eles porque comecei os jardins aqui e no Pal\u00e1cio Piratini&#8221;, diz.<br \/>\nSeu Juli\u00e3o \u00e9 um dos primeiros funcion\u00e1rios do Jardim Bot\u00e2nico. Come\u00e7ou em 1957, h\u00e1 60 anos, portanto, ao lado do padre Teodoro Luiz, o fundador, quem o convidou para trabalhar como jardineiro. O local ainda n\u00e3o havia sido aberto ao p\u00fablico.<br \/>\n<figure id=\"attachment_45999\" aria-describedby=\"caption-attachment-45999\" style=\"width: 800px\" class=\"wp-caption alignnone\"><img decoding=\"async\" class=\"wp-image-45999 size-full\" src=\"https:\/\/www.jornalja.com.br\/wp-content\/uploads\/2017\/03\/20170319_095201-2-e1489945643760.jpg\" alt=\"Seu Juli\u00e3o, primeiro agachado (da esq p dir) e colegas (em p\u00e9) Anarolino, Jo\u00e3o, Ant\u00f4nio, Euclides e M\u00e1rio, El\u00f3i e D\u00e1rio\" width=\"800\" height=\"592\" \/><figcaption id=\"caption-attachment-45999\" class=\"wp-caption-text\">Seu Juli\u00e3o, primeiro agachado (da esq p dir) e colegas (em p\u00e9) Anarolino, Jo\u00e3o, Ant\u00f4nio, Euclides e M\u00e1rio, El\u00f3i e D\u00e1rio \/Arquivo Pessoal<\/figcaption><\/figure><br \/>\n<figure id=\"attachment_46301\" aria-describedby=\"caption-attachment-46301\" style=\"width: 390px\" class=\"wp-caption alignnone\"><img decoding=\"async\" class=\"wp-image-46301\" src=\"https:\/\/www.jornalja.com.br\/wp-content\/uploads\/2017\/03\/jardineiro-antigo.jpg\" alt=\"Seu Juli\u00e3o cuidando dos jardins \/Arquivo JB\/FZB\" width=\"390\" height=\"271\" \/><figcaption id=\"caption-attachment-46301\" class=\"wp-caption-text\">Seu Juli\u00e3o cuidando dos jardins nos anos 70\/Arquivo JB\/FZB<\/figcaption><\/figure><br \/>\nAcompanhou a cria\u00e7\u00e3o da Funda\u00e7\u00e3o Zoobot\u00e2nica, e quando achou que seria devolvido \u00e0 Secretaria de Obras P\u00fablicas, onde estava registrado, o primeiro diretor da FZB, o professor ga\u00facho Albano Backes, o convidou para continuar no JB e com um sal\u00e1rio maior.<br \/>\nNeste domingo, 19 de mar\u00e7o, foi um dia especial para esse jovem alegretense de 93 anos e mem\u00f3ria irretoc\u00e1vel. Foi dia de visitar seu antigo local de trabalho e moradia, contar causos, rir, se emocionar, rever \u00e1rvores que ele plantou h\u00e1 pelo menos 50 anos e visitar a famosa placa que registrou o plantio de mudas 1959 pelo governador Brizola, e que ele n\u00e3o deixou ser quebrada pelos desafetos do l\u00edder trabalhista.<br \/>\nA cada dez passos, parava e indagava ao filho Julio: &#8220;Essa aqui \u00e9 aquela figueira que eu plantei?&#8221; Sim, pai, h\u00e1 50 anos. E o angico? E aquelas com frutas? Algumas ca\u00edram com o temporal no ver\u00e3o passado. O filho Julio conhece cada palmo do local. Foi morar com o pai l\u00e1 quando tinha um ano, e trabalha h\u00e1 40 no JB. \u00c9 um dos tr\u00eas funcion\u00e1rios mais antigos em atividade por l\u00e1.<br \/>\n<figure id=\"attachment_46000\" aria-describedby=\"caption-attachment-46000\" style=\"width: 449px\" class=\"wp-caption alignnone\"><img decoding=\"async\" class=\"wp-image-46000 size-full\" src=\"https:\/\/www.jornalja.com.br\/wp-content\/uploads\/2017\/03\/20170319_095933.jpg\" alt=\"Orgulhoso defronte \u00e0 figueira que plantou h\u00e1 50 anos\/Cleber Dioni Tentardini\" width=\"449\" height=\"800\" \/><figcaption id=\"caption-attachment-46000\" class=\"wp-caption-text\">Orgulhoso defronte \u00e0 figueira que plantou h\u00e1 50 anos\/Cleber Dioni Tentardini<\/figcaption><\/figure><br \/>\nUm ou dois anos depois da abertura do JB, foram constru\u00eddas seis casas para servir de moradia aos funcion\u00e1rios. Irm\u00e3o Teodoro entendeu que assim a \u00e1rea ficaria mais segura, porque era quase tudo campo aberto, sem cercas, e transitavam livremente por l\u00e1 criadores de animais e os pacientes da col\u00f4nia agr\u00edcola do S\u00e3o Pedro.<br \/>\n<figure id=\"attachment_46304\" aria-describedby=\"caption-attachment-46304\" style=\"width: 318px\" class=\"wp-caption alignnone\"><img decoding=\"async\" class=\"wp-image-46304 \" src=\"https:\/\/www.jornalja.com.br\/wp-content\/uploads\/2017\/03\/received_1472234002808421-300x290.jpeg\" alt=\"Uma das filhas de seu Juli\u00e3o, Elisabete, no JB, ent\u00e3o p\u00e1tio de sua casa\" width=\"318\" height=\"308\" \/><figcaption id=\"caption-attachment-46304\" class=\"wp-caption-text\">Uma das filhas de seu Juli\u00e3o, Elisabete Pinto, no JB, ent\u00e3o p\u00e1tio de sua casa<\/figcaption><\/figure><br \/>\n&#8220;Eu e mais outros dois que plantamos todas essas \u00e1rvores mais antigas aqui. O Irm\u00e3o Teodoro era muito rigoroso com tudo, nada passava sem ele perceber, nem os milhos que eu plantei na frente da minha casa, escondido dele, quer dizer, achava que ele n\u00e3o sabia, mas eu estava enganado&#8221;, diz.<br \/>\n<figure id=\"attachment_46303\" aria-describedby=\"caption-attachment-46303\" style=\"width: 323px\" class=\"wp-caption alignnone\"><img decoding=\"async\" class=\"size-full wp-image-46303\" src=\"https:\/\/www.jornalja.com.br\/wp-content\/uploads\/2017\/03\/prepara\u00e7\u00e3o-plantio-4.jpg\" alt=\"Prepara\u00e7\u00e3o para o plantio \/Arquivo JB\/FZB\" width=\"323\" height=\"239\" \/><figcaption id=\"caption-attachment-46303\" class=\"wp-caption-text\">Prepara\u00e7\u00e3o para o plantio \/Arquivo JB\/FZB<\/figcaption><\/figure><br \/>\n<figure id=\"attachment_46305\" aria-describedby=\"caption-attachment-46305\" style=\"width: 321px\" class=\"wp-caption alignnone\"><img decoding=\"async\" class=\"wp-image-46305 size-full\" src=\"https:\/\/www.jornalja.com.br\/wp-content\/uploads\/2017\/03\/prepara\u00e7\u00e3o-plantio-5.jpg\" alt=\"prepara\u00e7\u00e3o plantio 5\" width=\"321\" height=\"240\" \/><figcaption id=\"caption-attachment-46305\" class=\"wp-caption-text\">Prepara\u00e7\u00e3o para plantio\/Arquivo JB\/FZB<\/figcaption><\/figure><br \/>\n<figure id=\"attachment_46306\" aria-describedby=\"caption-attachment-46306\" style=\"width: 326px\" class=\"wp-caption alignnone\"><img decoding=\"async\" class=\" wp-image-46306\" src=\"https:\/\/www.jornalja.com.br\/wp-content\/uploads\/2017\/03\/orquid\u00e1rio.jpg\" alt=\"Constru\u00e7\u00e3o do orquid\u00e1rio \/Arquivo JB\/FZB\" width=\"326\" height=\"212\" \/><figcaption id=\"caption-attachment-46306\" class=\"wp-caption-text\">Constru\u00e7\u00e3o do orquid\u00e1rio \/Arquivo JB\/FZB<\/figcaption><\/figure><br \/>\n<figure id=\"attachment_46310\" aria-describedby=\"caption-attachment-46310\" style=\"width: 349px\" class=\"wp-caption alignnone\"><img decoding=\"async\" class=\"wp-image-46310 size-full\" src=\"https:\/\/www.jornalja.com.br\/wp-content\/uploads\/2017\/03\/cact\u00e1rio.jpg\" alt=\"Cact\u00e1rio\/Arquivo JB\/FZB\" width=\"349\" height=\"231\" \/><figcaption id=\"caption-attachment-46310\" class=\"wp-caption-text\">Cact\u00e1rio\/Arquivo JB\/FZB<\/figcaption><\/figure><br \/>\n<figure id=\"attachment_46311\" aria-describedby=\"caption-attachment-46311\" style=\"width: 347px\" class=\"wp-caption alignnone\"><img decoding=\"async\" class=\"wp-image-46311 size-full\" src=\"https:\/\/www.jornalja.com.br\/wp-content\/uploads\/2017\/03\/antiga.jpg\" alt=\"antiga\" width=\"347\" height=\"240\" srcset=\"https:\/\/www.jornalja.com.br\/especiais\/wp-content\/uploads\/sites\/14\/2017\/03\/antiga.jpg 347w, https:\/\/www.jornalja.com.br\/especiais\/wp-content\/uploads\/sites\/14\/2017\/03\/antiga-300x207.jpg 300w\" sizes=\"(max-width: 347px) 100vw, 347px\" \/><figcaption id=\"caption-attachment-46311\" class=\"wp-caption-text\">Entrada do JB, ao fundo Col\u00f4nia Agr\u00edcola do HSP\/Arquivo JB\/FZB<\/figcaption><\/figure><br \/>\n<figure id=\"attachment_46313\" aria-describedby=\"caption-attachment-46313\" style=\"width: 350px\" class=\"wp-caption alignnone\"><img decoding=\"async\" class=\" wp-image-46313\" src=\"https:\/\/www.jornalja.com.br\/wp-content\/uploads\/2017\/03\/cole\u00e7\u00f5es.jpg\" alt=\"Transporte de cole\u00e7\u00f5es\/Arquivo JB\/FZB\" width=\"350\" height=\"241\" \/><figcaption id=\"caption-attachment-46313\" class=\"wp-caption-text\">Transporte de cole\u00e7\u00f5es\/Arquivo JB\/FZB<\/figcaption><\/figure><br \/>\n<figure id=\"attachment_46314\" aria-describedby=\"caption-attachment-46314\" style=\"width: 353px\" class=\"wp-caption alignnone\"><img decoding=\"async\" class=\" wp-image-46314\" src=\"https:\/\/www.jornalja.com.br\/wp-content\/uploads\/2017\/03\/prepara\u00e7\u00e3o-plantio1.jpg\" alt=\"Prepara\u00e7\u00e3o para plantio\/Arquivo JB\/FZB\" width=\"353\" height=\"269\" \/><figcaption id=\"caption-attachment-46314\" class=\"wp-caption-text\">Prepara\u00e7\u00e3o para plantio\/Arquivo JB\/FZB<\/figcaption><\/figure><br \/>\n<figure id=\"attachment_46297\" aria-describedby=\"caption-attachment-46297\" style=\"width: 345px\" class=\"wp-caption alignleft\"><img decoding=\"async\" class=\"wp-image-46297 \" src=\"https:\/\/www.jornalja.com.br\/wp-content\/uploads\/2017\/03\/20170323_092025-1-209x300.jpg\" alt=\"Governador Ant\u00f4nio Britto observa seu secret\u00e1rio da Agricultura, C\u00e9sar Schirmer plantando muda, em 10 de setembro de 1997\" width=\"345\" height=\"491\" \/><figcaption id=\"caption-attachment-46297\" class=\"wp-caption-text\">Governador Ant\u00f4nio Britto observa o secret\u00e1rio C\u00e9sar Schirmer plantando muda, em 10\/09\/1997<\/figcaption><\/figure><br \/>\n<figure id=\"attachment_46298\" aria-describedby=\"caption-attachment-46298\" style=\"width: 347px\" class=\"wp-caption alignleft\"><img decoding=\"async\" class=\"wp-image-46298 \" src=\"https:\/\/www.jornalja.com.br\/wp-content\/uploads\/2017\/03\/20170323_092819.jpg\" alt=\"20170323_092819\" width=\"347\" height=\"249\" \/><figcaption id=\"caption-attachment-46298\" class=\"wp-caption-text\">Governador Britto conversando com alunos uruguaios no Jardim Bot\u00e2nico\/Arquivo JB\/FZB<\/figcaption><\/figure><\/p>\n","protected":false},"excerpt":{"rendered":"<p>Cleber Dioni Tentardini De Ildo Meneghetti a Simon, todos os governadores ga\u00fachos que Juli\u00e3o de Mello Prado conheceu pessoalmente estiveram no Jardim Bot\u00e2nico de Porto Alegre para plantar mudas de \u00e1rvores nativas. &#8220;Eles faziam quest\u00e3o de vir aqui, uns mais que os outros como o Brizola, o Triches, lembro tamb\u00e9m do Guazelli, do Jair Soares, [&hellip;]<\/p>\n","protected":false},"author":4,"featured_media":45998,"comment_status":"open","ping_status":"closed","sticky":false,"template":"","format":"standard","meta":{"_jetpack_memberships_contains_paid_content":false,"footnotes":""},"categories":[8],"tags":[],"class_list":["post-45997","post","type-post","status-publish","format-standard","has-post-thumbnail","hentry","category-patrimonio"],"aioseo_notices":[],"jetpack_featured_media_url":"https:\/\/www.jornalja.com.br\/especiais\/wp-content\/uploads\/sites\/14\/2017\/03\/20170319-100912-e1489945680339.jpg","jetpack_sharing_enabled":true,"_links":{"self":[{"href":"https:\/\/www.jornalja.com.br\/especiais\/wp-json\/wp\/v2\/posts\/45997","targetHints":{"allow":["GET"]}}],"collection":[{"href":"https:\/\/www.jornalja.com.br\/especiais\/wp-json\/wp\/v2\/posts"}],"about":[{"href":"https:\/\/www.jornalja.com.br\/especiais\/wp-json\/wp\/v2\/types\/post"}],"author":[{"embeddable":true,"href":"https:\/\/www.jornalja.com.br\/especiais\/wp-json\/wp\/v2\/users\/4"}],"replies":[{"embeddable":true,"href":"https:\/\/www.jornalja.com.br\/especiais\/wp-json\/wp\/v2\/comments?post=45997"}],"version-history":[{"count":0,"href":"https:\/\/www.jornalja.com.br\/especiais\/wp-json\/wp\/v2\/posts\/45997\/revisions"}],"wp:featuredmedia":[{"embeddable":true,"href":"https:\/\/www.jornalja.com.br\/especiais\/wp-json\/wp\/v2\/media\/45998"}],"wp:attachment":[{"href":"https:\/\/www.jornalja.com.br\/especiais\/wp-json\/wp\/v2\/media?parent=45997"}],"wp:term":[{"taxonomy":"category","embeddable":true,"href":"https:\/\/www.jornalja.com.br\/especiais\/wp-json\/wp\/v2\/categories?post=45997"},{"taxonomy":"post_tag","embeddable":true,"href":"https:\/\/www.jornalja.com.br\/especiais\/wp-json\/wp\/v2\/tags?post=45997"}],"curies":[{"name":"wp","href":"https:\/\/api.w.org\/{rel}","templated":true}]}}