{"id":46856,"date":"2017-04-06T11:44:30","date_gmt":"2017-04-06T14:44:30","guid":{"rendered":"https:\/\/www.jornalja.com.br\/?p=46856"},"modified":"2017-04-06T11:44:30","modified_gmt":"2017-04-06T14:44:30","slug":"jardim-botanico-pode-integrar-o-patrimonio-cultural-e-historico-de-porto-alegre","status":"publish","type":"post","link":"https:\/\/www.jornalja.com.br\/especiais\/jardim-botanico-pode-integrar-o-patrimonio-cultural-e-historico-de-porto-alegre\/","title":{"rendered":"Jardim Bot\u00e2nico pode integrar o Patrim\u00f4nio Cultural e Hist\u00f3rico de Porto Alegre"},"content":{"rendered":"<p><span class=\"assina\">Cleber Dioni Tentardini<\/span><br \/>\nO vereador Marcelo Sgarbossa (PT) apresentou projeto que prop\u00f5e o\u00a0tombamento do im\u00f3vel onde est\u00e1 a sede do Jardim Bot\u00e2nico\u00a0de Porto Alegre. Se aprovado o projeto, o im\u00f3vel passar\u00e1 a integrar o Patrim\u00f4nio Cultural e Hist\u00f3rico do Munic\u00edpio de Porto Alegre, ficando\u00a0vedadas altera\u00e7\u00f5es que o modifiquem ou descaracterizem.<br \/>\nO Jardim Bot\u00e2nico \u00e9 considerado um dos cinco maiores do Brasil, possuindo um acervo significativo da flora regional. Em 2003, tornou-se tamb\u00e9m patrim\u00f4nio cultural do Estado do Rio Grande do Sul. &#8220;Com a miss\u00e3o de realizar a conserva\u00e7\u00e3o integrada da flora nativa e dos ecossistemas regionais, tornando-se um centro de refer\u00eancia para a pesquisa, a educa\u00e7\u00e3o, a cultura e o lazer, contribuindo para a qualidade de vida, o Jardim Bot\u00e2nico possui 8 mil exemplares de 650 esp\u00e9cies da flora nativa do Estado&#8221;, afirma o vereador.<br \/>\nAl\u00e9m do manejo, da manuten\u00e7\u00e3o e da amplia\u00e7\u00e3o das cole\u00e7\u00f5es vivas de plantas, o Jardim Bot\u00e2nico realiza pesquisas com plantas amea\u00e7adas de extin\u00e7\u00e3o e diversas atividades educativas e culturais. &#8220;E um pulm\u00e3o verde da Capital, um dos locais mais apraz\u00edveis da cidade, notabilizando-se pela guarda de significativas cole\u00e7\u00f5es cient\u00edficas&#8221;, completa\u00a0Sgarbossa.<\/p>\n","protected":false},"excerpt":{"rendered":"<p>Cleber Dioni Tentardini O vereador Marcelo Sgarbossa (PT) apresentou projeto que prop\u00f5e o\u00a0tombamento do im\u00f3vel onde est\u00e1 a sede do Jardim Bot\u00e2nico\u00a0de Porto Alegre. Se aprovado o projeto, o im\u00f3vel passar\u00e1 a integrar o Patrim\u00f4nio Cultural e Hist\u00f3rico do Munic\u00edpio de Porto Alegre, ficando\u00a0vedadas altera\u00e7\u00f5es que o modifiquem ou descaracterizem. O Jardim Bot\u00e2nico \u00e9 considerado [&hellip;]<\/p>\n","protected":false},"author":4,"featured_media":46857,"comment_status":"open","ping_status":"closed","sticky":false,"template":"","format":"standard","meta":{"_jetpack_memberships_contains_paid_content":false,"footnotes":""},"categories":[8],"tags":[],"class_list":["post-46856","post","type-post","status-publish","format-standard","has-post-thumbnail","hentry","category-patrimonio"],"aioseo_notices":[],"jetpack_featured_media_url":"","jetpack_sharing_enabled":true,"_links":{"self":[{"href":"https:\/\/www.jornalja.com.br\/especiais\/wp-json\/wp\/v2\/posts\/46856","targetHints":{"allow":["GET"]}}],"collection":[{"href":"https:\/\/www.jornalja.com.br\/especiais\/wp-json\/wp\/v2\/posts"}],"about":[{"href":"https:\/\/www.jornalja.com.br\/especiais\/wp-json\/wp\/v2\/types\/post"}],"author":[{"embeddable":true,"href":"https:\/\/www.jornalja.com.br\/especiais\/wp-json\/wp\/v2\/users\/4"}],"replies":[{"embeddable":true,"href":"https:\/\/www.jornalja.com.br\/especiais\/wp-json\/wp\/v2\/comments?post=46856"}],"version-history":[{"count":0,"href":"https:\/\/www.jornalja.com.br\/especiais\/wp-json\/wp\/v2\/posts\/46856\/revisions"}],"wp:featuredmedia":[{"embeddable":true,"href":"https:\/\/www.jornalja.com.br\/especiais\/wp-json\/"}],"wp:attachment":[{"href":"https:\/\/www.jornalja.com.br\/especiais\/wp-json\/wp\/v2\/media?parent=46856"}],"wp:term":[{"taxonomy":"category","embeddable":true,"href":"https:\/\/www.jornalja.com.br\/especiais\/wp-json\/wp\/v2\/categories?post=46856"},{"taxonomy":"post_tag","embeddable":true,"href":"https:\/\/www.jornalja.com.br\/especiais\/wp-json\/wp\/v2\/tags?post=46856"}],"curies":[{"name":"wp","href":"https:\/\/api.w.org\/{rel}","templated":true}]}}