{"id":73772,"date":"2019-04-18T14:00:50","date_gmt":"2019-04-18T17:00:50","guid":{"rendered":"http:\/\/www.jornalja.com.br\/?p=73772"},"modified":"2020-09-23T19:07:13","modified_gmt":"2020-09-23T22:07:13","slug":"repressao-aos-crimes-virtuais-desafia-policia","status":"publish","type":"post","link":"https:\/\/www.jornalja.com.br\/especiais\/repressao-aos-crimes-virtuais-desafia-policia\/","title":{"rendered":"Repress\u00e3o aos crimes virtuais desafia pol\u00edcia ga\u00facha"},"content":{"rendered":"<p><img decoding=\"async\" class=\"alignright wp-image-74049 size-thumbnail\" src=\"http:\/\/www.jornalja.com.br\/wp-content\/uploads\/2019\/04\/Selo-As-redes-do-\u00f3dio-190x190.jpg\" alt=\"\" width=\"190\" height=\"190\" \/><span class=\"olho\" style=\"font-weight: 400;\"><span class=\"assina\">Por Tiago Lobo<\/span><\/span><\/p>\n<p>Amea\u00e7as inspiradas no atentado de Suzano pegaram as for\u00e7as policiais do RS de surpresa. Desde junho de 2010, com a cria\u00e7\u00e3o da Delegacia de Repress\u00e3o aos Crimes de Inform\u00e1tica (DRCI), foi a primeira vez que a Pol\u00edcia Civil Ga\u00facha teve que investigar poss\u00edveis tiroteios em massa no Estado. Com falta de efetivo e investimento em tecnologia, a Civil conseguiu reagir antes que o pior acontecesse.<\/p>\n<p><span style=\"font-weight: 400;\">Com aproximadamente 500 procedimentos abertos, entre inqu\u00e9ritos e termos circunstanciados, a pasta comandada a pouco mais de um m\u00eas pelo Delegado Andr\u00e9 Anicet, conta apenas com quatro policiais entre inspetores e escriv\u00e3es. Apenas um deles possui forma\u00e7\u00e3o em \u00e1rea relacionada: sistemas de informa\u00e7\u00e3o. <\/span><\/p>\n<p><span style=\"font-weight: 400;\">A DRCI atua a partir de den\u00fancias. Entre os principais casos est\u00e3o golpes na internet (estelionato) e extors\u00e3o sexual &#8211; quando uma pessoa \u00e9 chantageada por algu\u00e9m de posse de fotos nuas, por exemplo. <\/span><\/p>\n<p><span style=\"font-weight: 400;\">As amea\u00e7as pelo estado vieram \u00e0 tona a partir da repercuss\u00e3o de Suzano. At\u00e9 ent\u00e3o, segundo o delegado e o inspetor Amaral, que est\u00e1 h\u00e1 3 anos na delegacia, amea\u00e7as de tiroteios em escolas n\u00e3o eram uma realidade no RS. <\/span><\/p>\n<p><span style=\"font-weight: 400;\">A escalada come\u00e7ou a partir do alerta \u00e0 Rede Marista. A maioria das amea\u00e7as partiram de adolescentes passando trotes. A pol\u00edcia segue recebendo e apurando den\u00fancias, mas o volume vem caindo. <\/span><\/p>\n<p><span style=\"font-weight: 400;\">Os autores podem responder por apologia ao crime, amea\u00e7a, associa\u00e7\u00e3o criminosa e at\u00e9 responder por ato terrorista. Mobilizar for\u00e7as de seguran\u00e7a a partir de um mero trote e provocar alarde e p\u00e2nico na sociedade tamb\u00e9m \u00e9 crime. <\/span><\/p>\n<p><span style=\"font-weight: 400;\">O delegado revela, com certa cautela, que de todas as den\u00fancias recebidas at\u00e9 agora, duas eram potencialmente mais preocupantes. Anicet ressalta que mensurar potencial \u00e9 dif\u00edcil, mas nestes dois casos os autores teriam meios para perpetrar um ataque &#8211; ambos j\u00e1 foram identificados e detidos.<\/span><\/p>\n<p><span style=\"font-weight: 400;\">\u201cO caso do col\u00e9gio Marista foi uma mera ame\u00e7a, uma <em>Fake News<\/em>\u201d, revela o delegado. <\/span><\/p>\n<p><span style=\"font-weight: 400;\">A apura\u00e7\u00e3o de crimes praticados na internet come\u00e7a com algumas t\u00e9cnicas espec\u00edficas de coleta de dados e informa\u00e7\u00f5es. Em dado momento do inqu\u00e9rito ela se torna um trabalho de investiga\u00e7\u00e3o tradicional.<\/span><\/p>\n<p><span style=\"font-weight: 400;\">Atualmente o pr\u00f3prio delegado pode solicitar \u00e0 plataformas como Facebook, Twitter e outras redes sociais, assim como empresas de telefonia, dados cadastrais de um suspeito. Informa\u00e7\u00f5es mais detalhadas que permitam o rastreio do endere\u00e7o de IP de um computador, por exemplo, ainda requerem ordem judicial. O que \u00e9 visto como um entrave em casos urgentes.<\/span><\/p>\n<p><span style=\"font-weight: 400;\">Apesar do efetivo reduzido, a DRCI n\u00e3o age sozinha. Al\u00e9m das delegacias locais da Pol\u00edcia Civil que atuam nas investiga\u00e7\u00f5es, ela conta com relat\u00f3rios do Gabinete de Intelig\u00eancia Estrat\u00e9gica e da Secretaria de Seguran\u00e7a P\u00fablica para fazer cruzamentos de dados e estabelecer, por exemplo, se as amea\u00e7as \u00e0s escolas do estado possuem alguma conex\u00e3o entre si. <\/span><\/p>\n<p><span style=\"font-weight: 400;\">Investiga\u00e7\u00f5es em andamento, mas pelo tom do delegado n\u00e3o parece ser o caso. <\/span><\/p>\n<p><span style=\"font-weight: 400;\">A Pol\u00edcia Civil do RS ainda n\u00e3o possui tecnologia para rastrear usu\u00e1rios na Deep Web, como no f\u00f3rum Dogolachan, de onde j\u00e1 partiram algumas amea\u00e7as, por isso as investiga\u00e7\u00f5es contam com a ajuda da popula\u00e7\u00e3o. Den\u00fancias levam aos autores. <\/span><\/p>\n<p><span style=\"font-weight: 400;\">Apesar disso o Delegado ressalta que, ao contr\u00e1rio da cren\u00e7a popular, \u201cn\u00e3o \u00e9 verdade que a Deep Web \u00e9 irrastre\u00e1vel. N\u00e3o temos estrutura pra isso no momento, mas \u00e9 poss\u00edvel\u201d. <\/span><\/p>\n<p><span style=\"font-weight: 400;\">O WhatsApp, por exemplo, tamb\u00e9m n\u00e3o \u00e9 invis\u00edvel ao monitoramento da pol\u00edcia. Ela n\u00e3o pode acessar o conte\u00fado de trocas de mensagens por conta da criptografia da ferramenta, mas consegue saber quem e quando um suspeito se comunicou com outro pelo aplicativo. <\/span><\/p>\n<p><span style=\"font-weight: 400;\">\u201cAcredito que o futuro da criminalidade \u00e9 digital\u201d, afirma o delegado. Pelo visto o da investiga\u00e7\u00e3o tamb\u00e9m: o inspetor Amaral, por exemplo, conta que pediu para integrar a DRCI ap\u00f3s alguns anos na Homic\u00eddios. Ele realizou uma capacita\u00e7\u00e3o via Minist\u00e9rio da Justi\u00e7a para opera\u00e7\u00e3o de um software desenvolvido pela pol\u00edcia Canadense para rastrear conte\u00fado ped\u00f3filo na surface (a internet que todos n\u00f3s navegamos) e Deep Web.<\/span><\/p>\n<p><span style=\"font-weight: 400;\">O caso de maior repercuss\u00e3o nos \u00faltimos tr\u00eas anos da pasta foi gerado por desinforma\u00e7\u00e3o:\u00a0 <\/span><span style=\"font-weight: 400;\">\u201cA Baleia azul se tornou potencialmente ofensiva por causa da m\u00eddia\u201d, opina o Inspetor. <\/span><\/p>\n<p><span style=\"font-weight: 400;\">A exposi\u00e7\u00e3o da imprensa levou o DRCI a instaurar um inqu\u00e9rito para investigar se havia organiza\u00e7\u00e3o criminosa nesse caso. Suspeitos foram monitorados, identificados e apurou-se que n\u00e3o havia crime. <\/span><\/p>\n<p><span style=\"font-weight: 400;\">O \u201cjogo da Baleia Azul\u201d foi um boato que chegou ao Brasil em 2017, com a ideia de que levaria crian\u00e7as a cometerem suic\u00eddio, o que supostamente j\u00e1 havia acontecido na R\u00fassia. <\/span><\/p>\n<p><span style=\"font-weight: 400;\">Mas fique tranquilo: tudo n\u00e3o passou de um boato que a imprensa repercutiu sem apurar devidamente. Em audi\u00eancia p\u00fablica na C\u00e2mara dos Deputados, em Bras\u00edlia, o presidente da ONG Safernet, Thiago Tavarez, esclareceu que \u201cessa not\u00edcia falsa que nasceu na R\u00fassia e chegou ao Brasil de forma sensacionalista e alarmista acabou servindo de gatilho para um efeito de imita\u00e7\u00e3o\u201d. Com a \u201cBoneca Momo\u201d (<\/span><i><span style=\"font-weight: 400;\">google it<\/span><\/i><span style=\"font-weight: 400;\">) n\u00e3o foi diferente. <\/span><\/p>\n<p><span style=\"font-weight: 400;\">Se apenas cinco servidores comp\u00f5em uma das delegacias mais importantes em um momento de repercuss\u00e3o de tiroteios em massa planejados e incentivados pela Deep Web, o inspetor Amaral relata a sua surpresa ao se deparar com a estrutura da delegacia da mesma pasta no Rio de Janeiro, capital. 30 policiais, plant\u00e3o 24h, atendimento especializado e estrutura qualificada. <\/span><\/p>\n<p><span style=\"font-weight: 400;\">\u201cEles est\u00e3o anos-luz na nossa frente\u201d, afirma Amaral. <\/span><\/p>\n<p><span style=\"font-weight: 400;\">Al\u00e9m de conduzir investiga\u00e7\u00f5es, a delegacia ainda presta atendimento ao p\u00fablico: mas nem todas as pessoas que visitam a delegacia s\u00e3o v\u00edtimas ou deveriam estar l\u00e1&#8230; Muitas vezes n\u00e3o h\u00e1 crime: \u201cQual a legisla\u00e7\u00e3o aplic\u00e1vel para lan\u00e7ar um site?\u201d, \u201ccomo deixar meu site seguro?\u201d, \u201ccelulares que falam sozinhos\u201d e etc despendem um tempo dos policiais para assuntos que n\u00e3o s\u00e3o trabalho de pol\u00edcia. <\/span><\/p>\n<p><span style=\"font-weight: 400;\">Pergunto aos dois: com o atual efetivo da delegacia de repress\u00e3o a crimes inform\u00e1ticos \u00e9 poss\u00edvel dar conta? Eles n\u00e3o hesitam e despejam um \u201cn\u00e3o\u201d com certa frustra\u00e7\u00e3o. <\/span><\/p>\n<p><span style=\"font-weight: 400;\">\u201cAcho que o maior investimento em termos de Pol\u00edcia e repress\u00e3o deveria ser em tecnologia e pessoal. O caso Marielle, por exemplo, foi praticamente uma investiga\u00e7\u00e3o cibern\u00e9tica\u201d, defende o delegado. \u201cEsperamos ter mais gente agora com um novo concurso. A equipe \u00e9 pequena\u201d. <\/span><\/p>\n<p><span style=\"font-weight: 400;\">\u201cH\u00e1 motivo para p\u00e2nico?\u201d, pergunto: \u201cas pessoas tem que ter o cuidado de sempre e se suspeitarem de alguma coisa denunciarem\u201d, \u00e9 a recomenda\u00e7\u00e3o do delegado Anicet.<\/span><br \/>\n<span class=\"intertit\">Denuncia de amea\u00e7as de tiroteios em massa podem ser feitas pelo telefone 08005102828<\/span><\/p>\n","protected":false},"excerpt":{"rendered":"<p>Por Tiago Lobo Amea\u00e7as inspiradas no atentado de Suzano pegaram as for\u00e7as policiais do RS de surpresa. Desde junho de 2010, com a cria\u00e7\u00e3o da Delegacia de Repress\u00e3o aos Crimes de Inform\u00e1tica (DRCI), foi a primeira vez que a Pol\u00edcia Civil Ga\u00facha teve que investigar poss\u00edveis tiroteios em massa no Estado. Com falta de efetivo [&hellip;]<\/p>\n","protected":false},"author":4,"featured_media":78877,"comment_status":"open","ping_status":"closed","sticky":false,"template":"","format":"standard","meta":{"_jetpack_memberships_contains_paid_content":false,"footnotes":""},"categories":[10],"tags":[11,12,13,14,15,23,16,34,35,71,18,19,21,30,22,76,39],"class_list":["post-73772","post","type-post","status-publish","format-standard","has-post-thumbnail","hentry","category-as-redes-do-odio","tag-ameacas","tag-as-redes-do-odio","tag-deep-web","tag-delegacia-de-repressao-aos-crimes-informaticos","tag-delegado-andre-anicet","tag-dogolachan","tag-drci","tag-facebook","tag-google","tag-imprensa","tag-inspetor-amaral","tag-rede-marista","tag-serie-especial","tag-suzano","tag-tiago-lobo","tag-tiroteios-em-massa","tag-twitter"],"aioseo_notices":[],"jetpack_featured_media_url":"https:\/\/www.jornalja.com.br\/especiais\/wp-content\/uploads\/sites\/14\/2020\/08\/505620-phtvx2-966-scaled.jpg","jetpack_sharing_enabled":true,"_links":{"self":[{"href":"https:\/\/www.jornalja.com.br\/especiais\/wp-json\/wp\/v2\/posts\/73772","targetHints":{"allow":["GET"]}}],"collection":[{"href":"https:\/\/www.jornalja.com.br\/especiais\/wp-json\/wp\/v2\/posts"}],"about":[{"href":"https:\/\/www.jornalja.com.br\/especiais\/wp-json\/wp\/v2\/types\/post"}],"author":[{"embeddable":true,"href":"https:\/\/www.jornalja.com.br\/especiais\/wp-json\/wp\/v2\/users\/4"}],"replies":[{"embeddable":true,"href":"https:\/\/www.jornalja.com.br\/especiais\/wp-json\/wp\/v2\/comments?post=73772"}],"version-history":[{"count":5,"href":"https:\/\/www.jornalja.com.br\/especiais\/wp-json\/wp\/v2\/posts\/73772\/revisions"}],"predecessor-version":[{"id":78973,"href":"https:\/\/www.jornalja.com.br\/especiais\/wp-json\/wp\/v2\/posts\/73772\/revisions\/78973"}],"wp:featuredmedia":[{"embeddable":true,"href":"https:\/\/www.jornalja.com.br\/especiais\/wp-json\/wp\/v2\/media\/78877"}],"wp:attachment":[{"href":"https:\/\/www.jornalja.com.br\/especiais\/wp-json\/wp\/v2\/media?parent=73772"}],"wp:term":[{"taxonomy":"category","embeddable":true,"href":"https:\/\/www.jornalja.com.br\/especiais\/wp-json\/wp\/v2\/categories?post=73772"},{"taxonomy":"post_tag","embeddable":true,"href":"https:\/\/www.jornalja.com.br\/especiais\/wp-json\/wp\/v2\/tags?post=73772"}],"curies":[{"name":"wp","href":"https:\/\/api.w.org\/{rel}","templated":true}]}}