{"id":78561,"date":"2019-10-27T06:00:03","date_gmt":"2019-10-27T09:00:03","guid":{"rendered":"https:\/\/www.jornalja.com.br\/?p=78561"},"modified":"2019-10-27T06:00:03","modified_gmt":"2019-10-27T09:00:03","slug":"jose-luiz-braga-mauricio","status":"publish","type":"post","link":"https:\/\/www.jornalja.com.br\/especiais\/jose-luiz-braga-mauricio\/","title":{"rendered":"Jos\u00e9 Luiz Braga Mauricio"},"content":{"rendered":"<p>\u00c9 licenciado em Estudos Sociais pela UFPel, ex-oper\u00e1rio e ex-estudante de Medicina e de Enfermagem. Pelotense nascido em 1944, teve sua vida marcada pela ditadura civil militar brasileira. Sua experi\u00eancia pol\u00edtica e as sequelas sofridas pelo terror da ditadura marcam fortemente seus textos. Foi militante do PCB, mais tarde do PCdoB e da FARP- For\u00e7a Armada Revolucion\u00e1ria Popular, de Pelotas (RS). Depois de ter sido preso pelo Departamento de Ordem Pol\u00edtica e Social \u2013 DOPS, em dezembro de 1966, seu sofrimento ps\u00edquico aumentou, atingindo a culmin\u00e2ncia depois da segunda pris\u00e3o, em 1967. Tem um livro publicado \u2013 Viva a Liberdade! \u2013 de 1992, e recebeu o Pr\u00eamio de Literatura Jo\u00e3o Sim\u00f5es Lopes Neto, edi\u00e7\u00e3o de 1987. As duas balizas que ajudam a manter vivo este ex-suicida s\u00e3o o amor de sua esposa \u2013 a artista pl\u00e1stica Seli Maur\u00edcio \u2013 e a poesia.<br \/>\n&nbsp;<br \/>\n<span class=\"intertit\">Circunst\u00e2ncias <\/span><br \/>\nHavia virilidade demais&#8230; e isto era uma amea\u00e7a!<br \/>\nHavia risos demasiadamente felizes<br \/>\ne isto destoava com a coer\u00e7\u00e3o reinante.<br \/>\nHavia palavras, muitas palavras&#8230; conversas longas\u2026<br \/>\ne sem fim&#8230; cheias de pausas e de medos!<br \/>\ne de arrepios&#8230; e isto era suspeito<br \/>\nHavia Amor e isto foi demais: a mal\u00edcia, a intriga e a inveja<br \/>\nlevaram seu recado ao ci\u00fame<br \/>\nque decretou a abertura da caixa de Pandora<br \/>\ne, ent\u00e3o todos falaram e gritaram ao mesmo tempo<br \/>\ne a indigna\u00e7\u00e3o acendeu o fogo das faces<br \/>\ne se esbofetearam e se condenaram mutuamente<br \/>\nao degredo perp\u00e9tuo.<br \/>\nDesde ent\u00e3o a monotonia tomou o lugar dos jogos<br \/>\ne o t\u00e9dio tornou-se um muro seguro<br \/>\ncontra qualquer tentativa de novas amizades.<br \/>\ndaquele tempo<br \/>\n&nbsp;<br \/>\n<span class=\"intertit\">Estou quieto <\/span><br \/>\nEstou quieto, muito quieto,<br \/>\ninsatisfeito, embora, e a\u00ed v\u00eaem as doses<br \/>\n[bestificantes;<br \/>\nIsto n\u00e3o \u00e9 uma poesia, isto \u00e9 uma confiss\u00e3o de derrota:<br \/>\nn\u00e3o querem, n\u00e3o permitem que eu me defenda<br \/>\nn\u00e3o querem, n\u00e3o permitem que eu me defenda<br \/>\nn\u00e3o querem, n\u00e3o permitem que eu me defenda<br \/>\nn\u00e3o querem, n\u00e3o permitem que eu me defenda<\/p>\n","protected":false},"excerpt":{"rendered":"<p>\u00c9 licenciado em Estudos Sociais pela UFPel, ex-oper\u00e1rio e ex-estudante de Medicina e de Enfermagem. Pelotense nascido em 1944, teve sua vida marcada pela ditadura civil militar brasileira. Sua experi\u00eancia pol\u00edtica e as sequelas sofridas pelo terror da ditadura marcam fortemente seus textos. Foi militante do PCB, mais tarde do PCdoB e da FARP- For\u00e7a [&hellip;]<\/p>\n","protected":false},"author":4,"featured_media":0,"comment_status":"open","ping_status":"closed","sticky":false,"template":"","format":"standard","meta":{"_jetpack_memberships_contains_paid_content":false,"footnotes":""},"categories":[7],"tags":[],"class_list":["post-78561","post","type-post","status-publish","format-standard","hentry","category-hotsite-poetas-da-dura-noite"],"aioseo_notices":[],"jetpack_featured_media_url":"","jetpack_sharing_enabled":true,"_links":{"self":[{"href":"https:\/\/www.jornalja.com.br\/especiais\/wp-json\/wp\/v2\/posts\/78561","targetHints":{"allow":["GET"]}}],"collection":[{"href":"https:\/\/www.jornalja.com.br\/especiais\/wp-json\/wp\/v2\/posts"}],"about":[{"href":"https:\/\/www.jornalja.com.br\/especiais\/wp-json\/wp\/v2\/types\/post"}],"author":[{"embeddable":true,"href":"https:\/\/www.jornalja.com.br\/especiais\/wp-json\/wp\/v2\/users\/4"}],"replies":[{"embeddable":true,"href":"https:\/\/www.jornalja.com.br\/especiais\/wp-json\/wp\/v2\/comments?post=78561"}],"version-history":[{"count":0,"href":"https:\/\/www.jornalja.com.br\/especiais\/wp-json\/wp\/v2\/posts\/78561\/revisions"}],"wp:attachment":[{"href":"https:\/\/www.jornalja.com.br\/especiais\/wp-json\/wp\/v2\/media?parent=78561"}],"wp:term":[{"taxonomy":"category","embeddable":true,"href":"https:\/\/www.jornalja.com.br\/especiais\/wp-json\/wp\/v2\/categories?post=78561"},{"taxonomy":"post_tag","embeddable":true,"href":"https:\/\/www.jornalja.com.br\/especiais\/wp-json\/wp\/v2\/tags?post=78561"}],"curies":[{"name":"wp","href":"https:\/\/api.w.org\/{rel}","templated":true}]}}