{"id":79227,"date":"2016-09-12T03:37:43","date_gmt":"2016-09-12T06:37:43","guid":{"rendered":"https:\/\/www.jornalja.com.br\/?p=38998"},"modified":"2021-09-10T00:47:39","modified_gmt":"2021-09-10T03:47:39","slug":"disputa-local-decidiu-os-rumos-da-revolucao","status":"publish","type":"post","link":"https:\/\/www.jornalja.com.br\/especiais\/disputa-local-decidiu-os-rumos-da-revolucao\/","title":{"rendered":"Disputa local decidiu os rumos da revolu\u00e7\u00e3o"},"content":{"rendered":"<p><img decoding=\"async\" class=\"alignleft\" src=\"https:\/\/www.jornalja.com.br\/especiais\/wp-content\/uploads\/sites\/14\/2021\/09\/rrg-180anos-tjtopo-300x132.jpg\" alt=\"\" width=\"230\" height=\"102\" \/>No local onde Neto fundou a Rep\u00fablica Rio-grandense, no \u201cCampo dos Menezes\u201d, no atual munic\u00edpio de Candiota, foi colocado um marco de concep\u00e7\u00e3o positivista, em 1935, como parte das comemora\u00e7\u00f5es do Centen\u00e1rio da Revolu\u00e7\u00e3o Farroupilha.<\/p>\n<p>Na placa est\u00e1 escrito: \u201cNeste local em 11 de setembro de 1836, travou-se a batalha do Seival e foi proclamada a Rep\u00fablica de Piratini\u201d.<\/p>\n<p>Um reparo: a express\u00e3o \u201cRep\u00fablica de Piratini\u201d foi o r\u00f3tulo pejorativo que os inimigos aplicaram para diminuir o significado da separa\u00e7\u00e3o \u2013 Piratini era um lugarejo perdido no interior da Prov\u00edncia. Neto proclamou a Rep\u00fablica Rio-grandense<\/p>\n<p>Foram os propagandistas republicanos meio s\u00e9culo depois que a adotaram a \u201cRep\u00fablica de Piratini\u201d porque se coadunava com as \u201cpequenas p\u00e1trias\u201d de Augusto Comte.<\/p>\n<p>Outro detalhe. Ali onde est\u00e1 o marco se deu uma batalha, n\u00e3o entre duas na\u00e7\u00f5es, mas entre dois caudilhos, dois coron\u00e9is da Guarda Nacional, que disputavam o poder na regi\u00e3o de Bag\u00e9.<\/p>\n<p>O coronel Jo\u00e3o da Silva Tavares foi o \u00fanico comandante da Guarda Nacional que permaneceu fiel ao Imp\u00e9rio. Era compadre de Bento Gon\u00e7alves e foi convidado. N\u00e3o aceitou o convite para entrar na conspira\u00e7\u00e3o. Uma das raz\u00f5es era sua rivalidade com Neto, em Bag\u00e9.<\/p>\n<p>Por isso, foi um dos primeiros a pegar em armas em defesa das posi\u00e7\u00f5es imperiais. Tavares imp\u00f4s a primeira derrota aos farrapos, menos de um m\u00eas depois da tomada de Porto Alegre. Mas com o avan\u00e7o da rebeli\u00e3o por toda a prov\u00edncia ele ficou isolado e teve que emigrar.<\/p>\n<p>A revolu\u00e7\u00e3o ainda n\u00e3o completara um ano, quando Neto recebe sinais de que Tavares est\u00e1 de volta para retomar Bag\u00e9. Tavares faz alto junto ao Arroio Candiota. Netto sai ao seu encontro. Tavares posiciona sua tropa no alto da coxilha, Neto posta-se no baixio, depois de atravessar o arroio Seival.<\/p>\n<figure id=\"attachment_39018\" aria-describedby=\"caption-attachment-39018\" style=\"width: 204px\" class=\"wp-caption alignleft\"><img decoding=\"async\" class=\"wp-image-39018 size-medium\" src=\"https:\/\/www.jornalja.com.br\/wp-content\/uploads\/2016\/09\/16-General-Neto.jpg\" alt=\"16-general-neto\" width=\"204\" height=\"300\" \/><figcaption id=\"caption-attachment-39018\" class=\"wp-caption-text\">General Neto<\/figcaption><\/figure>\n<p>Segundo o historiador Othelo Rosa, Tavares tinha 560 homens e Neto, 430. Depois da primeira carga de fogo, as duas for\u00e7as se atracam de lan\u00e7a e espada. A vanguarda dos imperiais leva vantagem no primeiro embate. Mas um acidente desorganiza sua a\u00e7\u00e3o: quebra-se o freio do cavalo de Tavares, o animal dispara e causa enorme confus\u00e3o entre os que lutavam. Refeitos, os homens ainda tentam reagir, mas o oficial que comanda o ataque \u00e9 ferido na coxa, cai do cavalo e sua gente se dispersa.<\/p>\n<p>\u201cSilva Tavares completamente destro\u00e7ado deixa no campo 180 mortos, 63 feridos e mais de 100 prisioneiros\u201d, escreve Othelo Rosa. N\u00e3o menciona as perdas de Neto. \u201cForam m\u00ednimas\u201d, segundo Araripe, um autor insuspeito.<\/p>\n<p>A vit\u00f3ria na \u201cBatalha do Seival\u201d foi t\u00e3o cabal , t\u00e3o entusiasmante que Neto, instigado pelos oficiais exaltados do seu ex\u00e9rcito, toma uma decis\u00e3o grav\u00edssima, no dia seguinte. Ainda no acampamento e diante da tropa perfilada, ele proclama a Rep\u00fablica Rio-grandense, separada do Brasil.<\/p>\n<p>\u201cCamaradas, n\u00f3s que compomos a Primeira Brigada do ex\u00e9rcito liberal, devemos ser os primeiros a proclamar, como proclamamos, a independ\u00eancia dessa prov\u00edncia, a qual fica desligada das demais do Imp\u00e9rio e forma um Estado livre e independente, com o t\u00edtulo de Rep\u00fablica Riograndense, e cujo manifesto \u00e0s na\u00e7\u00f5es civilizadas se far\u00e1 oportunamente. Camaradas! Gritemos pela primeira vez: \u201cViva a Rep\u00fablica Rio-grandense! Viva a Independ\u00eancia! Viva o ex\u00e9rcito republicano riograndense\u201d<\/p>\n<p>Foi um gesto tomado num local isolado, perante algumas centenas de soldados, num tempo em que as not\u00edcias andavam a cavalo. Mas foi suficiente para sustentar a guerra por mais nove anos.<\/p>\n","protected":false},"excerpt":{"rendered":"<p>No local onde Neto fundou a Rep\u00fablica Rio-grandense, no \u201cCampo dos Menezes\u201d, no atual munic\u00edpio de Candiota, foi colocado um marco de concep\u00e7\u00e3o positivista, em 1935, como parte das comemora\u00e7\u00f5es do Centen\u00e1rio da Revolu\u00e7\u00e3o Farroupilha. Na placa est\u00e1 escrito: \u201cNeste local em 11 de setembro de 1836, travou-se a batalha do Seival e foi proclamada [&hellip;]<\/p>\n","protected":false},"author":5,"featured_media":79294,"comment_status":"open","ping_status":"closed","sticky":false,"template":"","format":"standard","meta":{"_jetpack_memberships_contains_paid_content":false,"footnotes":""},"categories":[110],"tags":[80],"class_list":["post-79227","post","type-post","status-publish","format-standard","has-post-thumbnail","hentry","category-republica-riograndense","tag-efeitos"],"aioseo_notices":[],"jetpack_featured_media_url":"https:\/\/www.jornalja.com.br\/especiais\/wp-content\/uploads\/sites\/14\/2021\/09\/pag-41-monumento-a-batalha-de-seival-geder-barbosa.jpg","jetpack_sharing_enabled":true,"_links":{"self":[{"href":"https:\/\/www.jornalja.com.br\/especiais\/wp-json\/wp\/v2\/posts\/79227","targetHints":{"allow":["GET"]}}],"collection":[{"href":"https:\/\/www.jornalja.com.br\/especiais\/wp-json\/wp\/v2\/posts"}],"about":[{"href":"https:\/\/www.jornalja.com.br\/especiais\/wp-json\/wp\/v2\/types\/post"}],"author":[{"embeddable":true,"href":"https:\/\/www.jornalja.com.br\/especiais\/wp-json\/wp\/v2\/users\/5"}],"replies":[{"embeddable":true,"href":"https:\/\/www.jornalja.com.br\/especiais\/wp-json\/wp\/v2\/comments?post=79227"}],"version-history":[{"count":3,"href":"https:\/\/www.jornalja.com.br\/especiais\/wp-json\/wp\/v2\/posts\/79227\/revisions"}],"predecessor-version":[{"id":79296,"href":"https:\/\/www.jornalja.com.br\/especiais\/wp-json\/wp\/v2\/posts\/79227\/revisions\/79296"}],"wp:featuredmedia":[{"embeddable":true,"href":"https:\/\/www.jornalja.com.br\/especiais\/wp-json\/wp\/v2\/media\/79294"}],"wp:attachment":[{"href":"https:\/\/www.jornalja.com.br\/especiais\/wp-json\/wp\/v2\/media?parent=79227"}],"wp:term":[{"taxonomy":"category","embeddable":true,"href":"https:\/\/www.jornalja.com.br\/especiais\/wp-json\/wp\/v2\/categories?post=79227"},{"taxonomy":"post_tag","embeddable":true,"href":"https:\/\/www.jornalja.com.br\/especiais\/wp-json\/wp\/v2\/tags?post=79227"}],"curies":[{"name":"wp","href":"https:\/\/api.w.org\/{rel}","templated":true}]}}