{"id":79334,"date":"2021-05-21T16:27:44","date_gmt":"2021-05-21T19:27:44","guid":{"rendered":"https:\/\/www.jornalja.com.br\/geral\/?p=87972"},"modified":"2026-02-18T16:04:15","modified_gmt":"2026-02-18T19:04:15","slug":"sem-abrir-mao-das-criticas-entidades-avaliam-que-embarcadero-e-vitoria-dos-caranguejos","status":"publish","type":"post","link":"https:\/\/www.jornalja.com.br\/especiais\/sem-abrir-mao-das-criticas-entidades-avaliam-que-embarcadero-e-vitoria-dos-caranguejos\/","title":{"rendered":"Sem abrir m\u00e3o das cr\u00edticas, entidades avaliam que Embarcadero \u00e9 vit\u00f3ria dos &#8220;caranguejos&#8221;"},"content":{"rendered":"\n<p>As 62 entidades que defendem uma consulta popular sobre a revitaliza\u00e7\u00e3o do Cais Mau\u00e1 est\u00e3o reavaliando a posi\u00e7\u00e3o diante do projeto Embarcadero, a primeira interven\u00e7\u00e3o que se viabiliza na \u00e1rea de 181 hectares em estado de abandono desde que cessaram as atividades portu\u00e1rias, h\u00e1 quase 30 anos.<\/p>\n\n\n\n<p>H\u00e1 um consenso na cr\u00edtica aos seguintes pontos:<\/p>\n\n\n\n<p>*&nbsp;A leni\u00eancia jur\u00eddica que permite a concess\u00e3o de uma \u00e1rea p\u00fablica tombada \u00e0 explora\u00e7\u00e3o comercial privada, sem licita\u00e7\u00e3o, por for\u00e7a de lobbys;<\/p>\n\n\n\n<p>* A constru\u00e7\u00e3o de estruturas met\u00e1licas (n\u00e3o containers como se tem erroneamente divulgado) em \u00e1rea tombada;<\/p>\n\n\n\n<p>* O mau gosto est\u00e9tico de erguer uma tarja preta entre os armaz\u00e9ns e o rio;<\/p>\n\n\n\n<p>* A extrapola\u00e7\u00e3o dos objetivos originais do contrato com o acr\u00e9scimo de lojas de varejo, entre outros ind\u00edcios de irregularidades apontadas pelo Minist\u00e9rio P\u00fablico de Contas;<\/p>\n\n\n\n<p>* Contrato tempor\u00e1rio com prazo (4 anos) insuficiente para retorno do investimento, o que implicar\u00e1 obrigatoriamente na sua prorroga\u00e7\u00e3o.<\/p>\n\n\n\n<p>&#8220;\u00c9 a maior gambiarra jur\u00eddica e arquitet\u00f4nica de que se tem not\u00edcia nesses pagos, sem licita\u00e7\u00e3o ou projeto consistente&#8221;, escreveu o presidente da Associa\u00e7\u00e3o dos Amigos do Cais Mau\u00e1 (Amacais), professor Francisco Marschall, em artigo na Zero Hora.<\/p>\n\n\n\n<p>Por outro lado, consumado o fato, todos reconhecem que o projeto sinaliza um caminho que n\u00e3o contrasta, em princ\u00edpio, com os objetivos do movimento.<\/p>\n\n\n\n<p>Marschall disse ao J\u00c1 que a revitaliza\u00e7\u00e3o do Cais sem megaprojetos, como&nbsp; o shopping e as torres de com\u00e9rcio e servi\u00e7os, que constavam do projeto anterior,&nbsp; \u00e9 um princ\u00edpio central do movimento.<\/p>\n\n\n\n<p>&#8211; Fa\u00e7o quest\u00e3o de dizer que esse projeto do Embarcadero \u00e9 um horror, uma p\u00e9ssima solu\u00e7\u00e3o, mas ele prova que para restabelecer a rela\u00e7\u00e3o da popula\u00e7\u00e3o com o rio n\u00e3o precisa de obras grandiosas&#8221;, disse Marschall.<\/p>\n\n\n\n<p>O arquiteto Cristiano Kunze, militante da Amacais, acredita que a popula\u00e7\u00e3o vai amar o Embarcadero, mas ressalva:<\/p>\n\n\n\n<p>&#8220;O lugar \u00e9 lindo, diante do rio, n\u00e3o tem como dar errado, mas tamb\u00e9m n\u00e3o tem como negar que est\u00e1 irregular. N\u00e3o tem cara de provis\u00f3rio, s\u00e3o estruturas met\u00e1licas, em m\u00f3dulos, como \u00e9 moda, mas n\u00e3o \u00e9 container, s\u00e3o constru\u00e7\u00f5es em cima do recuo frontal dos armaz\u00e9ns, \u00e1rea tombada, onde n\u00e3o pode construir nada&#8221;.<\/p>\n\n\n\n<figure class=\"wp-block-image alignnone wp-image-88001 size-full\"><img decoding=\"async\" src=\"https:\/\/www.jornalja.com.br\/geral\/wp-content\/uploads\/sites\/4\/2021\/05\/cais-maua-embarcadero-visao-de-cima-mostrando-a-tarja-preta-sobre-o-calcadao-e1621617240549.jpg\" alt=\"\" class=\"wp-image-88001\"\/><figcaption class=\"wp-element-caption\">Em imagem do Google, se pode ver a tarja preta das constru\u00e7\u00f5es sobre o recuo frontal dos armaz\u00e9ns, \u00e1rea n\u00e3o edific\u00e1vel<\/figcaption><\/figure>\n\n\n\n<p>Tiago Holzmann da Silva, presidente do Conselho de Arquitetura e Urbanismo (CAU\/RS), que congrega onze mil arquitetos no Rio Grande do Sul, conclui que a solu\u00e7\u00e3o do Embarcadero,&nbsp; irregularidades \u00e0 parte, prova que os &#8220;caranguejos&#8221; ganharam:<\/p>\n\n\n\n<p>&#8211; N\u00e3o precisa shopping, nem torres de cristal. Naquele lugar, recuperado o espa\u00e7o e aberto ao p\u00fablico, n\u00e3o tem como dar errado.<\/p>\n\n\n\n<p>Holzmann adverte, no entanto, que h\u00e1 irregularidade nas instala\u00e7\u00f5es do Embarcadero.<\/p>\n\n\n\n<p>&#8211; A \u00e1rea \u00e9 tombada, nada pode ser constru\u00eddo em cima do cal\u00e7amento. Ali, n\u00e3o s\u00e3o containers, s\u00e3o estruturas de ferro, eles argumentam que a constru\u00e7\u00e3o \u00e9 tempor\u00e1ria, mas n\u00e3o pode.<\/p>\n\n\n\n<p>As manifesta\u00e7\u00f5es de diversas lideran\u00e7as ouvidas pelo J\u00c1&nbsp; indicam que o foco do movimento se concentra&nbsp; no projeto de modelagem que vai definir as regras de ocupa\u00e7\u00e3o dos quase 90% do territ\u00f3rio do Cais Mau\u00e1. \u00c9 o espa\u00e7o mais valioso e simb\u00f3lico de Porto Alegre, atualmente em situa\u00e7\u00e3o de abandono.<\/p>\n\n\n\n<p>A estrat\u00e9gia do movimento volta-se, agora, para conseguir uma consulta popular,&nbsp; mais ampla&nbsp; que as audi\u00eancias p\u00fablicas previstas, e antes do fato consumado da &#8220;modelagem&#8221;, definida pelo cons\u00f3rcio selecionado pelo BNDES.<\/p>\n","protected":false},"excerpt":{"rendered":"<p>As 62 entidades que defendem uma consulta popular sobre a revitaliza\u00e7\u00e3o do Cais Mau\u00e1 est\u00e3o reavaliando a posi\u00e7\u00e3o diante do projeto Embarcadero, a primeira interven\u00e7\u00e3o que se viabiliza na \u00e1rea de 181 hectares em estado de abandono desde que cessaram as atividades portu\u00e1rias, h\u00e1 quase 30 anos. H\u00e1 um consenso na cr\u00edtica aos seguintes pontos: [&hellip;]<\/p>\n","protected":false},"author":5,"featured_media":79570,"comment_status":"open","ping_status":"open","sticky":false,"template":"","format":"standard","meta":{"_jetpack_memberships_contains_paid_content":false,"footnotes":""},"categories":[114],"tags":[35],"class_list":["post-79334","post","type-post","status-publish","format-standard","has-post-thumbnail","hentry","category-cais-maua-urgente","tag-google"],"aioseo_notices":[],"jetpack_featured_media_url":"https:\/\/www.jornalja.com.br\/especiais\/wp-content\/uploads\/sites\/14\/2021\/05\/475695750-1021814196659671-4148703369220436995-n.jpg","jetpack_sharing_enabled":true,"_links":{"self":[{"href":"https:\/\/www.jornalja.com.br\/especiais\/wp-json\/wp\/v2\/posts\/79334","targetHints":{"allow":["GET"]}}],"collection":[{"href":"https:\/\/www.jornalja.com.br\/especiais\/wp-json\/wp\/v2\/posts"}],"about":[{"href":"https:\/\/www.jornalja.com.br\/especiais\/wp-json\/wp\/v2\/types\/post"}],"author":[{"embeddable":true,"href":"https:\/\/www.jornalja.com.br\/especiais\/wp-json\/wp\/v2\/users\/5"}],"replies":[{"embeddable":true,"href":"https:\/\/www.jornalja.com.br\/especiais\/wp-json\/wp\/v2\/comments?post=79334"}],"version-history":[{"count":1,"href":"https:\/\/www.jornalja.com.br\/especiais\/wp-json\/wp\/v2\/posts\/79334\/revisions"}],"predecessor-version":[{"id":79571,"href":"https:\/\/www.jornalja.com.br\/especiais\/wp-json\/wp\/v2\/posts\/79334\/revisions\/79571"}],"wp:featuredmedia":[{"embeddable":true,"href":"https:\/\/www.jornalja.com.br\/especiais\/wp-json\/wp\/v2\/media\/79570"}],"wp:attachment":[{"href":"https:\/\/www.jornalja.com.br\/especiais\/wp-json\/wp\/v2\/media?parent=79334"}],"wp:term":[{"taxonomy":"category","embeddable":true,"href":"https:\/\/www.jornalja.com.br\/especiais\/wp-json\/wp\/v2\/categories?post=79334"},{"taxonomy":"post_tag","embeddable":true,"href":"https:\/\/www.jornalja.com.br\/especiais\/wp-json\/wp\/v2\/tags?post=79334"}],"curies":[{"name":"wp","href":"https:\/\/api.w.org\/{rel}","templated":true}]}}