{"id":79336,"date":"2021-02-08T08:44:28","date_gmt":"2021-02-08T11:44:28","guid":{"rendered":"https:\/\/www.jornalja.com.br\/geral\/?p=87127"},"modified":"2021-12-02T00:04:10","modified_gmt":"2021-12-02T03:04:10","slug":"cais-maua-embarcadero-e-ensaio-para-projeto-de-fatiar-o-terreno","status":"publish","type":"post","link":"https:\/\/www.jornalja.com.br\/especiais\/cais-maua-embarcadero-e-ensaio-para-projeto-de-fatiar-o-terreno\/","title":{"rendered":"CAIS MAU\u00c1: Embarcadero \u00e9 ensaio para projeto de \u201cfatiar\u201d o terreno"},"content":{"rendered":"<p>Quando o governo do Estado reassumiu a \u00e1rea do Cais, em julho de 2019, j\u00e1 estava em andamento o projeto Embarcadero, que ocuparia uma \u00e1rea de 19 hectares junto \u00e0 Usina do Gas\u00f4metro,\u00a0 sub-alugada a empres\u00e1rios locais.<\/p>\n<p>O governo Leite avalizou publicamente a continuidade do projeto mas s\u00f3 agora, em 5 de janeiro, assinou contrato com a Embarcadero Empreendimentos.<\/p>\n<p>Sem licita\u00e7\u00e3o, a \u00e1rea foi concedida para explora\u00e7\u00e3o comercial, com equipamentos de lazer, esportes, gastronomia e um estacionamento para 600 carros.<\/p>\n<p>Um investimento de R$ 3,2 milh\u00f5es, segundo a empresa,\u00a0 est\u00e1 sendo feito nas instala\u00e7\u00f5es, com inaugura\u00e7\u00e3o prevista para mar\u00e7o, no anivers\u00e1rio da cidade (j\u00e1 foi adiada tr\u00eas vezes, pelo menos).<\/p>\n<p>Pelo contrato, de cinco anos, a empresa pagar\u00e1 no m\u00ednimo R$ 400 mil por ano ao governo. \u00a0Significa pagar R$ 33,3 mil reais por m\u00eas por uma \u00e1rea de 19 hectares (mais que a metade da Reden\u00e7\u00e3o).<\/p>\n<p>A expectativa dos empres\u00e1rios \u00e9 que o local atraia de cinco a sete mil pessoas por dia, dobrando nos fins de semana.<\/p>\n<p>A obra iniciou em abril de 2019, prevendo 15 opera\u00e7\u00f5es (lojas e restaurantes),\u00a0 mas j\u00e1 se estima que chegar\u00e3o a 24.<\/p>\n<p>A advogada Jaqueline Cust\u00f3dio,\u00a0 da Associa\u00e7\u00e3o dos Amigos do Cais (AMACAIS), disse ao J\u00c1 que as \u00e1reas pr\u00f3ximas \u00e0 Esta\u00e7\u00e3o Rodovi\u00e1ria, at\u00e9 as docas estariam entre as pass\u00edveis de fatiamento.<\/p>\n<p>&#8220;N\u00e3o tivemos acesso ao contrato com o BNDES. O que ouvi \u00e9 que os lotes a serem vendidos seriam mais para o lado da Rodovi\u00e1ria, onde seriam constru\u00eddos os edif\u00edcios do projeto anterior&#8221;, disse ela.<\/p>\n<p>&#8221;<\/p>\n<p><strong>JORNALISMO PARA CONSTRUIR CIDADANIA.\u00a0 \u00a0 \u00a0 \u00a0 \u00a0 \u00a0 \u00a0 \u00a0 \u00a0 \u00a0 \u00a0 \u00a0 \u00a0 \u00a0 \u00a0 \u00a0 \u00a0 \u00a0 \u00a0 \u00a0 <\/strong><strong>VOC\u00ca APOIA, A GENTE FAZ.\u00a0\u00a0<\/strong><\/p>\n<p>&nbsp;<\/p>\n","protected":false},"excerpt":{"rendered":"<p>Quando o governo do Estado reassumiu a \u00e1rea do Cais, em julho de 2019, j\u00e1 estava em andamento o projeto Embarcadero, que ocuparia uma \u00e1rea de 19 hectares junto \u00e0 Usina do Gas\u00f4metro,\u00a0 sub-alugada a empres\u00e1rios locais. O governo Leite avalizou publicamente a continuidade do projeto mas s\u00f3 agora, em 5 de janeiro, assinou contrato [&hellip;]<\/p>\n","protected":false},"author":5,"featured_media":79398,"comment_status":"open","ping_status":"open","sticky":false,"template":"","format":"standard","meta":{"_jetpack_memberships_contains_paid_content":false,"footnotes":""},"categories":[114],"tags":[],"class_list":["post-79336","post","type-post","status-publish","format-standard","has-post-thumbnail","hentry","category-cais-maua-urgente"],"aioseo_notices":[],"jetpack_featured_media_url":"https:\/\/www.jornalja.com.br\/especiais\/wp-content\/uploads\/sites\/14\/2021\/02\/caismauaurgente.jpg","jetpack_sharing_enabled":true,"_links":{"self":[{"href":"https:\/\/www.jornalja.com.br\/especiais\/wp-json\/wp\/v2\/posts\/79336","targetHints":{"allow":["GET"]}}],"collection":[{"href":"https:\/\/www.jornalja.com.br\/especiais\/wp-json\/wp\/v2\/posts"}],"about":[{"href":"https:\/\/www.jornalja.com.br\/especiais\/wp-json\/wp\/v2\/types\/post"}],"author":[{"embeddable":true,"href":"https:\/\/www.jornalja.com.br\/especiais\/wp-json\/wp\/v2\/users\/5"}],"replies":[{"embeddable":true,"href":"https:\/\/www.jornalja.com.br\/especiais\/wp-json\/wp\/v2\/comments?post=79336"}],"version-history":[{"count":1,"href":"https:\/\/www.jornalja.com.br\/especiais\/wp-json\/wp\/v2\/posts\/79336\/revisions"}],"predecessor-version":[{"id":79391,"href":"https:\/\/www.jornalja.com.br\/especiais\/wp-json\/wp\/v2\/posts\/79336\/revisions\/79391"}],"wp:featuredmedia":[{"embeddable":true,"href":"https:\/\/www.jornalja.com.br\/especiais\/wp-json\/wp\/v2\/media\/79398"}],"wp:attachment":[{"href":"https:\/\/www.jornalja.com.br\/especiais\/wp-json\/wp\/v2\/media?parent=79336"}],"wp:term":[{"taxonomy":"category","embeddable":true,"href":"https:\/\/www.jornalja.com.br\/especiais\/wp-json\/wp\/v2\/categories?post=79336"},{"taxonomy":"post_tag","embeddable":true,"href":"https:\/\/www.jornalja.com.br\/especiais\/wp-json\/wp\/v2\/tags?post=79336"}],"curies":[{"name":"wp","href":"https:\/\/api.w.org\/{rel}","templated":true}]}}