{"id":79338,"date":"2021-01-18T10:27:03","date_gmt":"2021-01-18T13:27:03","guid":{"rendered":"https:\/\/www.jornalja.com.br\/geral\/?p=87059"},"modified":"2021-01-18T10:27:03","modified_gmt":"2021-01-18T13:27:03","slug":"cais-maua-sem-resposta-do-governador-entidades-vao-ao-prefeito-sebastiao-melo","status":"publish","type":"post","link":"https:\/\/www.jornalja.com.br\/especiais\/cais-maua-sem-resposta-do-governador-entidades-vao-ao-prefeito-sebastiao-melo\/","title":{"rendered":"Cais Mau\u00e1:  sem resposta do governador, entidades v\u00e3o ao prefeito Sebasti\u00e3o Melo"},"content":{"rendered":"<p>Sem resposta do governador Eduardo Leite, as entidades que assinam a &#8220;carta em defesa do Cais Mau\u00e1&#8221;,\u00a0 v\u00e3o recorrer ao prefeito de Porto Alegre, Sebasti\u00e3o Melo.<\/p>\n<p>A inten\u00e7\u00e3o \u00e9 abrir uma discuss\u00e3o p\u00fablica sobre o novo destino do Cais, depois que foi rompido o contrato de concess\u00e3o com a empresa Cais Mau\u00e1 do Brasil, em julho de 2019.<\/p>\n<p>Desde ent\u00e3o, o governo do Estado vem conduzindo as tratativas para um novo projeto de forma interna, com pouca divulga\u00e7\u00e3o para o popula\u00e7\u00e3o da capital.<\/p>\n<p>Com participa\u00e7\u00e3o do BNDES, o governo elabora um novo edital, que entre outras inova\u00e7\u00f5es contemplaria a possibilidade de conceder a \u00e1rea de 81 hectares que conforma o Cais Mau\u00e1 parceladamente.<\/p>\n<p>O governador Eduardo Leite j\u00e1 sinalizou nessa dire\u00e7\u00e3o ao ratificar um contrato feito pela antiga concession\u00e1ria, para implanta\u00e7\u00e3o do Cais Embarcadero &#8211; que configuraria uma &#8220;sub-loca\u00e7\u00e3o&#8221;, n\u00e3o prevista na lei que autorizou a concess\u00e3o da \u00e1rea, em 2010 (h\u00e1 um expediente do MP de Contas sobre isso).<\/p>\n<p>Embora a concess\u00e3o do Cais Mau\u00e1 seja uma atribui\u00e7\u00e3o hoje exclusiva do governo do Estado, por um acordo entre todos os entes com inger\u00eancia sobre a \u00e1rea, o prefeito rec\u00e9m empossado,\u00a0 Sebasti\u00e3o Melo, declara desde a campanha sua disposi\u00e7\u00e3o de contribuir para &#8220;uma solu\u00e7\u00e3o caseira&#8221;, o que sinaliza para maior participa\u00e7\u00e3o da comunidade.<\/p>\n<p>O documento \u00e9 assinado por 62 organiza\u00e7\u00f5es comunit\u00e1rias e ambientalistas que\u00a0 historicamnte participam do debate urbano em Porto Alegre.<\/p>\n<p>O pedido de audi\u00eancia ao governador foi protocolado no in\u00edcio de janeiro, n\u00e3o teve resposta at\u00e9 esta segunda-feira, 18.<\/p>\n<p>O pedido de audi\u00eancia ao prefeito j\u00e1 est\u00e1 protocolado desde a \u00faltima sexta-feira.<\/p>\n<p>A \u00edntegra da &#8220;Carta em Defesa do Cais Mau\u00e1&#8221; e todos os seus signat\u00e1rios: <a href=\"https:\/\/www.jornalja.com.br\/geral\/wp-content\/uploads\/sites\/4\/2021\/01\/carta-em-defesa-do-cais-maua-2020.pdf\">Carta em defesa do Cais Mau\u00e1 2020<\/a><\/p>\n<p>&nbsp;<\/p>\n","protected":false},"excerpt":{"rendered":"<p>Sem resposta do governador Eduardo Leite, as entidades que assinam a &#8220;carta em defesa do Cais Mau\u00e1&#8221;,\u00a0 v\u00e3o recorrer ao prefeito de Porto Alegre, Sebasti\u00e3o Melo. A inten\u00e7\u00e3o \u00e9 abrir uma discuss\u00e3o p\u00fablica sobre o novo destino do Cais, depois que foi rompido o contrato de concess\u00e3o com a empresa Cais Mau\u00e1 do Brasil, em [&hellip;]<\/p>\n","protected":false},"author":5,"featured_media":79339,"comment_status":"open","ping_status":"open","sticky":false,"template":"","format":"standard","meta":{"_jetpack_memberships_contains_paid_content":false,"footnotes":""},"categories":[114],"tags":[],"class_list":["post-79338","post","type-post","status-publish","format-standard","has-post-thumbnail","hentry","category-cais-maua-urgente"],"aioseo_notices":[],"jetpack_featured_media_url":"https:\/\/www.jornalja.com.br\/especiais\/wp-content\/uploads\/sites\/14\/2021\/11\/Cais_armaz\u00e9ns2-scaled.jpg","jetpack_sharing_enabled":true,"_links":{"self":[{"href":"https:\/\/www.jornalja.com.br\/especiais\/wp-json\/wp\/v2\/posts\/79338","targetHints":{"allow":["GET"]}}],"collection":[{"href":"https:\/\/www.jornalja.com.br\/especiais\/wp-json\/wp\/v2\/posts"}],"about":[{"href":"https:\/\/www.jornalja.com.br\/especiais\/wp-json\/wp\/v2\/types\/post"}],"author":[{"embeddable":true,"href":"https:\/\/www.jornalja.com.br\/especiais\/wp-json\/wp\/v2\/users\/5"}],"replies":[{"embeddable":true,"href":"https:\/\/www.jornalja.com.br\/especiais\/wp-json\/wp\/v2\/comments?post=79338"}],"version-history":[{"count":0,"href":"https:\/\/www.jornalja.com.br\/especiais\/wp-json\/wp\/v2\/posts\/79338\/revisions"}],"wp:featuredmedia":[{"embeddable":true,"href":"https:\/\/www.jornalja.com.br\/especiais\/wp-json\/wp\/v2\/media\/79339"}],"wp:attachment":[{"href":"https:\/\/www.jornalja.com.br\/especiais\/wp-json\/wp\/v2\/media?parent=79338"}],"wp:term":[{"taxonomy":"category","embeddable":true,"href":"https:\/\/www.jornalja.com.br\/especiais\/wp-json\/wp\/v2\/categories?post=79338"},{"taxonomy":"post_tag","embeddable":true,"href":"https:\/\/www.jornalja.com.br\/especiais\/wp-json\/wp\/v2\/tags?post=79338"}],"curies":[{"name":"wp","href":"https:\/\/api.w.org\/{rel}","templated":true}]}}