{"id":79348,"date":"2020-03-19T20:38:03","date_gmt":"2020-03-19T23:38:03","guid":{"rendered":"https:\/\/www.jornalja.com.br\/geral\/?p=82267"},"modified":"2020-03-19T20:38:03","modified_gmt":"2020-03-19T23:38:03","slug":"cais-maua-governo-firmara-contrato-para-garantir-embarcadero","status":"publish","type":"post","link":"https:\/\/www.jornalja.com.br\/especiais\/cais-maua-governo-firmara-contrato-para-garantir-embarcadero\/","title":{"rendered":"Cais Mau\u00e1: governo firmar\u00e1 contrato para garantir embarcadero"},"content":{"rendered":"<p>Com a decis\u00e3o judicial favor\u00e1vel \u00e0 rescis\u00e3o do contrato com o cons\u00f3rcio Cais Mau\u00e1 do Brasil, o governo do Estado anunciou, nesta quinta-feira (5\/3), que dar\u00e1 andamento ao Cais Embarcadero, projeto de revitaliza\u00e7\u00e3o em um trecho do Cais Mau\u00e1, pr\u00f3ximo \u00e0 Usina do Gas\u00f4metro, que j\u00e1 est\u00e1 construindo espa\u00e7os de lazer e servi\u00e7os.<\/p>\n<p>\u201cEntendemos que \u00e9 um espa\u00e7o nobre e privilegiado e que merece ser usufru\u00eddo pelos ga\u00fachos o mais breve poss\u00edvel\u201d, destacou o governador Eduardo Leite em coletiva de imprensa.<\/p>\n<p>Pela complexidade do projeto e das obras j\u00e1 realizadas, um parecer da Procuradoria-Geral do Estado (PGE) indicou que o melhor caminho ser\u00e1 a contrata\u00e7\u00e3o por inexigibilidade de licita\u00e7\u00e3o. Assim, as duas empresas \u2013 DC Set e Tornak \u2013, que tinham contrato com a antiga concession\u00e1ria, poder\u00e3o seguir realizando o projeto do Embarcadero.<\/p>\n<p>A previs\u00e3o de inaugura\u00e7\u00e3o do Embarcadero \u00e9 para o m\u00eas de abril, j\u00e1 que a conclus\u00e3o das obras, que incluem seis restaurantes, lojas, quadras de esporte, palco para shows, recanto do ga\u00facho e bares, depende de defini\u00e7\u00f5es junto ao Instituto do Patrim\u00f4nio Hist\u00f3rico e Art\u00edstico Nacional (Iphan).<\/p>\n<p>Est\u00e3o sendo investidos no projeto cerca de R$ 6,5 milh\u00f5es, dos quais R$ 3 milh\u00f5es s\u00e3o benfeitorias permanentes, como melhorias em infraestrutura el\u00e9trica, hidrossanit\u00e1ria, de g\u00e1s, seguran\u00e7a, ilumina\u00e7\u00e3o, cobertura do estacionamento, pintura parcial do muro e nivelamento de parte do terreno.<\/p>\n<p>Esses valores servir\u00e3o de base para que o governo, em conjunto com as empresas, defina os detalhes do contrato, como o prazo pelo qual as empresas poder\u00e3o administrar o espa\u00e7o.<\/p>\n<p class=\"intertit\">Estacionamento ser\u00e1 licitado<\/p>\n<p>A Cais Mau\u00e1 do Brasil, com quem o governo rescindiu em maio de 2019 por descumprimento de contrato, j\u00e1 foi notificada e dever\u00e1 deixar o local at\u00e9 s\u00e1bado (7\/3).\u00a0Quanto ao estacionamento que a concession\u00e1ria construiu ao lado do Embarcadero e j\u00e1 em funcionamento, o Estado decidiu lan\u00e7ar uma licita\u00e7\u00e3o, j\u00e1 que se trata de uma opera\u00e7\u00e3o mais simples.<\/p>\n<figure id=\"attachment_83213\" aria-describedby=\"caption-attachment-83213\" style=\"width: 1024px\" class=\"wp-caption alignnone\"><img decoding=\"async\" class=\"size-full wp-image-83213\" src=\"https:\/\/www.jornalja.com.br\/geral\/wp-content\/uploads\/sites\/4\/2020\/04\/EstacionamentoEstapar3_fotocleberdionitentardini-scaled.jpg\" alt=\"\" width=\"1024\" height=\"526\" \/><figcaption id=\"caption-attachment-83213\" class=\"wp-caption-text\">Estacionamento no entorno da Usina do Gas\u00f4metro. Foto: Cleber Dioni Tentardini<\/figcaption><\/figure>\n<p>At\u00e9 que a nova administradora das cerca de 600 vagas seja escolhida, a prefeitura de Porto Alegre, por meio da EPTC, dever\u00e1 fazer a opera\u00e7\u00e3o do espa\u00e7o, para que os usu\u00e1rios n\u00e3o sejam prejudicados e para que a estrutura seja mantida. As tratativas entre o munic\u00edpio e o Estado est\u00e3o em andamento.<\/p>\n<p>Paralelamente, o governo do Estado segue tratando da retirada da poligonal do porto com o governo federal, para obter a ger\u00eancia completa da \u00e1rea do Cais Mau\u00e1, e fazendo os estudos, agora com apoio do Banco Nacional do Desenvolvimento Econ\u00f4mico e Social (BNDES) por meio de um acordo de coopera\u00e7\u00e3o t\u00e9cnica, para decidir qual o melhor modelo de neg\u00f3cios para toda a \u00e1rea do Cais Mau\u00e1.<\/p>\n<p>\u201cNosso objetivo \u00e9 viabilizar os investimentos necess\u00e1rios nessa \u00e1rea t\u00e3o nobre e termos um projeto qualificado, envolvendo turismo, inova\u00e7\u00e3o, cultura e entretenimento, que estimule a nossa economia e seja atrativo para quem quer trabalhar, empreender e viver aqui\u201d, afirmou o governador.<\/p>\n<p>&nbsp;<\/p>\n","protected":false},"excerpt":{"rendered":"<p>Com a decis\u00e3o judicial favor\u00e1vel \u00e0 rescis\u00e3o do contrato com o cons\u00f3rcio Cais Mau\u00e1 do Brasil, o governo do Estado anunciou, nesta quinta-feira (5\/3), que dar\u00e1 andamento ao Cais Embarcadero, projeto de revitaliza\u00e7\u00e3o em um trecho do Cais Mau\u00e1, pr\u00f3ximo \u00e0 Usina do Gas\u00f4metro, que j\u00e1 est\u00e1 construindo espa\u00e7os de lazer e servi\u00e7os. \u201cEntendemos que [&hellip;]<\/p>\n","protected":false},"author":5,"featured_media":79349,"comment_status":"open","ping_status":"open","sticky":false,"template":"","format":"standard","meta":{"_jetpack_memberships_contains_paid_content":false,"footnotes":""},"categories":[114],"tags":[71],"class_list":["post-79348","post","type-post","status-publish","format-standard","has-post-thumbnail","hentry","category-cais-maua-urgente","tag-imprensa"],"aioseo_notices":[],"jetpack_featured_media_url":"https:\/\/www.jornalja.com.br\/especiais\/wp-content\/uploads\/sites\/14\/2021\/11\/Embarcadeiro1_fotocleberdionitentardiniOK-scaled.jpg","jetpack_sharing_enabled":true,"_links":{"self":[{"href":"https:\/\/www.jornalja.com.br\/especiais\/wp-json\/wp\/v2\/posts\/79348","targetHints":{"allow":["GET"]}}],"collection":[{"href":"https:\/\/www.jornalja.com.br\/especiais\/wp-json\/wp\/v2\/posts"}],"about":[{"href":"https:\/\/www.jornalja.com.br\/especiais\/wp-json\/wp\/v2\/types\/post"}],"author":[{"embeddable":true,"href":"https:\/\/www.jornalja.com.br\/especiais\/wp-json\/wp\/v2\/users\/5"}],"replies":[{"embeddable":true,"href":"https:\/\/www.jornalja.com.br\/especiais\/wp-json\/wp\/v2\/comments?post=79348"}],"version-history":[{"count":0,"href":"https:\/\/www.jornalja.com.br\/especiais\/wp-json\/wp\/v2\/posts\/79348\/revisions"}],"wp:featuredmedia":[{"embeddable":true,"href":"https:\/\/www.jornalja.com.br\/especiais\/wp-json\/wp\/v2\/media\/79349"}],"wp:attachment":[{"href":"https:\/\/www.jornalja.com.br\/especiais\/wp-json\/wp\/v2\/media?parent=79348"}],"wp:term":[{"taxonomy":"category","embeddable":true,"href":"https:\/\/www.jornalja.com.br\/especiais\/wp-json\/wp\/v2\/categories?post=79348"},{"taxonomy":"post_tag","embeddable":true,"href":"https:\/\/www.jornalja.com.br\/especiais\/wp-json\/wp\/v2\/tags?post=79348"}],"curies":[{"name":"wp","href":"https:\/\/api.w.org\/{rel}","templated":true}]}}