{"id":100230,"date":"2025-11-17T06:53:11","date_gmt":"2025-11-17T09:53:11","guid":{"rendered":"https:\/\/www.jornalja.com.br\/geral\/?p=100230"},"modified":"2025-11-17T06:53:11","modified_gmt":"2025-11-17T09:53:11","slug":"ministerio-divulga-lista-de-azeites-fraudados-veja-lista","status":"publish","type":"post","link":"https:\/\/www.jornalja.com.br\/geral\/ministerio-divulga-lista-de-azeites-fraudados-veja-lista\/","title":{"rendered":"Minist\u00e9rio divulga lista de azeites fraudados; veja lista"},"content":{"rendered":"<p>O Minist\u00e9rio da Agricultura e Pecu\u00e1ria (Mapa) emitiu um alerta aos consumidores sobre a comercializa\u00e7\u00e3o e o consumo de azeites de oliva fraudados.<\/p>\n<p>Os produtos foram fiscalizados pelo Departamento de Inspe\u00e7\u00e3o de Produtos de Origem Vegetal da Secretaria de Defesa Agropecu\u00e1ria.<\/p>\n<p>De acordo com o \u00f3rg\u00e3o, eles n\u00e3o atendem aos padr\u00f5es de identidade e qualidade estabelecidos pela legisla\u00e7\u00e3o.<\/p>\n<p>As amostras coletadas pelo departamento foram analisadas pelos Laborat\u00f3rios Federais de Defesa Agropecu\u00e1ria\u00a0que confirmaram\u00a0a presen\u00e7a de outros tipos de \u00f3leos vegetais na composi\u00e7\u00e3o, o que caracteriza fraude.<\/p>\n<p><img decoding=\"async\" data-attachment-id=\"100231\" data-permalink=\"https:\/\/www.jornalja.com.br\/geral\/ministerio-divulga-lista-de-azeites-fraudados-veja-lista\/azeites-fraudados\/\" data-orig-file=\"https:\/\/www.jornalja.com.br\/geral\/wp-content\/uploads\/sites\/4\/2025\/11\/azeites-fraudados.png\" data-orig-size=\"699,364\" data-comments-opened=\"0\" data-image-meta=\"{&quot;aperture&quot;:&quot;0&quot;,&quot;credit&quot;:&quot;&quot;,&quot;camera&quot;:&quot;&quot;,&quot;caption&quot;:&quot;&quot;,&quot;created_timestamp&quot;:&quot;0&quot;,&quot;copyright&quot;:&quot;&quot;,&quot;focal_length&quot;:&quot;0&quot;,&quot;iso&quot;:&quot;0&quot;,&quot;shutter_speed&quot;:&quot;0&quot;,&quot;title&quot;:&quot;&quot;,&quot;orientation&quot;:&quot;0&quot;}\" data-image-title=\"Azeites fraudados\" data-image-description=\"\" data-image-caption=\"\" data-large-file=\"https:\/\/www.jornalja.com.br\/geral\/wp-content\/uploads\/sites\/4\/2025\/11\/azeites-fraudados.png\" class=\"alignnone  wp-image-100231\" src=\"https:\/\/www.jornalja.com.br\/geral\/wp-content\/uploads\/sites\/4\/2025\/11\/azeites-fraudados-450x234.png\" alt=\"\" width=\"827\" height=\"430\" srcset=\"https:\/\/www.jornalja.com.br\/geral\/wp-content\/uploads\/sites\/4\/2025\/11\/azeites-fraudados-450x234.png 450w, https:\/\/www.jornalja.com.br\/geral\/wp-content\/uploads\/sites\/4\/2025\/11\/azeites-fraudados.png 699w\" sizes=\"(max-width: 827px) 100vw, 827px\" \/><br \/>\nO minist\u00e9rio orienta os consumidores a interromper imediatamente o uso dos produtos, caso tenham adquirido. Lembra, ainda, que \u00e9 poss\u00edvel solicitar a substitui\u00e7\u00e3o do produto, conforme prev\u00ea o C\u00f3digo de Defesa do Consumidor.<\/p>\n<p>Acompanhe a cobertura completa da EBC na COP30<\/p>\n<p>Aos comerciantes, o Mapa\u00a0refor\u00e7a que a comercializa\u00e7\u00e3o desses produtos constitui infra\u00e7\u00e3o grave.<\/p>\n<p>\u201cOs estabelecimentos que mant\u00eam os itens \u00e0 venda podem ser responsabilizados\u201d, disse o minist\u00e9rio, em nota.<\/p>\n","protected":false},"excerpt":{"rendered":"<p>O Minist\u00e9rio da Agricultura e Pecu\u00e1ria (Mapa) emitiu um alerta aos consumidores sobre a comercializa\u00e7\u00e3o e o consumo de azeites de oliva fraudados. Os produtos foram fiscalizados pelo Departamento de Inspe\u00e7\u00e3o de Produtos de Origem Vegetal da Secretaria de Defesa Agropecu\u00e1ria. De acordo com o \u00f3rg\u00e3o, eles n\u00e3o atendem aos padr\u00f5es de identidade e qualidade [&hellip;]<\/p>\n","protected":false},"author":4,"featured_media":0,"comment_status":"closed","ping_status":"open","sticky":false,"template":"","format":"standard","meta":{"jetpack_post_was_ever_published":false,"_jetpack_newsletter_access":"","_jetpack_dont_email_post_to_subs":false,"_jetpack_newsletter_tier_id":0,"_jetpack_memberships_contains_paywalled_content":false,"_jetpack_memberships_contains_paid_content":false,"footnotes":"","jetpack_publicize_message":"","jetpack_publicize_feature_enabled":true,"jetpack_social_post_already_shared":true,"jetpack_social_options":{"image_generator_settings":{"template":"highway","default_image_id":0,"font":"","enabled":false},"version":2}},"categories":[28],"tags":[],"class_list":["post-100230","post","type-post","status-publish","format-standard","hentry","category-geral-notas"],"aioseo_notices":[],"jetpack_publicize_connections":[],"jetpack_featured_media_url":"","jetpack_shortlink":"https:\/\/wp.me\/pbKhrD-q4C","jetpack-related-posts":[{"id":78005,"url":"https:\/\/www.jornalja.com.br\/geral\/veja-as-marcas-de-azeite-de-oliva-retiradas-do-mercado-por-fraude\/","url_meta":{"origin":100230,"position":0},"title":"Confira as marcas de azeite de oliva retiradas do mercado por fraude","author":"da Reda\u00e7\u00e3o","date":"2 de outubro de 2019","format":false,"excerpt":"O Minist\u00e9rio da Agricultura, Pecu\u00e1ria e Abastecimento (Mapa) suspendeu, nesta quarta-feira, a comercializa\u00e7\u00e3o de 33 marcas de azeites de oliva. An\u00e1lises feitas desde 2018, comprovaram que os produtos estavam adulterados com a mistura de \u00f3leo de soja e outros \u00f3leos de origem desconhecida em sua composi\u00e7\u00e3o. S\u00e3o estas as marcas\u2026","rel":"","context":"Em &quot;Geral-MAT\u00c9RIA&quot;","block_context":{"text":"Geral-MAT\u00c9RIA","link":"https:\/\/www.jornalja.com.br\/geral\/category\/geral\/"},"img":{"alt_text":"","src":"","width":0,"height":0},"classes":[]},{"id":93571,"url":"https:\/\/www.jornalja.com.br\/geral\/golpe-em-aposentados-23-bancos-e-financeiras-investigados-por-operacao-irregular\/","url_meta":{"origin":100230,"position":1},"title":"Golpe em aposentados: 23 bancos e financeiras investigados por opera\u00e7\u00e3o irregular","author":"da Reda\u00e7\u00e3o","date":"25 de agosto de 2022","format":false,"excerpt":"O Minist\u00e9rio da Justi\u00e7a e Seguran\u00e7a P\u00fablica vai investigar 23 institui\u00e7\u00f5es financeiras, acusadas de fraude com cart\u00f5es de cr\u00e9dito consignados. A fraude est\u00e1 na emiss\u00e3o n\u00e3o autorizada dos cart\u00f5es e na cobran\u00e7a de juros em faturas com desconto do pagamento m\u00ednimo feito diretamente em folha. Segundo a den\u00fancia, o cliente\u2026","rel":"","context":"Em &quot;Geral-MAT\u00c9RIA&quot;","block_context":{"text":"Geral-MAT\u00c9RIA","link":"https:\/\/www.jornalja.com.br\/geral\/category\/geral\/"},"img":{"alt_text":"","src":"https:\/\/i0.wp.com\/www.jornalja.com.br\/geral\/wp-content\/uploads\/sites\/4\/2022\/08\/consignado-aposentados-ag-camara.jpg?resize=350%2C200&ssl=1","width":350,"height":200,"srcset":"https:\/\/i0.wp.com\/www.jornalja.com.br\/geral\/wp-content\/uploads\/sites\/4\/2022\/08\/consignado-aposentados-ag-camara.jpg?resize=350%2C200&ssl=1 1x, https:\/\/i0.wp.com\/www.jornalja.com.br\/geral\/wp-content\/uploads\/sites\/4\/2022\/08\/consignado-aposentados-ag-camara.jpg?resize=525%2C300&ssl=1 1.5x, https:\/\/i0.wp.com\/www.jornalja.com.br\/geral\/wp-content\/uploads\/sites\/4\/2022\/08\/consignado-aposentados-ag-camara.jpg?resize=700%2C400&ssl=1 2x"},"classes":[]},{"id":92710,"url":"https:\/\/www.jornalja.com.br\/geral\/cacapava-faz-festa-para-o-azeite-de-oliva-nova-riqueza-da-regiao\/","url_meta":{"origin":100230,"position":2},"title":"Ca\u00e7apava faz festa para o azeite de oliva, nova riqueza da regi\u00e3o","author":"da Reda\u00e7\u00e3o","date":"30 de maio de 2022","format":false,"excerpt":"Ivanir Bortot O azeite do Rio Grande do Sul passa \u00a0hoje pela mesma experi\u00eancia vitoriosa que conquistou os\u00a0 paladares de consumidores dos bons vinhos e espumantes da Serra Ga\u00facha. Como apenas 15 anos de introdu\u00e7\u00e3o de mudas importadas da It\u00e1lia, Espanha, Portugal, Gr\u00e9cia e adapta\u00e7\u00f5es feitas pela Embrapa,\u00a0 as oliveiras\u2026","rel":"","context":"Em &quot;Geral-MAT\u00c9RIA&quot;","block_context":{"text":"Geral-MAT\u00c9RIA","link":"https:\/\/www.jornalja.com.br\/geral\/category\/geral\/"},"img":{"alt_text":"","src":"https:\/\/i0.wp.com\/www.jornalja.com.br\/geral\/wp-content\/uploads\/sites\/4\/2022\/05\/festa-da-oliva-em-cacapava.jpg?resize=350%2C200&ssl=1","width":350,"height":200},"classes":[]},{"id":100589,"url":"https:\/\/www.jornalja.com.br\/geral\/fraudes-do-banco-master-podem-chegar-a-17-bilhoes-em-titulos-falsos\/","url_meta":{"origin":100230,"position":3},"title":"Fraudes do Banco Master podem chegar a R$ 17 bilh\u00f5es em t\u00edtulos falsos","author":"Elmar Bones","date":"14 de janeiro de 2026","format":false,"excerpt":"A Pol\u00edcia Federal realiza nesta manh\u00e3 de quarta-feira (14) a segunda fase da Opera\u00e7\u00e3o Compliance Zero para investigar, novamente, o Banco Master do empres\u00e1rio Daniel Vorcaro. As autoridades apuram pr\u00e1tica de crimes de organiza\u00e7\u00e3o criminosa, gest\u00e3o fraudulenta de institui\u00e7\u00e3o financeira, manipula\u00e7\u00e3o de mercado e lavagem de dinheiro. Ao todo, 42\u2026","rel":"","context":"Em &quot;Geral-MAT\u00c9RIA&quot;","block_context":{"text":"Geral-MAT\u00c9RIA","link":"https:\/\/www.jornalja.com.br\/geral\/category\/geral\/"},"img":{"alt_text":"","src":"https:\/\/i0.wp.com\/www.jornalja.com.br\/geral\/wp-content\/uploads\/sites\/4\/2026\/01\/master-foto-fachada.png?resize=350%2C200&ssl=1","width":350,"height":200,"srcset":"https:\/\/i0.wp.com\/www.jornalja.com.br\/geral\/wp-content\/uploads\/sites\/4\/2026\/01\/master-foto-fachada.png?resize=350%2C200&ssl=1 1x, https:\/\/i0.wp.com\/www.jornalja.com.br\/geral\/wp-content\/uploads\/sites\/4\/2026\/01\/master-foto-fachada.png?resize=525%2C300&ssl=1 1.5x"},"classes":[]},{"id":100550,"url":"https:\/\/www.jornalja.com.br\/geral\/brics-realizam-exercicio-maritimo-conjunto-na-africa-do-sul-para-defesa-das-rotas-internacionais\/","url_meta":{"origin":100230,"position":4},"title":"BRICS realizam \u201cexerc\u00edcio mar\u00edtimo\u201d conjunto na \u00c1frica do Sul , para defesa das rotas internacionais","author":"da Reda\u00e7\u00e3o","date":"11 de janeiro de 2026","format":false,"excerpt":"\u00a0Um exerc\u00edcio mar\u00edtimo conjunto foi definido com a participa\u00e7\u00e3o de membros dos BRICS, incluindo China, R\u00fassia e \u00c1frica do Sul, segundo um comunicado divulgado pelo Minist\u00e9rio da Defesa Nacional da China na sexta-feira. O exerc\u00edcio, \"Will for Peace 2026\", ser\u00e1 realizado do in\u00edcio de meados de janeiro em \u00e1guas e\u2026","rel":"","context":"Em &quot;Geral-MAT\u00c9RIA&quot;","block_context":{"text":"Geral-MAT\u00c9RIA","link":"https:\/\/www.jornalja.com.br\/geral\/category\/geral\/"},"img":{"alt_text":"","src":"","width":0,"height":0},"classes":[]},{"id":99005,"url":"https:\/\/www.jornalja.com.br\/geral\/gripe-aviaria-foco-em-montenegro-esta-contido-mas-exportacoes-continuam-suspensas\/","url_meta":{"origin":100230,"position":5},"title":"Gripe avi\u00e1ria: segundo foco confirmado no zool\u00f3gico de Sapucaia; quatro suspeitas em an\u00e1lise em outros Estados","author":"da Reda\u00e7\u00e3o","date":"19 de maio de 2025","format":false,"excerpt":"Sete casos suspeitos de gripe avi\u00e1ria est\u00e3o em investiga\u00e7\u00e3o no Brasil, segundo informou nesta segunda-feira o Minist\u00e9rio da Agricultura. Tr\u00eas deles - no Mato Grosso, Sergipe e Cear\u00e1 -\u00a0 j\u00e1 foram descartados. Seguem em an\u00e1lise laboratorial as suspeitas no Tocantins e em Santa Catarina. No Rio Grande do Sul, confirmou-se\u2026","rel":"","context":"Em &quot;Geral-MAT\u00c9RIA&quot;","block_context":{"text":"Geral-MAT\u00c9RIA","link":"https:\/\/www.jornalja.com.br\/geral\/category\/geral\/"},"img":{"alt_text":"","src":"","width":0,"height":0},"classes":[]}],"jetpack_sharing_enabled":true,"_links":{"self":[{"href":"https:\/\/www.jornalja.com.br\/geral\/wp-json\/wp\/v2\/posts\/100230","targetHints":{"allow":["GET"]}}],"collection":[{"href":"https:\/\/www.jornalja.com.br\/geral\/wp-json\/wp\/v2\/posts"}],"about":[{"href":"https:\/\/www.jornalja.com.br\/geral\/wp-json\/wp\/v2\/types\/post"}],"author":[{"embeddable":true,"href":"https:\/\/www.jornalja.com.br\/geral\/wp-json\/wp\/v2\/users\/4"}],"replies":[{"embeddable":true,"href":"https:\/\/www.jornalja.com.br\/geral\/wp-json\/wp\/v2\/comments?post=100230"}],"version-history":[{"count":1,"href":"https:\/\/www.jornalja.com.br\/geral\/wp-json\/wp\/v2\/posts\/100230\/revisions"}],"predecessor-version":[{"id":100232,"href":"https:\/\/www.jornalja.com.br\/geral\/wp-json\/wp\/v2\/posts\/100230\/revisions\/100232"}],"wp:attachment":[{"href":"https:\/\/www.jornalja.com.br\/geral\/wp-json\/wp\/v2\/media?parent=100230"}],"wp:term":[{"taxonomy":"category","embeddable":true,"href":"https:\/\/www.jornalja.com.br\/geral\/wp-json\/wp\/v2\/categories?post=100230"},{"taxonomy":"post_tag","embeddable":true,"href":"https:\/\/www.jornalja.com.br\/geral\/wp-json\/wp\/v2\/tags?post=100230"}],"curies":[{"name":"wp","href":"https:\/\/api.w.org\/{rel}","templated":true}]}}