{"id":100314,"date":"2025-12-01T01:09:20","date_gmt":"2025-12-01T04:09:20","guid":{"rendered":"https:\/\/www.jornalja.com.br\/geral\/?p=100314"},"modified":"2026-01-08T12:02:04","modified_gmt":"2026-01-08T15:02:04","slug":"projeto-premiado-na-bienal-internacional-de-arquitetura-propoe-passeio-elevado-sobre-o-muro-da-maua","status":"publish","type":"post","link":"https:\/\/www.jornalja.com.br\/geral\/projeto-premiado-na-bienal-internacional-de-arquitetura-propoe-passeio-elevado-sobre-o-muro-da-maua\/","title":{"rendered":"Projeto premiado na Bienal Internacional de Arquitetura prop\u00f5e passeio elevado sobre o Muro da Mau\u00e1"},"content":{"rendered":"<p>Um passeio ajardinado, com ciclovias e recantos para contempla\u00e7\u00e3o, correndo por cima do muro que separa o Cais Mau\u00e1 do centro hist\u00f3rico de Porto Alegre.<\/p>\n<p>Esse \u00e9 o projeto que quatro alunos da Faculdade de Arquitetura da UFRGS apresentaram \u00e0 14a. Bienal Internacional de Arquitetura, que se realizou em S\u00e3o Paulo em outubro.<\/p>\n<p>Selecionado entre mais de 130 trabalhos inscritos, foi um dos 30 projetos (15 de outros pa\u00edses ) expostos na Bienal e um dos dois premiados com Men\u00e7\u00e3o Honrosa (o outro foi de alunos da arquitetura da Universidade de Santa Catarina).<\/p>\n<p>O tema da Bienal era o desafio da arquitetura diante das mudan\u00e7as clim\u00e1ticas e a necessidade de\u00a0 tornar as cidades mais resistentes e resilientes frente aos extremos do clima.<\/p>\n<figure id=\"attachment_100322\" aria-describedby=\"caption-attachment-100322\" style=\"width: 450px\" class=\"wp-caption alignnone\"><img decoding=\"async\" data-attachment-id=\"100322\" data-permalink=\"https:\/\/www.jornalja.com.br\/geral\/projeto-premiado-na-bienal-internacional-de-arquitetura-propoe-passeio-elevado-sobre-o-muro-da-maua\/porto-alegre-muro-autores-do-projeto\/\" data-orig-file=\"https:\/\/www.jornalja.com.br\/geral\/wp-content\/uploads\/sites\/4\/2025\/12\/porto-alegre-muro-autores-do-projeto.jpeg\" data-orig-size=\"1280,960\" data-comments-opened=\"0\" data-image-meta=\"{&quot;aperture&quot;:&quot;0&quot;,&quot;credit&quot;:&quot;&quot;,&quot;camera&quot;:&quot;&quot;,&quot;caption&quot;:&quot;&quot;,&quot;created_timestamp&quot;:&quot;0&quot;,&quot;copyright&quot;:&quot;&quot;,&quot;focal_length&quot;:&quot;0&quot;,&quot;iso&quot;:&quot;0&quot;,&quot;shutter_speed&quot;:&quot;0&quot;,&quot;title&quot;:&quot;&quot;,&quot;orientation&quot;:&quot;0&quot;}\" data-image-title=\"Porto Alegre muro autores do projeto\" data-image-description=\"\" data-image-caption=\"&lt;p&gt;Os autores do projeto&lt;\/p&gt;\n\" data-large-file=\"https:\/\/www.jornalja.com.br\/geral\/wp-content\/uploads\/sites\/4\/2025\/12\/porto-alegre-muro-autores-do-projeto-900x675.jpeg\" class=\"size-medium wp-image-100322\" src=\"https:\/\/www.jornalja.com.br\/geral\/wp-content\/uploads\/sites\/4\/2025\/12\/porto-alegre-muro-autores-do-projeto-450x338.jpeg\" alt=\"Os autores do projeto: Caroline Jan, Guilherme Staub e Fabiane Calistro.\" width=\"450\" height=\"338\" srcset=\"https:\/\/www.jornalja.com.br\/geral\/wp-content\/uploads\/sites\/4\/2025\/12\/porto-alegre-muro-autores-do-projeto-450x338.jpeg 450w, https:\/\/www.jornalja.com.br\/geral\/wp-content\/uploads\/sites\/4\/2025\/12\/porto-alegre-muro-autores-do-projeto-900x675.jpeg 900w, https:\/\/www.jornalja.com.br\/geral\/wp-content\/uploads\/sites\/4\/2025\/12\/porto-alegre-muro-autores-do-projeto-768x576.jpeg 768w, https:\/\/www.jornalja.com.br\/geral\/wp-content\/uploads\/sites\/4\/2025\/12\/porto-alegre-muro-autores-do-projeto-1200x900.jpeg 1200w, https:\/\/www.jornalja.com.br\/geral\/wp-content\/uploads\/sites\/4\/2025\/12\/porto-alegre-muro-autores-do-projeto.jpeg 1280w\" sizes=\"(max-width: 450px) 100vw, 450px\" \/><figcaption id=\"caption-attachment-100322\" class=\"wp-caption-text\"><strong>Os autores do projeto:: Fabiane Calistro. Caroline Jan,\u00a0 Yan Kruchin e Guilherme Staub\u00a0<\/strong><\/figcaption><\/figure>\n<p>&#8220;Escolhemos o muro porque ele chegou ser chamado o <em>muro da vergonha<\/em> e, afinal, com a enchente de 2024, foi o que evitou uma trag\u00e9dia maior. Ent\u00e3o, pensamos numa solu\u00e7\u00e3o capaz de integr\u00e1-lo \u00e0 paisagem urbana e ao mesmo tempo amenizar a separa\u00e7\u00e3o entre a cidade e o Guaiba&#8221;, diz Yan Kruchin, um dos autores do projeto, junto com Caroline Jan, Guilherme Staub e Fabiane Calistro.<\/p>\n<p>Eles desenvolveram o projeto sob orienta\u00e7\u00e3o das Profas. Dras. Maria Paula Recena e Maria Peixoto.<\/p>\n<p>O projeto prev\u00ea uma plataforma de 10 metros de largura e 1,2 km de comprimento, com uma estrutura de madeira engenheirada, que \u00e9 leve e resistente.<\/p>\n<p>Eles se inspiraram na High Line, a antiga linha ferrovi\u00e1ria elevada junto ao Porto de Nova York que foi desativada e, depois, transformada num parque linear de 2,5 km, que atraiu para o entorno grandes projetos arquitet\u00f4nicos e contribuiu para a revitaliza\u00e7\u00e3o de uma regi\u00e3o degradada, tornando-se um polo de atra\u00e7\u00e3o para os milh\u00f5es de turistas que visitam a cidade.<\/p>\n<figure id=\"attachment_100320\" aria-describedby=\"caption-attachment-100320\" style=\"width: 450px\" class=\"wp-caption alignnone\"><img decoding=\"async\" data-attachment-id=\"100320\" data-permalink=\"https:\/\/www.jornalja.com.br\/geral\/projeto-premiado-na-bienal-internacional-de-arquitetura-propoe-passeio-elevado-sobre-o-muro-da-maua\/porto-alegre-muro-high-line-ny\/\" data-orig-file=\"https:\/\/www.jornalja.com.br\/geral\/wp-content\/uploads\/sites\/4\/2025\/12\/porto-alegre-muro-high-line-ny.png\" data-orig-size=\"996,449\" data-comments-opened=\"0\" data-image-meta=\"{&quot;aperture&quot;:&quot;0&quot;,&quot;credit&quot;:&quot;&quot;,&quot;camera&quot;:&quot;&quot;,&quot;caption&quot;:&quot;&quot;,&quot;created_timestamp&quot;:&quot;0&quot;,&quot;copyright&quot;:&quot;&quot;,&quot;focal_length&quot;:&quot;0&quot;,&quot;iso&quot;:&quot;0&quot;,&quot;shutter_speed&quot;:&quot;0&quot;,&quot;title&quot;:&quot;&quot;,&quot;orientation&quot;:&quot;0&quot;}\" data-image-title=\"Porto Alegre Muro high line ny\" data-image-description=\"\" data-image-caption=\"&lt;p&gt;A High Line de Nova York foi a inspira\u00e7\u00e3o&lt;\/p&gt;\n\" data-large-file=\"https:\/\/www.jornalja.com.br\/geral\/wp-content\/uploads\/sites\/4\/2025\/12\/porto-alegre-muro-high-line-ny-900x406.png\" class=\"size-medium wp-image-100320\" src=\"https:\/\/www.jornalja.com.br\/geral\/wp-content\/uploads\/sites\/4\/2025\/12\/porto-alegre-muro-high-line-ny-450x203.png\" alt=\"\" width=\"450\" height=\"203\" srcset=\"https:\/\/www.jornalja.com.br\/geral\/wp-content\/uploads\/sites\/4\/2025\/12\/porto-alegre-muro-high-line-ny-450x203.png 450w, https:\/\/www.jornalja.com.br\/geral\/wp-content\/uploads\/sites\/4\/2025\/12\/porto-alegre-muro-high-line-ny-900x406.png 900w, https:\/\/www.jornalja.com.br\/geral\/wp-content\/uploads\/sites\/4\/2025\/12\/porto-alegre-muro-high-line-ny-768x346.png 768w, https:\/\/www.jornalja.com.br\/geral\/wp-content\/uploads\/sites\/4\/2025\/12\/porto-alegre-muro-high-line-ny.png 996w\" sizes=\"(max-width: 450px) 100vw, 450px\" \/><figcaption id=\"caption-attachment-100320\" class=\"wp-caption-text\">A High Line de Nova York foi a inspira\u00e7\u00e3o<\/figcaption><\/figure>\n<p><span style=\"color: #1a1a1a;font-size: 1.5rem\">O apoio do IAB\/RS viabilizou a inscri\u00e7\u00e3o. Os autores bancaram os demais custos da produ\u00e7\u00e3o.<\/span><\/p>\n<p>&nbsp;<\/p>\n","protected":false},"excerpt":{"rendered":"<p>Um passeio ajardinado, com ciclovias e recantos para contempla\u00e7\u00e3o, correndo por cima do muro que separa o Cais Mau\u00e1 do centro hist\u00f3rico de Porto Alegre. Esse \u00e9 o projeto que quatro alunos da Faculdade de Arquitetura da UFRGS apresentaram \u00e0 14a. Bienal Internacional de Arquitetura, que se realizou em S\u00e3o Paulo em outubro. Selecionado entre [&hellip;]<\/p>\n","protected":false},"author":4,"featured_media":100315,"comment_status":"closed","ping_status":"open","sticky":false,"template":"","format":"standard","meta":{"jetpack_post_was_ever_published":false,"_jetpack_newsletter_access":"","_jetpack_dont_email_post_to_subs":false,"_jetpack_newsletter_tier_id":0,"_jetpack_memberships_contains_paywalled_content":false,"_jetpack_memberships_contains_paid_content":false,"footnotes":"","jetpack_publicize_message":"","jetpack_publicize_feature_enabled":true,"jetpack_social_post_already_shared":true,"jetpack_social_options":{"image_generator_settings":{"template":"highway","default_image_id":0,"font":"","enabled":false},"version":2}},"categories":[2],"tags":[],"class_list":["post-100314","post","type-post","status-publish","format-standard","has-post-thumbnail","hentry","category-geral"],"aioseo_notices":[],"jetpack_publicize_connections":[],"jetpack_featured_media_url":"https:\/\/www.jornalja.com.br\/geral\/wp-content\/uploads\/sites\/4\/2025\/11\/porto-alegre-muro-passeio.png","jetpack_shortlink":"https:\/\/wp.me\/pbKhrD-q5Y","jetpack-related-posts":[{"id":87951,"url":"https:\/\/www.jornalja.com.br\/geral\/cais-maua-governo-promete-debater-modelo-de-revitalizacao-com-entidades-da-sociedade-civil\/","url_meta":{"origin":100314,"position":0},"title":"Cais Mau\u00e1: Governo promete debater modelo de revitaliza\u00e7\u00e3o com entidades da sociedade civil","author":"da Reda\u00e7\u00e3o","date":"19 de maio de 2021","format":false,"excerpt":"O secret\u00e1rio Extraordin\u00e1rio de Parcerias do Estado, Leonardo Busatto, garantiu ao procurador-geral do MPC, Geraldo Da Camino, que ir\u00e1 marcar reuni\u00e3o para o in\u00edcio de junho com representantes de entidades da sociedade civil para debater o novo modelo de revitaliza\u00e7\u00e3o do Cais Mau\u00e1. A promessa foi feita durante reuni\u00e3o virtual\u2026","rel":"","context":"Em &quot;Geral-MAT\u00c9RIA&quot;","block_context":{"text":"Geral-MAT\u00c9RIA","link":"https:\/\/www.jornalja.com.br\/geral\/category\/geral\/"},"img":{"alt_text":"","src":"https:\/\/i0.wp.com\/www.jornalja.com.br\/geral\/wp-content\/uploads\/sites\/4\/2021\/05\/20200731-155126-scaled.jpg?resize=350%2C200&ssl=1","width":350,"height":200,"srcset":"https:\/\/i0.wp.com\/www.jornalja.com.br\/geral\/wp-content\/uploads\/sites\/4\/2021\/05\/20200731-155126-scaled.jpg?resize=350%2C200&ssl=1 1x, https:\/\/i0.wp.com\/www.jornalja.com.br\/geral\/wp-content\/uploads\/sites\/4\/2021\/05\/20200731-155126-scaled.jpg?resize=525%2C300&ssl=1 1.5x, https:\/\/i0.wp.com\/www.jornalja.com.br\/geral\/wp-content\/uploads\/sites\/4\/2021\/05\/20200731-155126-scaled.jpg?resize=700%2C400&ssl=1 2x, https:\/\/i0.wp.com\/www.jornalja.com.br\/geral\/wp-content\/uploads\/sites\/4\/2021\/05\/20200731-155126-scaled.jpg?resize=1050%2C600&ssl=1 3x, https:\/\/i0.wp.com\/www.jornalja.com.br\/geral\/wp-content\/uploads\/sites\/4\/2021\/05\/20200731-155126-scaled.jpg?resize=1400%2C800&ssl=1 4x"},"classes":[]},{"id":72918,"url":"https:\/\/www.jornalja.com.br\/geral\/biblioteca-publica-estadual-distribui-kits-de-livros-para-bibliotecas-do-interior\/","url_meta":{"origin":100314,"position":1},"title":"Biblioteca P\u00fablica estadual distribui kits de livros para bibliotecas do interior","author":"da Reda\u00e7\u00e3o","date":"19 de fevereiro de 2019","format":false,"excerpt":"O Sistema Estadual de Bibliotecas P\u00fablicas do Rio Grande do Sul (SEBP-RS) est\u00e1 distribuindo para bibliotecas p\u00fablicas municipais, do interior ga\u00facho e da Regi\u00e3o Metropolitana de Porto Alegre, kits de livros resultantes de doa\u00e7\u00f5es de autores e contrapartida de obras publicadas com financiamento da Lei de Incentivo \u00e0 Cultura e\u2026","rel":"","context":"Em &quot;Geral-MAT\u00c9RIA&quot;","block_context":{"text":"Geral-MAT\u00c9RIA","link":"https:\/\/www.jornalja.com.br\/geral\/category\/geral\/"},"img":{"alt_text":"","src":"","width":0,"height":0},"classes":[]},{"id":89624,"url":"https:\/\/www.jornalja.com.br\/geral\/arquitetura-sustentavel-quatro-projetos-gauchos-no-guia-do-iab-2021\/","url_meta":{"origin":100314,"position":2},"title":"Arquitetura sustent\u00e1vel:  quatro projetos ga\u00fachos no Guia do IAB 2021","author":"da Reda\u00e7\u00e3o","date":"29 de agosto de 2021","format":false,"excerpt":"O 2\u00ba Guia IAB para a Agenda 2030, que o Instituto dos Arquitetos do Brasil acaba de lan\u00e7ar traz 51 experi\u00eancias do Brasil e do mundo sobre como arquitetos e urbanistas podem contribuir para os objetivos do desenvolvimento sustent\u00e1vel. Profissionais ga\u00fachos contribu\u00edram em pelo menos quatro projetos. O guia \u00e9\u2026","rel":"","context":"Em &quot;Geral-MAT\u00c9RIA&quot;","block_context":{"text":"Geral-MAT\u00c9RIA","link":"https:\/\/www.jornalja.com.br\/geral\/category\/geral\/"},"img":{"alt_text":"","src":"https:\/\/i0.wp.com\/www.jornalja.com.br\/geral\/wp-content\/uploads\/sites\/4\/2021\/08\/guia-de-arquitetura-unidade-sanitaria-450x236.png?resize=350%2C200&ssl=1","width":350,"height":200},"classes":[]},{"id":91101,"url":"https:\/\/www.jornalja.com.br\/geral\/pesquisadores-da-ufrgs-apresentam-proposta-para-ocupacao-cultural-do-cais-maua\/","url_meta":{"origin":100314,"position":3},"title":"Pesquisadores da UFRGS apresentam proposta para \u201cocupa\u00e7\u00e3o cultural do Cais Mau\u00e1\u201d","author":"Elmar Bones","date":"24 de novembro de 2021","format":false,"excerpt":"Quatro pesquisadores e oito p\u00f3s-graduandos em urbanismo, sociologia e administra\u00e7\u00e3o formaram o grupo que elaborou a \u201cproposta de ocupa\u00e7\u00e3o cultural do Cais Mau\u00e1\u201d, apresentada nesta ter\u00e7a-feira, na sede do IAB\/RS. O trabalho foi desenvolvido em cursos de extens\u00e3o ao longo deste ano e tem como foco a preserva\u00e7\u00e3o do antigo\u2026","rel":"","context":"Em &quot;Geral-MAT\u00c9RIA&quot;","block_context":{"text":"Geral-MAT\u00c9RIA","link":"https:\/\/www.jornalja.com.br\/geral\/category\/geral\/"},"img":{"alt_text":"","src":"https:\/\/i0.wp.com\/www.jornalja.com.br\/geral\/wp-content\/uploads\/sites\/4\/2021\/11\/20211123-0006-ocupacao-cultural-cais-maua-ramiro-furquim-oaf2986.jpg?resize=350%2C200&ssl=1","width":350,"height":200,"srcset":"https:\/\/i0.wp.com\/www.jornalja.com.br\/geral\/wp-content\/uploads\/sites\/4\/2021\/11\/20211123-0006-ocupacao-cultural-cais-maua-ramiro-furquim-oaf2986.jpg?resize=350%2C200&ssl=1 1x, https:\/\/i0.wp.com\/www.jornalja.com.br\/geral\/wp-content\/uploads\/sites\/4\/2021\/11\/20211123-0006-ocupacao-cultural-cais-maua-ramiro-furquim-oaf2986.jpg?resize=525%2C300&ssl=1 1.5x, https:\/\/i0.wp.com\/www.jornalja.com.br\/geral\/wp-content\/uploads\/sites\/4\/2021\/11\/20211123-0006-ocupacao-cultural-cais-maua-ramiro-furquim-oaf2986.jpg?resize=700%2C400&ssl=1 2x, https:\/\/i0.wp.com\/www.jornalja.com.br\/geral\/wp-content\/uploads\/sites\/4\/2021\/11\/20211123-0006-ocupacao-cultural-cais-maua-ramiro-furquim-oaf2986.jpg?resize=1050%2C600&ssl=1 3x, https:\/\/i0.wp.com\/www.jornalja.com.br\/geral\/wp-content\/uploads\/sites\/4\/2021\/11\/20211123-0006-ocupacao-cultural-cais-maua-ramiro-furquim-oaf2986.jpg?resize=1400%2C800&ssl=1 4x"},"classes":[]},{"id":77744,"url":"https:\/\/www.jornalja.com.br\/geral\/arquitetos-de-todo-o-pais-discutem-a-profissao-em-porto-alegre\/","url_meta":{"origin":100314,"position":4},"title":"Arquitetos de todo o pa\u00eds discutem a profiss\u00e3o em Porto Alegre","author":"Elmar Bones","date":"25 de setembro de 2019","format":false,"excerpt":"Entrevista: Tiago Holzmann da Silva, presidente do Conselho de Arquitetura e Urbanismo\/RS, que promove com o Instituto dos Arquitetos do Brasil, o Congresso Brasileiro de Arquitetos, que se realiza em Porto Alegre de 9 a 12 de outubro. J\u00c1- Porto Alegre recebeu um congresso nacional de arquitetos em 1948, quando\u2026","rel":"","context":"Em &quot;Geral-MAT\u00c9RIA&quot;","block_context":{"text":"Geral-MAT\u00c9RIA","link":"https:\/\/www.jornalja.com.br\/geral\/category\/geral\/"},"img":{"alt_text":"","src":"","width":0,"height":0},"classes":[]},{"id":76784,"url":"https:\/\/www.jornalja.com.br\/geral\/porto-alegre-sera-a-capital-da-arquitetura-brasileira-por-quatro-dias\/","url_meta":{"origin":100314,"position":5},"title":"Porto Alegre ser\u00e1 por quatro dias a capital da arquitetura brasileira","author":"Elmar Bones","date":"28 de agosto de 2019","format":false,"excerpt":"A arquitetura brasileira vai desembarcar em porto alegre de\u00a0 09 a 12 de outubro com o 21\u00b0 Congresso Brasileiro de Arquitetos. As inscri\u00e7\u00f5es j\u00e1 passam de mil e a expectativa dos organizadores \u00e9 de superar os tr\u00eas mil participantes, entre eles grandes nomes da arquitetura e urbanismo nacional, como a\u2026","rel":"","context":"Em &quot;Geral-MAT\u00c9RIA&quot;","block_context":{"text":"Geral-MAT\u00c9RIA","link":"https:\/\/www.jornalja.com.br\/geral\/category\/geral\/"},"img":{"alt_text":"","src":"https:\/\/i0.wp.com\/www.jornalja.com.br\/wp-content\/uploads\/2019\/08\/Congresso-Brasileiro-de-Arquitetos-Rafael-Passos-437x450.jpg?resize=350%2C200&ssl=1","width":350,"height":200},"classes":[]}],"jetpack_sharing_enabled":true,"_links":{"self":[{"href":"https:\/\/www.jornalja.com.br\/geral\/wp-json\/wp\/v2\/posts\/100314","targetHints":{"allow":["GET"]}}],"collection":[{"href":"https:\/\/www.jornalja.com.br\/geral\/wp-json\/wp\/v2\/posts"}],"about":[{"href":"https:\/\/www.jornalja.com.br\/geral\/wp-json\/wp\/v2\/types\/post"}],"author":[{"embeddable":true,"href":"https:\/\/www.jornalja.com.br\/geral\/wp-json\/wp\/v2\/users\/4"}],"replies":[{"embeddable":true,"href":"https:\/\/www.jornalja.com.br\/geral\/wp-json\/wp\/v2\/comments?post=100314"}],"version-history":[{"count":5,"href":"https:\/\/www.jornalja.com.br\/geral\/wp-json\/wp\/v2\/posts\/100314\/revisions"}],"predecessor-version":[{"id":100332,"href":"https:\/\/www.jornalja.com.br\/geral\/wp-json\/wp\/v2\/posts\/100314\/revisions\/100332"}],"wp:featuredmedia":[{"embeddable":true,"href":"https:\/\/www.jornalja.com.br\/geral\/wp-json\/wp\/v2\/media\/100315"}],"wp:attachment":[{"href":"https:\/\/www.jornalja.com.br\/geral\/wp-json\/wp\/v2\/media?parent=100314"}],"wp:term":[{"taxonomy":"category","embeddable":true,"href":"https:\/\/www.jornalja.com.br\/geral\/wp-json\/wp\/v2\/categories?post=100314"},{"taxonomy":"post_tag","embeddable":true,"href":"https:\/\/www.jornalja.com.br\/geral\/wp-json\/wp\/v2\/tags?post=100314"}],"curies":[{"name":"wp","href":"https:\/\/api.w.org\/{rel}","templated":true}]}}