{"id":100327,"date":"2025-12-01T09:06:46","date_gmt":"2025-12-01T12:06:46","guid":{"rendered":"https:\/\/www.jornalja.com.br\/geral\/?p=100327"},"modified":"2025-12-01T09:06:46","modified_gmt":"2025-12-01T12:06:46","slug":"rock-na-janela-abre-a-semana-do-bom-fim-no-bar-ocidente","status":"publish","type":"post","link":"https:\/\/www.jornalja.com.br\/geral\/rock-na-janela-abre-a-semana-do-bom-fim-no-bar-ocidente\/","title":{"rendered":"&#8220;Rock na Janela&#8221; abre a Semana do Bom  Fim no Bar Ocidente"},"content":{"rendered":"<p>O coral &#8220;Viva La Vida&#8221; abre a\u00a0 <strong>2a.Semana do Bom Fim<\/strong> cantando cl\u00e1ssicos do pop e do rock nas janelas do Bar Ocidente, na avenida Osvaldo Aranha, \u00e0s 20 horas desta segunda feira.<\/p>\n<p>A programa\u00e7\u00e3o vai at\u00e9 o dia 7, com shows, exposi\u00e7\u00f5es e debates sobre o bairro Bom Fim, um dos mais tradicionais de Porto Alegre, conhecido por sua vida noturna e seu hist\u00f3rico de &#8220;tambor cultural&#8221; da capital ga\u00facha.<\/p>\n<p>A Semana do Bom Fim foi incorporada ao calend\u00e1rio cultural de Porto Alegre pela lei 14.051, de autoria da vereadora Polaca Rocha, em 2024.<\/p>\n<p>Todos os eventos s\u00e3o gratuitos.<\/p>\n<p>Confira toda a programa\u00e7\u00e3o aqui: <em>@semanadobomfim<\/em><\/p>\n","protected":false},"excerpt":{"rendered":"<p>O coral &#8220;Viva La Vida&#8221; abre a\u00a0 2a.Semana do Bom Fim cantando cl\u00e1ssicos do pop e do rock nas janelas do Bar Ocidente, na avenida Osvaldo Aranha, \u00e0s 20 horas desta segunda feira. A programa\u00e7\u00e3o vai at\u00e9 o dia 7, com shows, exposi\u00e7\u00f5es e debates sobre o bairro Bom Fim, um dos mais tradicionais de [&hellip;]<\/p>\n","protected":false},"author":4,"featured_media":100328,"comment_status":"closed","ping_status":"open","sticky":false,"template":"","format":"standard","meta":{"jetpack_post_was_ever_published":false,"_jetpack_newsletter_access":"","_jetpack_dont_email_post_to_subs":false,"_jetpack_newsletter_tier_id":0,"_jetpack_memberships_contains_paywalled_content":false,"_jetpack_memberships_contains_paid_content":false,"footnotes":"","jetpack_publicize_message":"","jetpack_publicize_feature_enabled":true,"jetpack_social_post_already_shared":true,"jetpack_social_options":{"image_generator_settings":{"template":"highway","default_image_id":0,"font":"","enabled":false},"version":2}},"categories":[2],"tags":[],"class_list":["post-100327","post","type-post","status-publish","format-standard","has-post-thumbnail","hentry","category-geral"],"aioseo_notices":[],"jetpack_publicize_connections":[],"jetpack_featured_media_url":"https:\/\/www.jornalja.com.br\/geral\/wp-content\/uploads\/sites\/4\/2025\/12\/bom-fim.png","jetpack_shortlink":"https:\/\/wp.me\/pbKhrD-q6b","jetpack-related-posts":[{"id":100565,"url":"https:\/\/www.jornalja.com.br\/geral\/fim-de-semana-em-porto-alegre-73-acidentes-de-transito-28-com-feridos-um-com-morte\/","url_meta":{"origin":100327,"position":0},"title":"Fim de semana em Porto Alegre: 73 acidentes de tr\u00e2nsito, 28 com feridos, um com morte","author":"da Reda\u00e7\u00e3o","date":"12 de janeiro de 2026","format":false,"excerpt":"A EPTC registrou 73 acidentes no tr\u00e2nsito de Porto Alegre entre as 18h de sexta-feira, 9, e as 6h desta segunda-feira, 12 0de janeiro. Do total, 41 acidentes envolveram apenas danos materiais e 28 resultaram em feridos, com uma ocorr\u00eancia com morte. Tr\u00eas dos acidentes registrados foram atropelamentos. Nos casos\u2026","rel":"","context":"Em &quot;Geral-NOTAS&quot;","block_context":{"text":"Geral-NOTAS","link":"https:\/\/www.jornalja.com.br\/geral\/category\/geral-notas\/"},"img":{"alt_text":"","src":"","width":0,"height":0},"classes":[]},{"id":101182,"url":"https:\/\/www.jornalja.com.br\/geral\/viaduto-restaurado-1-guarda-municipal-vigia-24-horas-para-evitar-pichacoes-antes-da-inauguracao\/","url_meta":{"origin":100327,"position":1},"title":"Viaduto restaurado (1): Guarda Municipal vigia 24 horas para evitar picha\u00e7\u00f5es antes da inaugura\u00e7\u00e3o","author":"Elmar Bones","date":"28 de abril de 2026","format":false,"excerpt":"Desde 1\u00ba de abril, est\u00e1 oficialmente conclu\u00edda a mais completa restaura\u00e7\u00e3o do Viaduto Ot\u00e1vio Rocha, uma das maiores obras vi\u00e1rias e, ao mesmo tempo, o principal monumento de Porto Alegre. Retirados os tapumes e aberto ao p\u00fablico e ao tr\u00e2nsito, o viaduto est\u00e1, desde ent\u00e3o, sob a vigil\u00e2ncia permanente da\u2026","rel":"","context":"Em &quot;Geral-MAT\u00c9RIA&quot;","block_context":{"text":"Geral-MAT\u00c9RIA","link":"https:\/\/www.jornalja.com.br\/geral\/category\/geral\/"},"img":{"alt_text":"","src":"https:\/\/i0.wp.com\/www.jornalja.com.br\/geral\/wp-content\/uploads\/sites\/4\/2026\/04\/img-20260426-160651-scaled.jpg?resize=350%2C200&ssl=1","width":350,"height":200,"srcset":"https:\/\/i0.wp.com\/www.jornalja.com.br\/geral\/wp-content\/uploads\/sites\/4\/2026\/04\/img-20260426-160651-scaled.jpg?resize=350%2C200&ssl=1 1x, https:\/\/i0.wp.com\/www.jornalja.com.br\/geral\/wp-content\/uploads\/sites\/4\/2026\/04\/img-20260426-160651-scaled.jpg?resize=525%2C300&ssl=1 1.5x, https:\/\/i0.wp.com\/www.jornalja.com.br\/geral\/wp-content\/uploads\/sites\/4\/2026\/04\/img-20260426-160651-scaled.jpg?resize=700%2C400&ssl=1 2x, https:\/\/i0.wp.com\/www.jornalja.com.br\/geral\/wp-content\/uploads\/sites\/4\/2026\/04\/img-20260426-160651-scaled.jpg?resize=1050%2C600&ssl=1 3x, https:\/\/i0.wp.com\/www.jornalja.com.br\/geral\/wp-content\/uploads\/sites\/4\/2026\/04\/img-20260426-160651-scaled.jpg?resize=1400%2C800&ssl=1 4x"},"classes":[]},{"id":84310,"url":"https:\/\/www.jornalja.com.br\/geral\/fechamento-pode-causar-mais-12-mil-demissoes-em-bares-e-restaurantes-de-porto-alegre\/","url_meta":{"origin":100327,"position":2},"title":"Fechamento pode causar mais 12 mil demiss\u00f5es em bares e restaurantes de Porto Alegre","author":"da Reda\u00e7\u00e3o","date":"25 de junho de 2020","format":false,"excerpt":"Est\u00e1 valendo, a partir desta quinta-feira, 25\/06, o novo decreto de Porto Alegre que restringe o funcionamento de bares e restaurantes ao sistema de pega e leve ou telentrega. A medida foi adotada para frear a circula\u00e7\u00e3o de pessoas e diminuir o impacto do Covid-19 no sistema de sa\u00fade. Com\u2026","rel":"","context":"Em &quot;Geral-MAT\u00c9RIA&quot;","block_context":{"text":"Geral-MAT\u00c9RIA","link":"https:\/\/www.jornalja.com.br\/geral\/category\/geral\/"},"img":{"alt_text":"","src":"https:\/\/i0.wp.com\/www.jornalja.com.br\/geral\/wp-content\/uploads\/sites\/4\/2020\/06\/dsc8423.jpg?resize=350%2C200&ssl=1","width":350,"height":200,"srcset":"https:\/\/i0.wp.com\/www.jornalja.com.br\/geral\/wp-content\/uploads\/sites\/4\/2020\/06\/dsc8423.jpg?resize=350%2C200&ssl=1 1x, https:\/\/i0.wp.com\/www.jornalja.com.br\/geral\/wp-content\/uploads\/sites\/4\/2020\/06\/dsc8423.jpg?resize=525%2C300&ssl=1 1.5x, https:\/\/i0.wp.com\/www.jornalja.com.br\/geral\/wp-content\/uploads\/sites\/4\/2020\/06\/dsc8423.jpg?resize=700%2C400&ssl=1 2x"},"classes":[]},{"id":97408,"url":"https:\/\/www.jornalja.com.br\/geral\/porto-alegre-servicos-de-saude-no-fim-de-semana-1-e-2-06\/","url_meta":{"origin":100327,"position":3},"title":"Porto Alegre: Servi\u00e7os de Sa\u00fade no fim de semana, 1 e 2\/06","author":"da Reda\u00e7\u00e3o","date":"31 de maio de 2024","format":false,"excerpt":"Porto Alegre ter\u00e1 cinco unidades de sa\u00fade abertas neste fim de semana, al\u00e9m de cinco unidades m\u00f3veis, integrando a\u00e7\u00f5es da Opera\u00e7\u00e3o Inverno na Secretaria Municipal de Sa\u00fade (SMS). Os profissionais seguem no atendimento junto aos abrigos provis\u00f3rios. S\u00e1bado e domingo, 1\u00ba e 2 de junho, das 10h \u00e0s 19h, atendem\u2026","rel":"","context":"Em &quot;Geral-NOTAS&quot;","block_context":{"text":"Geral-NOTAS","link":"https:\/\/www.jornalja.com.br\/geral\/category\/geral-notas\/"},"img":{"alt_text":"","src":"","width":0,"height":0},"classes":[]},{"id":100981,"url":"https:\/\/www.jornalja.com.br\/geral\/carta-de-porto-alegre-propoe-frente-global-em-defesa-da-democracia\/","url_meta":{"origin":100327,"position":4},"title":"&#8220;Carta de Porto Alegre&#8221; prop\u00f5e frente global em defesa da democracia","author":"da Reda\u00e7\u00e3o","date":"31 de mar\u00e7o de 2026","format":false,"excerpt":"Na quinta-feira, Ol\u00edvio Dutra foi o primeiro a falar. Disse que a luta contra o fascismo \u00e9, essencialmente, uma luta contra governos que n\u00e3o colocam a vida humana como prioridade central das pol\u00edticas p\u00fablicas. \u201cA democracia deve ser social e participativa, e n\u00e3o um instrumento controlado por minorias ou pelo\u2026","rel":"","context":"Em &quot;Geral-MAT\u00c9RIA&quot;","block_context":{"text":"Geral-MAT\u00c9RIA","link":"https:\/\/www.jornalja.com.br\/geral\/category\/geral\/"},"img":{"alt_text":"","src":"https:\/\/i0.wp.com\/www.jornalja.com.br\/geral\/wp-content\/uploads\/sites\/4\/2026\/03\/systemuploadsnews36af8a82acdf9331cdd-700x460xfit-0aec1.jpg?resize=350%2C200&ssl=1","width":350,"height":200,"srcset":"https:\/\/i0.wp.com\/www.jornalja.com.br\/geral\/wp-content\/uploads\/sites\/4\/2026\/03\/systemuploadsnews36af8a82acdf9331cdd-700x460xfit-0aec1.jpg?resize=350%2C200&ssl=1 1x, https:\/\/i0.wp.com\/www.jornalja.com.br\/geral\/wp-content\/uploads\/sites\/4\/2026\/03\/systemuploadsnews36af8a82acdf9331cdd-700x460xfit-0aec1.jpg?resize=525%2C300&ssl=1 1.5x, https:\/\/i0.wp.com\/www.jornalja.com.br\/geral\/wp-content\/uploads\/sites\/4\/2026\/03\/systemuploadsnews36af8a82acdf9331cdd-700x460xfit-0aec1.jpg?resize=700%2C400&ssl=1 2x"},"classes":[]},{"id":101090,"url":"https:\/\/www.jornalja.com.br\/geral\/camara-de-porto-alegre-anuncia-votacao-de-plano-diretor-para-o-dia-23-de-abril\/","url_meta":{"origin":100327,"position":5},"title":"C\u00e2mara de Porto Alegre anuncia vota\u00e7\u00e3o de Plano Diretor para o dia 23 de abril","author":"da Reda\u00e7\u00e3o","date":"16 de abril de 2026","format":false,"excerpt":"A C\u00e2mara Municipal de Porto Alegre definiu que a vota\u00e7\u00e3o final do Plano Diretor Urbano Sustent\u00e1vel (PDUS) ocorrer\u00e1 no pr\u00f3ximo dia 23 de abril. O encerramento da an\u00e1lise das emendas est\u00e1 previsto para a sess\u00e3o do dia 22, conforme acordo firmado entre l\u00edderes da base governista e da oposi\u00e7\u00e3o, antecipando\u2026","rel":"","context":"Em &quot;Geral-MAT\u00c9RIA&quot;","block_context":{"text":"Geral-MAT\u00c9RIA","link":"https:\/\/www.jornalja.com.br\/geral\/category\/geral\/"},"img":{"alt_text":"","src":"https:\/\/i0.wp.com\/www.jornalja.com.br\/geral\/wp-content\/uploads\/sites\/4\/2026\/04\/ede-5907-foto-ederson-nunescmpa.jpg?resize=350%2C200&ssl=1","width":350,"height":200,"srcset":"https:\/\/i0.wp.com\/www.jornalja.com.br\/geral\/wp-content\/uploads\/sites\/4\/2026\/04\/ede-5907-foto-ederson-nunescmpa.jpg?resize=350%2C200&ssl=1 1x, https:\/\/i0.wp.com\/www.jornalja.com.br\/geral\/wp-content\/uploads\/sites\/4\/2026\/04\/ede-5907-foto-ederson-nunescmpa.jpg?resize=525%2C300&ssl=1 1.5x, https:\/\/i0.wp.com\/www.jornalja.com.br\/geral\/wp-content\/uploads\/sites\/4\/2026\/04\/ede-5907-foto-ederson-nunescmpa.jpg?resize=700%2C400&ssl=1 2x, https:\/\/i0.wp.com\/www.jornalja.com.br\/geral\/wp-content\/uploads\/sites\/4\/2026\/04\/ede-5907-foto-ederson-nunescmpa.jpg?resize=1050%2C600&ssl=1 3x, https:\/\/i0.wp.com\/www.jornalja.com.br\/geral\/wp-content\/uploads\/sites\/4\/2026\/04\/ede-5907-foto-ederson-nunescmpa.jpg?resize=1400%2C800&ssl=1 4x"},"classes":[]}],"jetpack_sharing_enabled":true,"_links":{"self":[{"href":"https:\/\/www.jornalja.com.br\/geral\/wp-json\/wp\/v2\/posts\/100327","targetHints":{"allow":["GET"]}}],"collection":[{"href":"https:\/\/www.jornalja.com.br\/geral\/wp-json\/wp\/v2\/posts"}],"about":[{"href":"https:\/\/www.jornalja.com.br\/geral\/wp-json\/wp\/v2\/types\/post"}],"author":[{"embeddable":true,"href":"https:\/\/www.jornalja.com.br\/geral\/wp-json\/wp\/v2\/users\/4"}],"replies":[{"embeddable":true,"href":"https:\/\/www.jornalja.com.br\/geral\/wp-json\/wp\/v2\/comments?post=100327"}],"version-history":[{"count":1,"href":"https:\/\/www.jornalja.com.br\/geral\/wp-json\/wp\/v2\/posts\/100327\/revisions"}],"predecessor-version":[{"id":100329,"href":"https:\/\/www.jornalja.com.br\/geral\/wp-json\/wp\/v2\/posts\/100327\/revisions\/100329"}],"wp:featuredmedia":[{"embeddable":true,"href":"https:\/\/www.jornalja.com.br\/geral\/wp-json\/wp\/v2\/media\/100328"}],"wp:attachment":[{"href":"https:\/\/www.jornalja.com.br\/geral\/wp-json\/wp\/v2\/media?parent=100327"}],"wp:term":[{"taxonomy":"category","embeddable":true,"href":"https:\/\/www.jornalja.com.br\/geral\/wp-json\/wp\/v2\/categories?post=100327"},{"taxonomy":"post_tag","embeddable":true,"href":"https:\/\/www.jornalja.com.br\/geral\/wp-json\/wp\/v2\/tags?post=100327"}],"curies":[{"name":"wp","href":"https:\/\/api.w.org\/{rel}","templated":true}]}}