{"id":100431,"date":"2025-12-19T23:57:08","date_gmt":"2025-12-20T02:57:08","guid":{"rendered":"https:\/\/www.jornalja.com.br\/geral\/?p=100431"},"modified":"2026-01-08T11:55:49","modified_gmt":"2026-01-08T14:55:49","slug":"movimentacoes-suspeitas-envolvendo-deputados-do-pl-somam-r-286-milhoes-segundo-a-pf","status":"publish","type":"post","link":"https:\/\/www.jornalja.com.br\/geral\/movimentacoes-suspeitas-envolvendo-deputados-do-pl-somam-r-286-milhoes-segundo-a-pf\/","title":{"rendered":"Movimenta\u00e7\u00f5es suspeitas envolvendo deputados do PL somam R$ 28,6 milh\u00f5es, segundo a PF"},"content":{"rendered":"<p>A Pol\u00edcia Federal (PF) apontou ao Supremo Tribunal Federal a exist\u00eancia de R$ 28,638 milh\u00f5es em movimenta\u00e7\u00f5es suspeitas, sem justificativa plaus\u00edvel, em contas de assessores dos gabinetes dos deputados S\u00f3stenes Cavalcante (PL-RJ) e Carlos Jordy (PL-RJ), bem como funcion\u00e1rios do partido, entre outras pessoas pr\u00f3ximas aos parlamentares.<\/p>\n<p>As informa\u00e7\u00f5es constam no relat\u00f3rio parcial, cujo sigilo foi levantado nesta manh\u00e3 pelo ministro Fl\u00e1vio Dino, relator do caso no Supremo, e que embasou a Opera\u00e7\u00e3o Galho Fraco, deflagrada pela PF nesta sexta-feira (19) tendo os parlamentares entre os alvos.<\/p>\n<p>Segundo informa\u00e7\u00f5es preliminares, R$ 400 mil em dinheiro vivo foram encontrados pelos agentes em um dos endere\u00e7os de S\u00f3stenes, que \u00e9 l\u00edder do PL na C\u00e2mara.<\/p>\n<p>Nesta sexta, os agentes cumpriram sete mandados de busca e apreens\u00e3o autorizados por Dino com o aval da Procuradoria-Geral da Rep\u00fablica (PGR). As dilig\u00eancias inclu\u00edram busca pessoal, veicular e em im\u00f3veis de Jordy e S\u00f3stenes.<\/p>\n<p>Segundo as investiga\u00e7\u00f5es, os dois parlamentares s\u00e3o suspeitos de usar locadoras de ve\u00edculo de fachada para desviar a cota parlamentar &#8211; verba a que cada congressista tem direito para pagar custear o funcionamento de seu gabinetes, incluindo despesas com o aluguel de frota de carros para deslocamento do deputado ou senador.<\/p>\n<p>Nas redes sociais, Jordy disse estar sendo perseguido por Dino e negou qualquer esquema ilegal. \u201cHoje, no anivers\u00e1rio da minha filha, a PF fez busca e apreens\u00e3o novamente na minha casa por determina\u00e7\u00e3o de Fl\u00e1vio Dino [ministro do STF]. Persegui\u00e7\u00e3o implac\u00e1vel!\u201d, escreveu.<\/p>\n<p><strong>Smurfing<\/strong><br \/>\nDe acordo com o relat\u00f3rio parcial da PF, al\u00e9m das quantias incompat\u00edveis com a renda declarada, o que chamou aten\u00e7\u00e3o dos investigadores foi a realiza\u00e7\u00e3o de saques nunca superiores a R$ 9.999,00, indicando a \u201cposs\u00edvel pr\u00e1tica de lavagem de dinheiro conhecida por \u201csmurfing\u201d,\u00a0que consiste em limitar o valor das transa\u00e7\u00f5es para tentar burlar o monitoramento dos \u00f3rg\u00e3os competentes.<\/p>\n<p>Os maiores montantes suspeitos foram movimentados por Adailton Oliveira dos Santos, assessor especial do PL. Pela conta dele passaram mais de R$ 11,4 milh\u00f5es entre 2023 e 2024, quantia que \u201cmostra-se incompat\u00edvel com a capacidade econ\u00f4mica declarada do titular, considerando-se seu v\u00ednculo funcional e contexto familiar\u201d, escreveram os investigadores.<\/p>\n<p>J\u00e1 Itamar de Souza Santana, secret\u00e1rio parlamentar de Jordy, movimentou sozinho R$ 5,9 milh\u00f5es. Ele tamb\u00e9m foi alvo de buscas nesta sexta-feira.<\/p>\n<p>Os investigadores afirmaram haver ind\u00edcios de utiliza\u00e7\u00e3o de cota parlamentar para pagamento de despesas inexistentes ou irregulares. Al\u00e9m disso, foram anexados trechos de conversas no aplicativo WhatsApp que sugerem pagamento \u201cpor fora\u201d por parte dos deputados.<\/p>\n<p>Al\u00e9m das buscas contra os deputados e mais tr\u00eas pessoas, com a respectiva quebra de sigilos telef\u00f4nicos e telem\u00e1ticos, Dino autorizou a quebra de sigilo banc\u00e1rio dos parlamentares e outras 12 pessoas f\u00edsicas e uma pessoa jur\u00eddica. O ministro mandou ainda que informa\u00e7\u00f5es de interesse sejam compartilhadas com a Receita Federal.<\/p>\n<p>(Com Ag\u00eancia Brasil)<\/p>\n","protected":false},"excerpt":{"rendered":"<p>A Pol\u00edcia Federal (PF) apontou ao Supremo Tribunal Federal a exist\u00eancia de R$ 28,638 milh\u00f5es em movimenta\u00e7\u00f5es suspeitas, sem justificativa plaus\u00edvel, em contas de assessores dos gabinetes dos deputados S\u00f3stenes Cavalcante (PL-RJ) e Carlos Jordy (PL-RJ), bem como funcion\u00e1rios do partido, entre outras pessoas pr\u00f3ximas aos parlamentares. As informa\u00e7\u00f5es constam no relat\u00f3rio parcial, cujo sigilo [&hellip;]<\/p>\n","protected":false},"author":5,"featured_media":100432,"comment_status":"closed","ping_status":"open","sticky":false,"template":"","format":"standard","meta":{"jetpack_post_was_ever_published":false,"_jetpack_newsletter_access":"","_jetpack_dont_email_post_to_subs":false,"_jetpack_newsletter_tier_id":0,"_jetpack_memberships_contains_paywalled_content":false,"_jetpack_memberships_contains_paid_content":false,"footnotes":"","jetpack_publicize_message":"","jetpack_publicize_feature_enabled":true,"jetpack_social_post_already_shared":true,"jetpack_social_options":{"image_generator_settings":{"template":"highway","default_image_id":0,"font":"","enabled":false},"version":2}},"categories":[2],"tags":[],"class_list":["post-100431","post","type-post","status-publish","format-standard","has-post-thumbnail","hentry","category-geral"],"aioseo_notices":[],"jetpack_publicize_connections":[],"jetpack_featured_media_url":"https:\/\/www.jornalja.com.br\/geral\/wp-content\/uploads\/sites\/4\/2025\/12\/flavio-dino.png","jetpack_shortlink":"https:\/\/wp.me\/pbKhrD-q7R","jetpack-related-posts":[{"id":100384,"url":"https:\/\/www.jornalja.com.br\/geral\/senhora-das-emendas-ex-assessora-de-lira-que-distribuia-verbas-do-orcamento-secreto-e-alvo-da-pf\/","url_meta":{"origin":100431,"position":0},"title":"Senhora das Emendas: ex-assessora de Lira que distribu\u00eda verbas do or\u00e7amento secreto \u00e9 alvo da PF","author":"da Reda\u00e7\u00e3o","date":"12 de dezembro de 2025","format":false,"excerpt":"Mari\u00e2ngela Fialek, a Tuca, ex-assessora do ex-presidente da C\u00e2mara Arthur Lira (PP-AL) foi alvo de uma opera\u00e7\u00e3o da Pol\u00edcia Federal nesta sexta-feira. Segundo as investiga\u00e7\u00f5es, ela est\u00e1 no centro de um esquema que opera o or\u00e7amento secreto e organiza a indica\u00e7\u00e3o das emendas parlamentares. Tuca, atualmente, trabalha na lideran\u00e7a do\u2026","rel":"","context":"Em &quot;Geral-MAT\u00c9RIA&quot;","block_context":{"text":"Geral-MAT\u00c9RIA","link":"https:\/\/www.jornalja.com.br\/geral\/category\/geral\/"},"img":{"alt_text":"","src":"https:\/\/i0.wp.com\/www.jornalja.com.br\/geral\/wp-content\/uploads\/sites\/4\/2025\/12\/emendas-ssessora-de-lyra.png?resize=350%2C200&ssl=1","width":350,"height":200,"srcset":"https:\/\/i0.wp.com\/www.jornalja.com.br\/geral\/wp-content\/uploads\/sites\/4\/2025\/12\/emendas-ssessora-de-lyra.png?resize=350%2C200&ssl=1 1x, https:\/\/i0.wp.com\/www.jornalja.com.br\/geral\/wp-content\/uploads\/sites\/4\/2025\/12\/emendas-ssessora-de-lyra.png?resize=525%2C300&ssl=1 1.5x"},"classes":[]},{"id":100261,"url":"https:\/\/www.jornalja.com.br\/geral\/elevado-risco-de-fuga-diz-alexandre-de-moraes-ao-decretar-a-prisao-de-bolsonaro\/","url_meta":{"origin":100431,"position":1},"title":"&#8220;Elevado risco de fuga&#8221;, diz Alexandre de Moraes ao decretar a pris\u00e3o de Bolsonaro","author":"da Reda\u00e7\u00e3o","date":"22 de novembro de 2025","format":false,"excerpt":"O ex-presidente Jair Bolsonaro foi preso por volta das seis horas da manh\u00e3 deste s\u00e1bado (22). Em nota, a Pol\u00edcia Federal informou que cumpriu um mandado de pris\u00e3o preventiva expedido pelo Supremo Tribunal Federal (STF). Na sexta-feira (21) o senador Fl\u00e1vio Bolsonaro (PL) convocou, pelas redes sociais uma vig\u00edlia de\u2026","rel":"","context":"Em &quot;Geral-MAT\u00c9RIA&quot;","block_context":{"text":"Geral-MAT\u00c9RIA","link":"https:\/\/www.jornalja.com.br\/geral\/category\/geral\/"},"img":{"alt_text":"","src":"https:\/\/i0.wp.com\/www.jornalja.com.br\/geral\/wp-content\/uploads\/sites\/4\/2025\/11\/bolsonaro-preso-2.png?resize=350%2C200&ssl=1","width":350,"height":200,"srcset":"https:\/\/i0.wp.com\/www.jornalja.com.br\/geral\/wp-content\/uploads\/sites\/4\/2025\/11\/bolsonaro-preso-2.png?resize=350%2C200&ssl=1 1x, https:\/\/i0.wp.com\/www.jornalja.com.br\/geral\/wp-content\/uploads\/sites\/4\/2025\/11\/bolsonaro-preso-2.png?resize=525%2C300&ssl=1 1.5x"},"classes":[]},{"id":100378,"url":"https:\/\/www.jornalja.com.br\/geral\/pacto-pela-democracia-200-entidades-pedem-ao-senado-que-rejeite-pec-que-reduz-pena-de-golpistas\/","url_meta":{"origin":100431,"position":2},"title":"Pacto pela Democracia: 200 entidades pedem ao Senado que rejeite projeto que reduz pena de golpistas","author":"da Reda\u00e7\u00e3o","date":"12 de dezembro de 2025","format":false,"excerpt":"O Pacto pela Democracia, coaliz\u00e3o que re\u00fane mais de 200 organiza\u00e7\u00f5es da sociedade civil, encaminhou nesta quinta-feira (11) uma carta ao Senado Federal criticando a tramita\u00e7\u00e3o do chamado Projeto da Dosimetria (PL 2.162\/2023). O documento alerta para os riscos pol\u00edticos e institucionais que a proposta representa para a democracia brasileira\u2026","rel":"","context":"Em &quot;Geral-MAT\u00c9RIA&quot;","block_context":{"text":"Geral-MAT\u00c9RIA","link":"https:\/\/www.jornalja.com.br\/geral\/category\/geral\/"},"img":{"alt_text":"","src":"https:\/\/i0.wp.com\/www.jornalja.com.br\/geral\/wp-content\/uploads\/sites\/4\/2025\/12\/constituicao-ameacada.png?resize=350%2C200&ssl=1","width":350,"height":200,"srcset":"https:\/\/i0.wp.com\/www.jornalja.com.br\/geral\/wp-content\/uploads\/sites\/4\/2025\/12\/constituicao-ameacada.png?resize=350%2C200&ssl=1 1x, https:\/\/i0.wp.com\/www.jornalja.com.br\/geral\/wp-content\/uploads\/sites\/4\/2025\/12\/constituicao-ameacada.png?resize=525%2C300&ssl=1 1.5x"},"classes":[]},{"id":100277,"url":"https:\/\/www.jornalja.com.br\/geral\/unanimidade-stf-mantem-prisao-preventiva-do-ex-presidente-jair-bolsonaro\/","url_meta":{"origin":100431,"position":3},"title":"Unanimidade:  STF mant\u00e9m pris\u00e3o preventiva do ex-presidente Jair Bolsonaro","author":"da Reda\u00e7\u00e3o","date":"24 de novembro de 2025","format":false,"excerpt":"Por unanimidade, a Primeira Turma do Supremo Tribunal Federal (STF) manteve, nesta segunda-feira (24), a decis\u00e3o do ministro Alexandre de Moraes que decretou a pris\u00e3o preventiva do ex-presidente da Rep\u00fablica Jair Bolsonaro. A medida foi analisada em sess\u00e3o extraordin\u00e1ria virtual,\u00a0 com encerramento \u00e0s 20h, mas no fim da manh\u00e3 todos\u2026","rel":"","context":"Em &quot;Geral-MAT\u00c9RIA&quot;","block_context":{"text":"Geral-MAT\u00c9RIA","link":"https:\/\/www.jornalja.com.br\/geral\/category\/geral\/"},"img":{"alt_text":"","src":"https:\/\/i0.wp.com\/www.jornalja.com.br\/geral\/wp-content\/uploads\/sites\/4\/2025\/11\/bolsonaro-stf-mantem-prisao.jpg?resize=350%2C200&ssl=1","width":350,"height":200,"srcset":"https:\/\/i0.wp.com\/www.jornalja.com.br\/geral\/wp-content\/uploads\/sites\/4\/2025\/11\/bolsonaro-stf-mantem-prisao.jpg?resize=350%2C200&ssl=1 1x, https:\/\/i0.wp.com\/www.jornalja.com.br\/geral\/wp-content\/uploads\/sites\/4\/2025\/11\/bolsonaro-stf-mantem-prisao.jpg?resize=525%2C300&ssl=1 1.5x, https:\/\/i0.wp.com\/www.jornalja.com.br\/geral\/wp-content\/uploads\/sites\/4\/2025\/11\/bolsonaro-stf-mantem-prisao.jpg?resize=700%2C400&ssl=1 2x, https:\/\/i0.wp.com\/www.jornalja.com.br\/geral\/wp-content\/uploads\/sites\/4\/2025\/11\/bolsonaro-stf-mantem-prisao.jpg?resize=1050%2C600&ssl=1 3x, https:\/\/i0.wp.com\/www.jornalja.com.br\/geral\/wp-content\/uploads\/sites\/4\/2025\/11\/bolsonaro-stf-mantem-prisao.jpg?resize=1400%2C800&ssl=1 4x"},"classes":[]},{"id":100738,"url":"https:\/\/www.jornalja.com.br\/geral\/dinheiro-pela-janela-investigacao-sobre-fraudes-do-banco-master-chega-a-balneario-camboriu\/","url_meta":{"origin":100431,"position":4},"title":"Dinheiro pela janela: investiga\u00e7\u00e3o sobre fraudes do Banco Master chega a Balne\u00e1rio Cambori\u00fa","author":"da Reda\u00e7\u00e3o","date":"12 de fevereiro de 2026","format":false,"excerpt":"Chegou a Balne\u00e1rio Cambori\u00fa a terceira fase da Opera\u00e7\u00e3o Barco de Papel, que investiga crimes contra o sistema financeiro relacionados ao banco Master. Segundo a PF, ao chegarem para cumprir mandado de busca e apreens\u00e3o em um im\u00f3vel em Balne\u00e1rio Cambori\u00fa, em Santa Catarina, um dos ocupantes do apartamento, no\u2026","rel":"","context":"Em &quot;Geral-MAT\u00c9RIA&quot;","block_context":{"text":"Geral-MAT\u00c9RIA","link":"https:\/\/www.jornalja.com.br\/geral\/category\/geral\/"},"img":{"alt_text":"","src":"https:\/\/i0.wp.com\/www.jornalja.com.br\/geral\/wp-content\/uploads\/sites\/4\/2026\/02\/185a1837-3fc4-4b1f-b396-5bfc87c8d964.jpg?resize=350%2C200&ssl=1","width":350,"height":200,"srcset":"https:\/\/i0.wp.com\/www.jornalja.com.br\/geral\/wp-content\/uploads\/sites\/4\/2026\/02\/185a1837-3fc4-4b1f-b396-5bfc87c8d964.jpg?resize=350%2C200&ssl=1 1x, https:\/\/i0.wp.com\/www.jornalja.com.br\/geral\/wp-content\/uploads\/sites\/4\/2026\/02\/185a1837-3fc4-4b1f-b396-5bfc87c8d964.jpg?resize=525%2C300&ssl=1 1.5x, https:\/\/i0.wp.com\/www.jornalja.com.br\/geral\/wp-content\/uploads\/sites\/4\/2026\/02\/185a1837-3fc4-4b1f-b396-5bfc87c8d964.jpg?resize=700%2C400&ssl=1 2x"},"classes":[]},{"id":100289,"url":"https:\/\/www.jornalja.com.br\/geral\/stf-encerra-julgamento-de-bolsonaro-27-anos-e-seis-meses-de-prisao\/","url_meta":{"origin":100431,"position":5},"title":"STF encerra julgamento de Bolsonaro: 27 anos e tr\u00eas meses de pris\u00e3o","author":"da Reda\u00e7\u00e3o","date":"25 de novembro de 2025","format":false,"excerpt":"O Supremo Tribunal Federal (STF) considerou que o processo do ex-presidente Jair Bolsonaro por golpe de Estado transitou em julgado. Ou seja: n\u00e3o cabem mais recursos. A decis\u00e3o foi anunciada no in\u00edcio da tarde desta ter\u00e7a-feira, 25 de novembro Al\u00e9m de Bolsonaro,\u00a0 foi concluso tamb\u00e9m julgamento de Alexandre Ramagem (PL-RJ),\u2026","rel":"","context":"Em &quot;Geral-MAT\u00c9RIA&quot;","block_context":{"text":"Geral-MAT\u00c9RIA","link":"https:\/\/www.jornalja.com.br\/geral\/category\/geral\/"},"img":{"alt_text":"","src":"https:\/\/i0.wp.com\/www.jornalja.com.br\/geral\/wp-content\/uploads\/sites\/4\/2025\/11\/bolsonaro-preso-2.png?resize=350%2C200&ssl=1","width":350,"height":200,"srcset":"https:\/\/i0.wp.com\/www.jornalja.com.br\/geral\/wp-content\/uploads\/sites\/4\/2025\/11\/bolsonaro-preso-2.png?resize=350%2C200&ssl=1 1x, https:\/\/i0.wp.com\/www.jornalja.com.br\/geral\/wp-content\/uploads\/sites\/4\/2025\/11\/bolsonaro-preso-2.png?resize=525%2C300&ssl=1 1.5x"},"classes":[]}],"jetpack_sharing_enabled":true,"_links":{"self":[{"href":"https:\/\/www.jornalja.com.br\/geral\/wp-json\/wp\/v2\/posts\/100431","targetHints":{"allow":["GET"]}}],"collection":[{"href":"https:\/\/www.jornalja.com.br\/geral\/wp-json\/wp\/v2\/posts"}],"about":[{"href":"https:\/\/www.jornalja.com.br\/geral\/wp-json\/wp\/v2\/types\/post"}],"author":[{"embeddable":true,"href":"https:\/\/www.jornalja.com.br\/geral\/wp-json\/wp\/v2\/users\/5"}],"replies":[{"embeddable":true,"href":"https:\/\/www.jornalja.com.br\/geral\/wp-json\/wp\/v2\/comments?post=100431"}],"version-history":[{"count":1,"href":"https:\/\/www.jornalja.com.br\/geral\/wp-json\/wp\/v2\/posts\/100431\/revisions"}],"predecessor-version":[{"id":100433,"href":"https:\/\/www.jornalja.com.br\/geral\/wp-json\/wp\/v2\/posts\/100431\/revisions\/100433"}],"wp:featuredmedia":[{"embeddable":true,"href":"https:\/\/www.jornalja.com.br\/geral\/wp-json\/wp\/v2\/media\/100432"}],"wp:attachment":[{"href":"https:\/\/www.jornalja.com.br\/geral\/wp-json\/wp\/v2\/media?parent=100431"}],"wp:term":[{"taxonomy":"category","embeddable":true,"href":"https:\/\/www.jornalja.com.br\/geral\/wp-json\/wp\/v2\/categories?post=100431"},{"taxonomy":"post_tag","embeddable":true,"href":"https:\/\/www.jornalja.com.br\/geral\/wp-json\/wp\/v2\/tags?post=100431"}],"curies":[{"name":"wp","href":"https:\/\/api.w.org\/{rel}","templated":true}]}}