{"id":100494,"date":"2026-01-04T23:26:30","date_gmt":"2026-01-05T02:26:30","guid":{"rendered":"https:\/\/www.jornalja.com.br\/geral\/?p=100494"},"modified":"2026-01-05T00:30:17","modified_gmt":"2026-01-05T03:30:17","slug":"lula-adia-vinda-a-rio-grande-para-retomada-das-obras-do-polo-naval","status":"publish","type":"post","link":"https:\/\/www.jornalja.com.br\/geral\/lula-adia-vinda-a-rio-grande-para-retomada-das-obras-do-polo-naval\/","title":{"rendered":"Lula adia viagem a Rio Grande para retomada das obras do Polo Naval"},"content":{"rendered":"<p>O presidente Lula decidiu adiar sua viagem\u00a0 a Rio Grande, onde pretendia, junto com a ex-presidente Dilma Rousseff assinalar a retomada do Polo Naval, na ter\u00e7a-feira, 7.<\/p>\n<p>Segundo a assessoria de imprensa do Pal\u00e1cio do Planalto,\u00a0 nova data ser\u00e1 definida nos pr\u00f3ximos dias.<\/p>\n<p>O motivo do adiamento \u00e9 a crise internacional deflagrada pelo ataque dos Estados Unidos \u00e0 Venezuela, com o sequestro do presidente Nicolas Maduro.<\/p>\n","protected":false},"excerpt":{"rendered":"<p>O presidente Lula decidiu adiar sua viagem\u00a0 a Rio Grande, onde pretendia, junto com a ex-presidente Dilma Rousseff assinalar a retomada do Polo Naval, na ter\u00e7a-feira, 7. Segundo a assessoria de imprensa do Pal\u00e1cio do Planalto,\u00a0 nova data ser\u00e1 definida nos pr\u00f3ximos dias. O motivo do adiamento \u00e9 a crise internacional deflagrada pelo ataque dos [&hellip;]<\/p>\n","protected":false},"author":4,"featured_media":100452,"comment_status":"closed","ping_status":"open","sticky":false,"template":"","format":"standard","meta":{"_jetpack_newsletter_access":"","_jetpack_dont_email_post_to_subs":false,"_jetpack_newsletter_tier_id":0,"_jetpack_memberships_contains_paywalled_content":false,"_jetpack_feature_clip_id":0,"_jetpack_memberships_contains_paid_content":false,"footnotes":"","jetpack_publicize_message":"","jetpack_publicize_feature_enabled":true,"jetpack_social_post_already_shared":true,"jetpack_social_options":{"image_generator_settings":{"template":"highway","default_image_id":0,"font":"","enabled":false},"version":2},"jetpack_post_was_ever_published":false},"categories":[2],"tags":[],"class_list":["post-100494","post","type-post","status-publish","format-standard","has-post-thumbnail","hentry","category-geral"],"aioseo_notices":[],"aioseo_head":"\n\t\t<!-- All in One SEO 5.0.1.1 - aioseo.com -->\n\t<meta name=\"description\" content=\"O presidente Lula decidiu adiar sua viagem a Rio Grande, onde pretendia, junto com a ex-presidente Dilma Rousseff assinalar a retomada do Polo Naval, na ter\u00e7a-feira, 7. Segundo a assessoria de imprensa do Pal\u00e1cio do Planalto, nova data ser\u00e1 definida nos pr\u00f3ximos dias. O motivo do adiamento \u00e9 a crise internacional deflagrada pelo ataque dos\" \/>\n\t<meta name=\"robots\" content=\"max-image-preview:large\" \/>\n\t<meta name=\"author\" content=\"da Reda\u00e7\u00e3o\"\/>\n\t<link rel=\"canonical\" href=\"https:\/\/www.jornalja.com.br\/geral\/lula-adia-vinda-a-rio-grande-para-retomada-das-obras-do-polo-naval\/\" \/>\n\t<meta name=\"generator\" content=\"All in One SEO (AIOSEO) 5.0.1.1\" \/>\n\t\t<meta property=\"og:locale\" content=\"pt_BR\" \/>\n\t\t<meta property=\"og:site_name\" content=\"Geral\" \/>\n\t\t<meta property=\"og:type\" content=\"article\" \/>\n\t\t<meta property=\"og:title\" content=\"Lula adia viagem a Rio Grande para retomada das obras do Polo Naval | Geral\" \/>\n\t\t<meta property=\"og:description\" content=\"O presidente Lula decidiu adiar sua viagem a Rio Grande, onde pretendia, junto com a ex-presidente Dilma Rousseff assinalar a retomada do Polo Naval, na ter\u00e7a-feira, 7. Segundo a assessoria de imprensa do Pal\u00e1cio do Planalto, nova data ser\u00e1 definida nos pr\u00f3ximos dias. O motivo do adiamento \u00e9 a crise internacional deflagrada pelo ataque dos\" \/>\n\t\t<meta property=\"og:url\" content=\"https:\/\/www.jornalja.com.br\/geral\/lula-adia-vinda-a-rio-grande-para-retomada-das-obras-do-polo-naval\/\" \/>\n\t\t<meta property=\"og:image\" content=\"https:\/\/www.jornalja.com.br\/economics\/wp-content\/uploads\/sites\/11\/2026\/08\/ja-folhaderosto-facebook.jpg\" \/>\n\t\t<meta property=\"og:image:secure_url\" content=\"https:\/\/www.jornalja.com.br\/economics\/wp-content\/uploads\/sites\/11\/2026\/08\/ja-folhaderosto-facebook.jpg\" \/>\n\t\t<meta property=\"article:published_time\" content=\"2026-01-05T02:26:30+00:00\" \/>\n\t\t<meta property=\"article:modified_time\" content=\"2026-01-05T03:30:17+00:00\" \/>\n\t\t<meta name=\"twitter:card\" content=\"summary\" \/>\n\t\t<meta name=\"twitter:title\" content=\"Lula adia viagem a Rio Grande para retomada das obras do Polo Naval | Geral\" \/>\n\t\t<meta name=\"twitter:description\" content=\"O presidente Lula decidiu adiar sua viagem a Rio Grande, onde pretendia, junto com a ex-presidente Dilma Rousseff assinalar a retomada do Polo Naval, na ter\u00e7a-feira, 7. Segundo a assessoria de imprensa do Pal\u00e1cio do Planalto, nova data ser\u00e1 definida nos pr\u00f3ximos dias. O motivo do adiamento \u00e9 a crise internacional deflagrada pelo ataque dos\" \/>\n\t\t<meta name=\"twitter:image\" content=\"https:\/\/www.jornalja.com.br\/economics\/wp-content\/uploads\/sites\/11\/2026\/08\/ja-folhaderosto-facebook.jpg\" \/>\n\t\t<script type=\"application\/ld+json\" class=\"aioseo-schema\">\n\t\t\t{\"@context\":\"https:\\\/\\\/schema.org\",\"@graph\":[{\"@type\":\"Article\",\"@id\":\"https:\\\/\\\/www.jornalja.com.br\\\/geral\\\/lula-adia-vinda-a-rio-grande-para-retomada-das-obras-do-polo-naval\\\/#article\",\"name\":\"Lula adia viagem a Rio Grande para retomada das obras do Polo Naval | Geral\",\"headline\":\"Lula adia viagem a Rio Grande para retomada das obras do Polo Naval\",\"author\":{\"@id\":\"https:\\\/\\\/www.jornalja.com.br\\\/geral\\\/author\\\/daredacao\\\/#author\"},\"publisher\":{\"@id\":\"https:\\\/\\\/www.jornalja.com.br\\\/geral\\\/#organization\"},\"image\":{\"@type\":\"ImageObject\",\"url\":\"https:\\\/\\\/www.jornalja.com.br\\\/geral\\\/wp-content\\\/uploads\\\/sites\\\/4\\\/2025\\\/12\\\/lula-e-dilma-vale-essa.png\",\"width\":502,\"height\":478,\"caption\":\"A retomada do Polo Naval, projeto do governo Dilma pulverizada pelas sequelas da Lava Jato, \\u00e9 prioridade de LUla.\"},\"datePublished\":\"2026-01-04T23:26:30-03:00\",\"dateModified\":\"2026-01-05T00:30:17-03:00\",\"inLanguage\":\"pt-BR\",\"mainEntityOfPage\":{\"@id\":\"https:\\\/\\\/www.jornalja.com.br\\\/geral\\\/lula-adia-vinda-a-rio-grande-para-retomada-das-obras-do-polo-naval\\\/#webpage\"},\"isPartOf\":{\"@id\":\"https:\\\/\\\/www.jornalja.com.br\\\/geral\\\/lula-adia-vinda-a-rio-grande-para-retomada-das-obras-do-polo-naval\\\/#webpage\"},\"articleSection\":\"Geral-MAT\\u00c9RIA\"},{\"@type\":\"BreadcrumbList\",\"@id\":\"https:\\\/\\\/www.jornalja.com.br\\\/geral\\\/lula-adia-vinda-a-rio-grande-para-retomada-das-obras-do-polo-naval\\\/#breadcrumblist\",\"itemListElement\":[{\"@type\":\"ListItem\",\"@id\":\"https:\\\/\\\/www.jornalja.com.br\\\/geral#listItem\",\"position\":1,\"name\":\"Home\",\"item\":\"https:\\\/\\\/www.jornalja.com.br\\\/geral\",\"nextItem\":{\"@type\":\"ListItem\",\"@id\":\"https:\\\/\\\/www.jornalja.com.br\\\/geral\\\/category\\\/geral\\\/#listItem\",\"name\":\"Geral-MAT\\u00c9RIA\"}},{\"@type\":\"ListItem\",\"@id\":\"https:\\\/\\\/www.jornalja.com.br\\\/geral\\\/category\\\/geral\\\/#listItem\",\"position\":2,\"name\":\"Geral-MAT\\u00c9RIA\",\"item\":\"https:\\\/\\\/www.jornalja.com.br\\\/geral\\\/category\\\/geral\\\/\",\"nextItem\":{\"@type\":\"ListItem\",\"@id\":\"https:\\\/\\\/www.jornalja.com.br\\\/geral\\\/lula-adia-vinda-a-rio-grande-para-retomada-das-obras-do-polo-naval\\\/#listItem\",\"name\":\"Lula adia viagem a Rio Grande para retomada das obras do Polo Naval\"},\"previousItem\":{\"@type\":\"ListItem\",\"@id\":\"https:\\\/\\\/www.jornalja.com.br\\\/geral#listItem\",\"name\":\"Home\"}},{\"@type\":\"ListItem\",\"@id\":\"https:\\\/\\\/www.jornalja.com.br\\\/geral\\\/lula-adia-vinda-a-rio-grande-para-retomada-das-obras-do-polo-naval\\\/#listItem\",\"position\":3,\"name\":\"Lula adia viagem a Rio Grande para retomada das obras do Polo Naval\",\"previousItem\":{\"@type\":\"ListItem\",\"@id\":\"https:\\\/\\\/www.jornalja.com.br\\\/geral\\\/category\\\/geral\\\/#listItem\",\"name\":\"Geral-MAT\\u00c9RIA\"}}]},{\"@type\":\"Organization\",\"@id\":\"https:\\\/\\\/www.jornalja.com.br\\\/geral\\\/#organization\",\"name\":\"Geral\",\"description\":\"Jornal J\\u00c1 | Porto Alegre\",\"url\":\"https:\\\/\\\/www.jornalja.com.br\\\/geral\\\/\",\"logo\":{\"@type\":\"ImageObject\",\"url\":\"https:\\\/\\\/www.jornalja.com.br\\\/wp-content\\\/uploads\\\/cards\\\/ja35.jpg\",\"@id\":\"https:\\\/\\\/www.jornalja.com.br\\\/geral\\\/lula-adia-vinda-a-rio-grande-para-retomada-das-obras-do-polo-naval\\\/#organizationLogo\"},\"image\":{\"@id\":\"https:\\\/\\\/www.jornalja.com.br\\\/geral\\\/lula-adia-vinda-a-rio-grande-para-retomada-das-obras-do-polo-naval\\\/#organizationLogo\"}},{\"@type\":\"Person\",\"@id\":\"https:\\\/\\\/www.jornalja.com.br\\\/geral\\\/author\\\/daredacao\\\/#author\",\"url\":\"https:\\\/\\\/www.jornalja.com.br\\\/geral\\\/author\\\/daredacao\\\/\",\"name\":\"da Reda\\u00e7\\u00e3o\",\"image\":{\"@type\":\"ImageObject\",\"@id\":\"https:\\\/\\\/www.jornalja.com.br\\\/geral\\\/lula-adia-vinda-a-rio-grande-para-retomada-das-obras-do-polo-naval\\\/#authorImage\",\"url\":\"https:\\\/\\\/secure.gravatar.com\\\/avatar\\\/469fd857d6605ad19919d27ed29d35a968a25f6e8fd9318356bbb7f57aae9c65?s=96&d=mm&r=g\",\"width\":96,\"height\":96,\"caption\":\"da Reda\\u00e7\\u00e3o\"}},{\"@type\":\"WebPage\",\"@id\":\"https:\\\/\\\/www.jornalja.com.br\\\/geral\\\/lula-adia-vinda-a-rio-grande-para-retomada-das-obras-do-polo-naval\\\/#webpage\",\"url\":\"https:\\\/\\\/www.jornalja.com.br\\\/geral\\\/lula-adia-vinda-a-rio-grande-para-retomada-das-obras-do-polo-naval\\\/\",\"name\":\"Lula adia viagem a Rio Grande para retomada das obras do Polo Naval | Geral\",\"description\":\"O presidente Lula decidiu adiar sua viagem a Rio Grande, onde pretendia, junto com a ex-presidente Dilma Rousseff assinalar a retomada do Polo Naval, na ter\\u00e7a-feira, 7. Segundo a assessoria de imprensa do Pal\\u00e1cio do Planalto, nova data ser\\u00e1 definida nos pr\\u00f3ximos dias. O motivo do adiamento \\u00e9 a crise internacional deflagrada pelo ataque dos\",\"inLanguage\":\"pt-BR\",\"isPartOf\":{\"@id\":\"https:\\\/\\\/www.jornalja.com.br\\\/geral\\\/#website\"},\"breadcrumb\":{\"@id\":\"https:\\\/\\\/www.jornalja.com.br\\\/geral\\\/lula-adia-vinda-a-rio-grande-para-retomada-das-obras-do-polo-naval\\\/#breadcrumblist\"},\"author\":{\"@id\":\"https:\\\/\\\/www.jornalja.com.br\\\/geral\\\/author\\\/daredacao\\\/#author\"},\"creator\":{\"@id\":\"https:\\\/\\\/www.jornalja.com.br\\\/geral\\\/author\\\/daredacao\\\/#author\"},\"image\":{\"@type\":\"ImageObject\",\"url\":\"https:\\\/\\\/www.jornalja.com.br\\\/geral\\\/wp-content\\\/uploads\\\/sites\\\/4\\\/2025\\\/12\\\/lula-e-dilma-vale-essa.png\",\"@id\":\"https:\\\/\\\/www.jornalja.com.br\\\/geral\\\/lula-adia-vinda-a-rio-grande-para-retomada-das-obras-do-polo-naval\\\/#mainImage\",\"width\":502,\"height\":478,\"caption\":\"A retomada do Polo Naval, projeto do governo Dilma pulverizada pelas sequelas da Lava Jato, \\u00e9 prioridade de LUla.\"},\"primaryImageOfPage\":{\"@id\":\"https:\\\/\\\/www.jornalja.com.br\\\/geral\\\/lula-adia-vinda-a-rio-grande-para-retomada-das-obras-do-polo-naval\\\/#mainImage\"},\"datePublished\":\"2026-01-04T23:26:30-03:00\",\"dateModified\":\"2026-01-05T00:30:17-03:00\"},{\"@type\":\"WebSite\",\"@id\":\"https:\\\/\\\/www.jornalja.com.br\\\/geral\\\/#website\",\"url\":\"https:\\\/\\\/www.jornalja.com.br\\\/geral\\\/\",\"name\":\"Geral\",\"description\":\"Jornal J\\u00c1 | Porto Alegre\",\"inLanguage\":\"pt-BR\",\"publisher\":{\"@id\":\"https:\\\/\\\/www.jornalja.com.br\\\/geral\\\/#organization\"}}]}\n\t\t<\/script>\n\t\t<!-- All in One SEO -->\n\n","aioseo_head_json":{"title":"Lula adia viagem a Rio Grande para retomada das obras do Polo Naval | Geral","description":"O presidente Lula decidiu adiar sua viagem a Rio Grande, onde pretendia, junto com a ex-presidente Dilma Rousseff assinalar a retomada do Polo Naval, na ter\u00e7a-feira, 7. Segundo a assessoria de imprensa do Pal\u00e1cio do Planalto, nova data ser\u00e1 definida nos pr\u00f3ximos dias. O motivo do adiamento \u00e9 a crise internacional deflagrada pelo ataque dos","canonical_url":"https:\/\/www.jornalja.com.br\/geral\/lula-adia-vinda-a-rio-grande-para-retomada-das-obras-do-polo-naval\/","robots":"max-image-preview:large","keywords":"","webmasterTools":{"miscellaneous":""},"schema":{"@context":"https:\/\/schema.org","@graph":[{"@type":"Article","@id":"https:\/\/www.jornalja.com.br\/geral\/lula-adia-vinda-a-rio-grande-para-retomada-das-obras-do-polo-naval\/#article","name":"Lula adia viagem a Rio Grande para retomada das obras do Polo Naval | Geral","headline":"Lula adia viagem a Rio Grande para retomada das obras do Polo Naval","author":{"@id":"https:\/\/www.jornalja.com.br\/geral\/author\/daredacao\/#author"},"publisher":{"@id":"https:\/\/www.jornalja.com.br\/geral\/#organization"},"image":{"@type":"ImageObject","url":"https:\/\/www.jornalja.com.br\/geral\/wp-content\/uploads\/sites\/4\/2025\/12\/lula-e-dilma-vale-essa.png","width":502,"height":478,"caption":"A retomada do Polo Naval, projeto do governo Dilma pulverizada pelas sequelas da Lava Jato, \u00e9 prioridade de LUla."},"datePublished":"2026-01-04T23:26:30-03:00","dateModified":"2026-01-05T00:30:17-03:00","inLanguage":"pt-BR","mainEntityOfPage":{"@id":"https:\/\/www.jornalja.com.br\/geral\/lula-adia-vinda-a-rio-grande-para-retomada-das-obras-do-polo-naval\/#webpage"},"isPartOf":{"@id":"https:\/\/www.jornalja.com.br\/geral\/lula-adia-vinda-a-rio-grande-para-retomada-das-obras-do-polo-naval\/#webpage"},"articleSection":"Geral-MAT\u00c9RIA"},{"@type":"BreadcrumbList","@id":"https:\/\/www.jornalja.com.br\/geral\/lula-adia-vinda-a-rio-grande-para-retomada-das-obras-do-polo-naval\/#breadcrumblist","itemListElement":[{"@type":"ListItem","@id":"https:\/\/www.jornalja.com.br\/geral#listItem","position":1,"name":"Home","item":"https:\/\/www.jornalja.com.br\/geral","nextItem":{"@type":"ListItem","@id":"https:\/\/www.jornalja.com.br\/geral\/category\/geral\/#listItem","name":"Geral-MAT\u00c9RIA"}},{"@type":"ListItem","@id":"https:\/\/www.jornalja.com.br\/geral\/category\/geral\/#listItem","position":2,"name":"Geral-MAT\u00c9RIA","item":"https:\/\/www.jornalja.com.br\/geral\/category\/geral\/","nextItem":{"@type":"ListItem","@id":"https:\/\/www.jornalja.com.br\/geral\/lula-adia-vinda-a-rio-grande-para-retomada-das-obras-do-polo-naval\/#listItem","name":"Lula adia viagem a Rio Grande para retomada das obras do Polo Naval"},"previousItem":{"@type":"ListItem","@id":"https:\/\/www.jornalja.com.br\/geral#listItem","name":"Home"}},{"@type":"ListItem","@id":"https:\/\/www.jornalja.com.br\/geral\/lula-adia-vinda-a-rio-grande-para-retomada-das-obras-do-polo-naval\/#listItem","position":3,"name":"Lula adia viagem a Rio Grande para retomada das obras do Polo Naval","previousItem":{"@type":"ListItem","@id":"https:\/\/www.jornalja.com.br\/geral\/category\/geral\/#listItem","name":"Geral-MAT\u00c9RIA"}}]},{"@type":"Organization","@id":"https:\/\/www.jornalja.com.br\/geral\/#organization","name":"Geral","description":"Jornal J\u00c1 | Porto Alegre","url":"https:\/\/www.jornalja.com.br\/geral\/","logo":{"@type":"ImageObject","url":"https:\/\/www.jornalja.com.br\/wp-content\/uploads\/cards\/ja35.jpg","@id":"https:\/\/www.jornalja.com.br\/geral\/lula-adia-vinda-a-rio-grande-para-retomada-das-obras-do-polo-naval\/#organizationLogo"},"image":{"@id":"https:\/\/www.jornalja.com.br\/geral\/lula-adia-vinda-a-rio-grande-para-retomada-das-obras-do-polo-naval\/#organizationLogo"}},{"@type":"Person","@id":"https:\/\/www.jornalja.com.br\/geral\/author\/daredacao\/#author","url":"https:\/\/www.jornalja.com.br\/geral\/author\/daredacao\/","name":"da Reda\u00e7\u00e3o","image":{"@type":"ImageObject","@id":"https:\/\/www.jornalja.com.br\/geral\/lula-adia-vinda-a-rio-grande-para-retomada-das-obras-do-polo-naval\/#authorImage","url":"https:\/\/secure.gravatar.com\/avatar\/469fd857d6605ad19919d27ed29d35a968a25f6e8fd9318356bbb7f57aae9c65?s=96&d=mm&r=g","width":96,"height":96,"caption":"da Reda\u00e7\u00e3o"}},{"@type":"WebPage","@id":"https:\/\/www.jornalja.com.br\/geral\/lula-adia-vinda-a-rio-grande-para-retomada-das-obras-do-polo-naval\/#webpage","url":"https:\/\/www.jornalja.com.br\/geral\/lula-adia-vinda-a-rio-grande-para-retomada-das-obras-do-polo-naval\/","name":"Lula adia viagem a Rio Grande para retomada das obras do Polo Naval | Geral","description":"O presidente Lula decidiu adiar sua viagem a Rio Grande, onde pretendia, junto com a ex-presidente Dilma Rousseff assinalar a retomada do Polo Naval, na ter\u00e7a-feira, 7. Segundo a assessoria de imprensa do Pal\u00e1cio do Planalto, nova data ser\u00e1 definida nos pr\u00f3ximos dias. O motivo do adiamento \u00e9 a crise internacional deflagrada pelo ataque dos","inLanguage":"pt-BR","isPartOf":{"@id":"https:\/\/www.jornalja.com.br\/geral\/#website"},"breadcrumb":{"@id":"https:\/\/www.jornalja.com.br\/geral\/lula-adia-vinda-a-rio-grande-para-retomada-das-obras-do-polo-naval\/#breadcrumblist"},"author":{"@id":"https:\/\/www.jornalja.com.br\/geral\/author\/daredacao\/#author"},"creator":{"@id":"https:\/\/www.jornalja.com.br\/geral\/author\/daredacao\/#author"},"image":{"@type":"ImageObject","url":"https:\/\/www.jornalja.com.br\/geral\/wp-content\/uploads\/sites\/4\/2025\/12\/lula-e-dilma-vale-essa.png","@id":"https:\/\/www.jornalja.com.br\/geral\/lula-adia-vinda-a-rio-grande-para-retomada-das-obras-do-polo-naval\/#mainImage","width":502,"height":478,"caption":"A retomada do Polo Naval, projeto do governo Dilma pulverizada pelas sequelas da Lava Jato, \u00e9 prioridade de LUla."},"primaryImageOfPage":{"@id":"https:\/\/www.jornalja.com.br\/geral\/lula-adia-vinda-a-rio-grande-para-retomada-das-obras-do-polo-naval\/#mainImage"},"datePublished":"2026-01-04T23:26:30-03:00","dateModified":"2026-01-05T00:30:17-03:00"},{"@type":"WebSite","@id":"https:\/\/www.jornalja.com.br\/geral\/#website","url":"https:\/\/www.jornalja.com.br\/geral\/","name":"Geral","description":"Jornal J\u00c1 | Porto Alegre","inLanguage":"pt-BR","publisher":{"@id":"https:\/\/www.jornalja.com.br\/geral\/#organization"}}]},"og:locale":"pt_BR","og:site_name":"Geral","og:type":"article","og:title":"Lula adia viagem a Rio Grande para retomada das obras do Polo Naval | Geral","og:description":"O presidente Lula decidiu adiar sua viagem a Rio Grande, onde pretendia, junto com a ex-presidente Dilma Rousseff assinalar a retomada do Polo Naval, na ter\u00e7a-feira, 7. Segundo a assessoria de imprensa do Pal\u00e1cio do Planalto, nova data ser\u00e1 definida nos pr\u00f3ximos dias. O motivo do adiamento \u00e9 a crise internacional deflagrada pelo ataque dos","og:url":"https:\/\/www.jornalja.com.br\/geral\/lula-adia-vinda-a-rio-grande-para-retomada-das-obras-do-polo-naval\/","og:image":"https:\/\/www.jornalja.com.br\/economics\/wp-content\/uploads\/sites\/11\/2026\/08\/ja-folhaderosto-facebook.jpg","og:image:secure_url":"https:\/\/www.jornalja.com.br\/economics\/wp-content\/uploads\/sites\/11\/2026\/08\/ja-folhaderosto-facebook.jpg","article:published_time":"2026-01-05T02:26:30+00:00","article:modified_time":"2026-01-05T03:30:17+00:00","twitter:card":"summary","twitter:title":"Lula adia viagem a Rio Grande para retomada das obras do Polo Naval | Geral","twitter:description":"O presidente Lula decidiu adiar sua viagem a Rio Grande, onde pretendia, junto com a ex-presidente Dilma Rousseff assinalar a retomada do Polo Naval, na ter\u00e7a-feira, 7. Segundo a assessoria de imprensa do Pal\u00e1cio do Planalto, nova data ser\u00e1 definida nos pr\u00f3ximos dias. O motivo do adiamento \u00e9 a crise internacional deflagrada pelo ataque dos","twitter:image":"https:\/\/www.jornalja.com.br\/economics\/wp-content\/uploads\/sites\/11\/2026\/08\/ja-folhaderosto-facebook.jpg"},"aioseo_meta_data":{"post_id":"100494","title":null,"description":null,"keywords":null,"keyphrases":{"focus":{"keyphrase":"","score":0,"analysis":{"keyphraseInTitle":{"score":0,"maxScore":9,"error":1}}},"additional":[]},"primary_term":null,"canonical_url":null,"og_title":null,"og_description":null,"og_object_type":"default","og_image_type":"default","og_image_url":null,"og_image_width":null,"og_image_height":null,"og_image_custom_url":null,"og_image_custom_fields":null,"og_video":"","og_custom_url":null,"og_article_section":null,"og_article_tags":null,"twitter_use_og":false,"twitter_card":"default","twitter_image_type":"default","twitter_image_url":null,"twitter_image_custom_url":null,"twitter_image_custom_fields":null,"twitter_title":null,"twitter_description":null,"schema":{"blockGraphs":[],"customGraphs":[],"default":{"data":{"Article":[],"Course":[],"Dataset":[],"FAQPage":[],"Movie":[],"Person":[],"Product":[],"ProductReview":[],"Car":[],"Recipe":[],"Service":[],"SoftwareApplication":[],"WebPage":[]},"graphName":"Article","isEnabled":true},"graphs":[]},"schema_type":"default","schema_type_options":null,"pillar_content":false,"robots_default":true,"robots_noindex":false,"robots_noarchive":false,"robots_nosnippet":false,"robots_nofollow":false,"robots_noimageindex":false,"robots_noodp":false,"robots_notranslate":false,"robots_max_snippet":"-1","robots_max_videopreview":"-1","robots_max_imagepreview":"large","priority":null,"frequency":"default","location":null,"local_seo":null,"breadcrumb_settings":null,"limit_modified_date":false,"ai":{"faqs":[],"keyPoints":[],"titles":[],"descriptions":[],"socialPosts":{"email":[],"linkedin":[],"twitter":[],"facebook":[],"instagram":[]}},"created":"2026-01-04 21:58:12","updated":"2026-01-05 03:41:41","seo_analyzer_scan_date":null,"focus_keyword":null,"additional_keywords":null,"truseo_locale":null},"aioseo_breadcrumb":"<div class=\"aioseo-breadcrumbs\"><span class=\"aioseo-breadcrumb\">\n\t\t\t<a href=\"https:\/\/www.jornalja.com.br\/geral\" title=\"Home\">Home<\/a>\n\t\t<\/span><span class=\"aioseo-breadcrumb-separator\">&raquo;<\/span><span class=\"aioseo-breadcrumb\">\n\t\t\t<a href=\"https:\/\/www.jornalja.com.br\/geral\/category\/geral\/\" title=\"Geral-MAT\u00c9RIA\">Geral-MAT\u00c9RIA<\/a>\n\t\t<\/span><span class=\"aioseo-breadcrumb-separator\">&raquo;<\/span><span class=\"aioseo-breadcrumb\">\n\t\t\tLula adia viagem a Rio Grande para retomada das obras do Polo Naval\n\t\t<\/span><\/div>","aioseo_breadcrumb_json":[{"label":"Home","link":"https:\/\/www.jornalja.com.br\/geral"},{"label":"Geral-MAT\u00c9RIA","link":"https:\/\/www.jornalja.com.br\/geral\/category\/geral\/"},{"label":"Lula adia viagem a Rio Grande para retomada das obras do Polo Naval","link":"https:\/\/www.jornalja.com.br\/geral\/lula-adia-vinda-a-rio-grande-para-retomada-das-obras-do-polo-naval\/"}],"jetpack_publicize_connections":[],"jetpack_shortlink":"https:\/\/wp.me\/pbKhrD-q8S","jetpack-related-posts":[{"id":100444,"url":"https:\/\/www.jornalja.com.br\/geral\/ano-comeca-com-lula-e-dilma-na-retomada-do-polo-naval-de-rio-gramde\/","url_meta":{"origin":100494,"position":0},"title":"Ano come\u00e7a com Lula e Dilma na retomada do Polo Naval de Rio Grande","author":"da Reda\u00e7\u00e3o","date":"23 de dezembro de 2025","format":false,"excerpt":"Um ano depois da assinatura do primeiro contrato que marca a retomada do Polo Naval, em Rio Grande, o presidente Lula volta \u00e0 cidade neste 7 de janeiro,\u00a0 dando partida \u00e0 constru\u00e7\u00e3o de quatro navios\u00a0 encomendados pela Transpetro. Da primeira vez, em fevereiro de 2025, ele trouxe o vice-presidente Geraldo\u00a0\u2026","rel":"","context":"Em &quot;Geral-MAT\u00c9RIA&quot;","block_context":{"text":"Geral-MAT\u00c9RIA","link":"https:\/\/www.jornalja.com.br\/geral\/category\/geral\/"},"img":{"alt_text":"","src":"https:\/\/i0.wp.com\/www.jornalja.com.br\/geral\/wp-content\/uploads\/sites\/4\/2025\/12\/polo-naval-no-auge-construcao-de-plataformas.png?resize=350%2C200&ssl=1","width":350,"height":200},"classes":[]},{"id":98400,"url":"https:\/\/www.jornalja.com.br\/geral\/lula-impulsiona-renovacao-da-frota-naval-em-rio-grande\/","url_meta":{"origin":100494,"position":1},"title":"Lula na retomada do Polo Naval em Rio Grande: &#8220;\u00c9 apenas o come\u00e7o&#8221;","author":"S\u00e9rgio Lagranha","date":"24 de fevereiro de 2025","format":false,"excerpt":"O presidente Luiz In\u00e1cio Lula da Silva assinou na manh\u00e3 desta segunda-feira (24\/2), no Rio Grande do Sul, os primeiros contratos do Programa de Amplia\u00e7\u00e3o da Frota da Petrobras e Transpetro. A agenda comp\u00f5e mais uma a\u00e7\u00e3o de retomada da ind\u00fastria naval e de recupera\u00e7\u00e3o de plataformas da Petrobras que\u2026","rel":"","context":"Em &quot;Geral-MAT\u00c9RIA&quot;","block_context":{"text":"Geral-MAT\u00c9RIA","link":"https:\/\/www.jornalja.com.br\/geral\/category\/geral\/"},"img":{"alt_text":"","src":"https:\/\/i0.wp.com\/www.jornalja.com.br\/geral\/wp-content\/uploads\/sites\/4\/2025\/02\/polo-naval-lula-assina-contratos.png?resize=350%2C200&ssl=1","width":350,"height":200,"srcset":"https:\/\/i0.wp.com\/www.jornalja.com.br\/geral\/wp-content\/uploads\/sites\/4\/2025\/02\/polo-naval-lula-assina-contratos.png?resize=350%2C200&ssl=1 1x, https:\/\/i0.wp.com\/www.jornalja.com.br\/geral\/wp-content\/uploads\/sites\/4\/2025\/02\/polo-naval-lula-assina-contratos.png?resize=525%2C300&ssl=1 1.5x"},"classes":[]},{"id":98397,"url":"https:\/\/www.jornalja.com.br\/geral\/a-conta-que-ninguem-fez-quanto-custou-o-desmonte-do-polo-naval-de-rio-grande\/","url_meta":{"origin":100494,"position":2},"title":"A conta que ningu\u00e9m fez: quanto custou o desmonte do polo naval de Rio Grande?","author":"da Reda\u00e7\u00e3o","date":"24 de fevereiro de 2025","format":false,"excerpt":"O projeto do Polo Naval de Rio Grande foi lan\u00e7ado em 2006, no in\u00edcio do segundo governo Lula, dentro do Programa de Acelera\u00e7\u00e3o do Crescimento (PAC). Dois anos depois j\u00e1 havia recebido R$ 2,4 bilh\u00f5es de investimentos p\u00fablicos, conforme registrava numa reportagem\u00a0 laudat\u00f3ria a revista da Federa\u00e7\u00e3o das Ind\u00fastrias do\u2026","rel":"","context":"Em &quot;Geral-MAT\u00c9RIA&quot;","block_context":{"text":"Geral-MAT\u00c9RIA","link":"https:\/\/www.jornalja.com.br\/geral\/category\/geral\/"},"img":{"alt_text":"","src":"https:\/\/i0.wp.com\/www.jornalja.com.br\/geral\/wp-content\/uploads\/sites\/4\/2025\/02\/polo-naval-no-auge-construcao-de-plataformas.png?resize=350%2C200&ssl=1","width":350,"height":200},"classes":[]},{"id":98409,"url":"https:\/\/www.jornalja.com.br\/geral\/industria-naval-novo-capitulo-de-uma-velha-historia-de-avancos-e-recuos\/","url_meta":{"origin":100494,"position":3},"title":"Ind\u00fastria naval: novo cap\u00edtulo de uma longa hist\u00f3ria de avan\u00e7os e recuos","author":"da Reda\u00e7\u00e3o","date":"24 de fevereiro de 2025","format":false,"excerpt":"Os contratos que o presidente Lula assinou nesta segunda-feira, 24\/02\/2025, em Rio Grande fazem parte da retomada de um caminho que o Brasil tenta trilhar h\u00e1 pelo menos 70 anos. Para um pa\u00eds continental que tem mais de 7 mil quil\u00f4metros de costa, desenvolver uma ind\u00fastria naval forte e competitiva\u2026","rel":"","context":"Em &quot;Geral-MAT\u00c9RIA&quot;","block_context":{"text":"Geral-MAT\u00c9RIA","link":"https:\/\/www.jornalja.com.br\/geral\/category\/geral\/"},"img":{"alt_text":"","src":"https:\/\/i0.wp.com\/www.jornalja.com.br\/geral\/wp-content\/uploads\/sites\/4\/2025\/02\/polo-naval-estatistica-emprego-1960-2011.png?resize=350%2C200&ssl=1","width":350,"height":200,"srcset":"https:\/\/i0.wp.com\/www.jornalja.com.br\/geral\/wp-content\/uploads\/sites\/4\/2025\/02\/polo-naval-estatistica-emprego-1960-2011.png?resize=350%2C200&ssl=1 1x, https:\/\/i0.wp.com\/www.jornalja.com.br\/geral\/wp-content\/uploads\/sites\/4\/2025\/02\/polo-naval-estatistica-emprego-1960-2011.png?resize=525%2C300&ssl=1 1.5x, https:\/\/i0.wp.com\/www.jornalja.com.br\/geral\/wp-content\/uploads\/sites\/4\/2025\/02\/polo-naval-estatistica-emprego-1960-2011.png?resize=700%2C400&ssl=1 2x"},"classes":[]},{"id":101663,"url":"https:\/\/www.jornalja.com.br\/geral\/frente-de-esquerda-oficializa-brizola-e-pretto-para-disputar-governo-gaucho\/","url_meta":{"origin":100494,"position":4},"title":"Frente de esquerda oficializa Brizola e Pretto para disputar governo ga\u00facho","author":"da Reda\u00e7\u00e3o","date":"25 de julho de 2026","format":false,"excerpt":"Cerca de cinco mil pessoas estiveram na manh\u00e3 deste s\u00e1bado no Parque da Harmonia, em Porto Alegre, para acompanhar o evento que oficializou as candidaturas de Juliana Brizola e Edgar Pretto nas elei\u00e7\u00f5es ao governo do Rio Grande do Sul. Com a Casa do Ga\u00facho lotada, muita gente ficou do\u2026","rel":"","context":"Em &quot;Geral-MAT\u00c9RIA&quot;","block_context":{"text":"Geral-MAT\u00c9RIA","link":"https:\/\/www.jornalja.com.br\/geral\/category\/geral\/"},"img":{"alt_text":"","src":"https:\/\/i0.wp.com\/www.jornalja.com.br\/geral\/wp-content\/uploads\/sites\/4\/2026\/07\/convencao-pdt-pt-foto-lucas-bubols.jpeg?resize=350%2C200&ssl=1","width":350,"height":200,"srcset":"https:\/\/i0.wp.com\/www.jornalja.com.br\/geral\/wp-content\/uploads\/sites\/4\/2026\/07\/convencao-pdt-pt-foto-lucas-bubols.jpeg?resize=350%2C200&ssl=1 1x, https:\/\/i0.wp.com\/www.jornalja.com.br\/geral\/wp-content\/uploads\/sites\/4\/2026\/07\/convencao-pdt-pt-foto-lucas-bubols.jpeg?resize=525%2C300&ssl=1 1.5x, https:\/\/i0.wp.com\/www.jornalja.com.br\/geral\/wp-content\/uploads\/sites\/4\/2026\/07\/convencao-pdt-pt-foto-lucas-bubols.jpeg?resize=700%2C400&ssl=1 2x, https:\/\/i0.wp.com\/www.jornalja.com.br\/geral\/wp-content\/uploads\/sites\/4\/2026\/07\/convencao-pdt-pt-foto-lucas-bubols.jpeg?resize=1050%2C600&ssl=1 3x, https:\/\/i0.wp.com\/www.jornalja.com.br\/geral\/wp-content\/uploads\/sites\/4\/2026\/07\/convencao-pdt-pt-foto-lucas-bubols.jpeg?resize=1400%2C800&ssl=1 4x"},"classes":[]},{"id":101320,"url":"https:\/\/www.jornalja.com.br\/geral\/governo-lula-manda-quatro-ministros-prestar-contas-da-reconstrucao-no-rs\/","url_meta":{"origin":100494,"position":5},"title":"Governo Lula manda quatro ministros prestar contas da reconstru\u00e7\u00e3o no RS","author":"Elmar Bones","date":"7 de maio de 2026","format":false,"excerpt":"Nesta quinta-feira, 7 de maio, quatro ministros*, liderados por Miriam Belchior, chefe da Casa Civil, estavam na mesa do evento na Casa da Reconstru\u00e7\u00e3o, em Porto Alegre, em que o Governo Federal apresentou um balan\u00e7o das obras de reconstru\u00e7\u00e3o no Rio Grande do Sul, dois anos depois da grande enchente\u2026","rel":"","context":"Em &quot;Geral-MAT\u00c9RIA&quot;","block_context":{"text":"Geral-MAT\u00c9RIA","link":"https:\/\/www.jornalja.com.br\/geral\/category\/geral\/"},"img":{"alt_text":"","src":"https:\/\/i0.wp.com\/www.jornalja.com.br\/geral\/wp-content\/uploads\/sites\/4\/2026\/05\/20260507-0004-ministra-chefe-casa-civil-miriam-belchior-ramiro-sanchez-oaf5214.jpg?resize=350%2C200&ssl=1","width":350,"height":200,"srcset":"https:\/\/i0.wp.com\/www.jornalja.com.br\/geral\/wp-content\/uploads\/sites\/4\/2026\/05\/20260507-0004-ministra-chefe-casa-civil-miriam-belchior-ramiro-sanchez-oaf5214.jpg?resize=350%2C200&ssl=1 1x, https:\/\/i0.wp.com\/www.jornalja.com.br\/geral\/wp-content\/uploads\/sites\/4\/2026\/05\/20260507-0004-ministra-chefe-casa-civil-miriam-belchior-ramiro-sanchez-oaf5214.jpg?resize=525%2C300&ssl=1 1.5x, https:\/\/i0.wp.com\/www.jornalja.com.br\/geral\/wp-content\/uploads\/sites\/4\/2026\/05\/20260507-0004-ministra-chefe-casa-civil-miriam-belchior-ramiro-sanchez-oaf5214.jpg?resize=700%2C400&ssl=1 2x, https:\/\/i0.wp.com\/www.jornalja.com.br\/geral\/wp-content\/uploads\/sites\/4\/2026\/05\/20260507-0004-ministra-chefe-casa-civil-miriam-belchior-ramiro-sanchez-oaf5214.jpg?resize=1050%2C600&ssl=1 3x, https:\/\/i0.wp.com\/www.jornalja.com.br\/geral\/wp-content\/uploads\/sites\/4\/2026\/05\/20260507-0004-ministra-chefe-casa-civil-miriam-belchior-ramiro-sanchez-oaf5214.jpg?resize=1400%2C800&ssl=1 4x"},"classes":[]}],"jetpack_sharing_enabled":true,"jetpack_featured_media_url":"https:\/\/www.jornalja.com.br\/geral\/wp-content\/uploads\/sites\/4\/2025\/12\/lula-e-dilma-vale-essa.png","_links":{"self":[{"href":"https:\/\/www.jornalja.com.br\/geral\/wp-json\/wp\/v2\/posts\/100494","targetHints":{"allow":["GET"]}}],"collection":[{"href":"https:\/\/www.jornalja.com.br\/geral\/wp-json\/wp\/v2\/posts"}],"about":[{"href":"https:\/\/www.jornalja.com.br\/geral\/wp-json\/wp\/v2\/types\/post"}],"author":[{"embeddable":true,"href":"https:\/\/www.jornalja.com.br\/geral\/wp-json\/wp\/v2\/users\/4"}],"replies":[{"embeddable":true,"href":"https:\/\/www.jornalja.com.br\/geral\/wp-json\/wp\/v2\/comments?post=100494"}],"version-history":[{"count":5,"href":"https:\/\/www.jornalja.com.br\/geral\/wp-json\/wp\/v2\/posts\/100494\/revisions"}],"predecessor-version":[{"id":100497,"href":"https:\/\/www.jornalja.com.br\/geral\/wp-json\/wp\/v2\/posts\/100494\/revisions\/100497"}],"wp:featuredmedia":[{"embeddable":true,"href":"https:\/\/www.jornalja.com.br\/geral\/wp-json\/wp\/v2\/media\/100452"}],"wp:attachment":[{"href":"https:\/\/www.jornalja.com.br\/geral\/wp-json\/wp\/v2\/media?parent=100494"}],"wp:term":[{"taxonomy":"category","embeddable":true,"href":"https:\/\/www.jornalja.com.br\/geral\/wp-json\/wp\/v2\/categories?post=100494"},{"taxonomy":"post_tag","embeddable":true,"href":"https:\/\/www.jornalja.com.br\/geral\/wp-json\/wp\/v2\/tags?post=100494"}],"curies":[{"name":"wp","href":"https:\/\/api.w.org\/{rel}","templated":true}]}}