{"id":100576,"date":"2026-01-13T23:30:38","date_gmt":"2026-01-14T02:30:38","guid":{"rendered":"https:\/\/www.jornalja.com.br\/geral\/?p=100576"},"modified":"2026-01-14T00:02:09","modified_gmt":"2026-01-14T03:02:09","slug":"ministro-da-justica-nomeado-por-lula-ficou-14-dias-no-cargo-no-governo-dilma","status":"publish","type":"post","link":"https:\/\/www.jornalja.com.br\/geral\/ministro-da-justica-nomeado-por-lula-ficou-14-dias-no-cargo-no-governo-dilma\/","title":{"rendered":"Ministro da Justi\u00e7a nomeado por Lula ficou 14 dias no cargo no governo Dilma"},"content":{"rendered":"<p>Wellington C\u00e9sar Lima e Silva, nomeado pelo presidente Lula para o Minist\u00e9rio da Justi\u00e7a, j\u00e1 exerceu o cargo no governo de Dilma Rousseff . Foi nomeado em mar\u00e7o de 2016 e ficou apenas 14 dias no cargo.<\/p>\n<p>O Supremo Tribunal Federal (STF) decidiu que integrantes do Minist\u00e9rio P\u00fablico ( Wellington era Procurador-geral da Justi\u00e7a na Bahia) n\u00e3o poderiam exercer cargos no Poder Executivo, a menos que pedissem exonera\u00e7\u00e3o definitiva de suas fun\u00e7\u00f5es de origem.<br \/>\nEntre ser Ministro da Justi\u00e7a, cargo tempor\u00e1rio, e sua carreira\u00a0 no Minist\u00e9rio P\u00fablico, Wellington optou por deixar o governo em 14 de mar\u00e7o de 2016. Ele foi sucedido por Eug\u00eanio Arag\u00e3o.<\/p>\n<p>Sua nomea\u00e7\u00e3o ocorreu em um momento de alta instabilidade, visando substituir Jos\u00e9 Eduardo Cardozo, que sofria press\u00e3o interna por n\u00e3o &#8220;controlar&#8221; a Pol\u00edcia Federal durante a Opera\u00e7\u00e3o Lava Jato.<\/p>\n<p>Neste 13 de janeiro de 2026, Wellington C\u00e9sar Lima e Silva foi nomeado novamente para o cargo pelo presidente Lula, desta vez ap\u00f3s ter deixado a carreira no MP para atuar como advogado e gestor (ocupava a Advocacia-Geral da Petrobras).<\/p>\n","protected":false},"excerpt":{"rendered":"<p>Wellington C\u00e9sar Lima e Silva, nomeado pelo presidente Lula para o Minist\u00e9rio da Justi\u00e7a, j\u00e1 exerceu o cargo no governo de Dilma Rousseff . Foi nomeado em mar\u00e7o de 2016 e ficou apenas 14 dias no cargo. O Supremo Tribunal Federal (STF) decidiu que integrantes do Minist\u00e9rio P\u00fablico ( Wellington era Procurador-geral da Justi\u00e7a na [&hellip;]<\/p>\n","protected":false},"author":4,"featured_media":100578,"comment_status":"closed","ping_status":"open","sticky":false,"template":"","format":"standard","meta":{"jetpack_post_was_ever_published":false,"_jetpack_newsletter_access":"","_jetpack_dont_email_post_to_subs":false,"_jetpack_newsletter_tier_id":0,"_jetpack_memberships_contains_paywalled_content":false,"_jetpack_memberships_contains_paid_content":false,"footnotes":"","jetpack_publicize_message":"","jetpack_publicize_feature_enabled":true,"jetpack_social_post_already_shared":true,"jetpack_social_options":{"image_generator_settings":{"template":"highway","default_image_id":0,"font":"","enabled":false},"version":2}},"categories":[12],"tags":[],"class_list":["post-100576","post","type-post","status-publish","format-standard","has-post-thumbnail","hentry","category-manchete-do-site"],"aioseo_notices":[],"jetpack_publicize_connections":[],"jetpack_featured_media_url":"https:\/\/www.jornalja.com.br\/geral\/wp-content\/uploads\/sites\/4\/2026\/01\/lula-e-o-novo-ministro-da-justica.png","jetpack_shortlink":"https:\/\/wp.me\/pbKhrD-qac","jetpack-related-posts":[{"id":84194,"url":"https:\/\/www.jornalja.com.br\/geral\/auditor-de-financas-assume-interinamente-no-lugar-de-weintraub\/","url_meta":{"origin":100576,"position":0},"title":"Auditor de finan\u00e7as assume interinamente no lugar de Weintraub","author":"Elmar Bones","date":"20 de junho de 2020","format":false,"excerpt":"O presidente Jair Bolsonaro nomeou Antonio Paulo Vogel de Medeiros\u00a0 como ministro interino em substitui\u00e7\u00e3o a Abraham Weintraub no Minist\u00e9rio da Educa\u00e7\u00e3o. A exonera\u00e7\u00e3o de Weintraub foi publicada neste domingo. Vogel ocupava o cargo de secret\u00e1rio-executivo, considerado o n\u00famero 2 da pasta, desde que Weintraub tomou posse, em abril de\u2026","rel":"","context":"Em &quot;Geral-MAT\u00c9RIA&quot;","block_context":{"text":"Geral-MAT\u00c9RIA","link":"https:\/\/www.jornalja.com.br\/geral\/category\/geral\/"},"img":{"alt_text":"","src":"https:\/\/i0.wp.com\/www.jornalja.com.br\/geral\/wp-content\/uploads\/sites\/4\/2020\/06\/Minist%C3%A9rio-da-Educa%C3%A7%C3%A3o-interino-Antonio-Paulo-Vogel-e1592717205583.jpg?resize=350%2C200&ssl=1","width":350,"height":200,"srcset":"https:\/\/i0.wp.com\/www.jornalja.com.br\/geral\/wp-content\/uploads\/sites\/4\/2020\/06\/Minist%C3%A9rio-da-Educa%C3%A7%C3%A3o-interino-Antonio-Paulo-Vogel-e1592717205583.jpg?resize=350%2C200&ssl=1 1x, https:\/\/i0.wp.com\/www.jornalja.com.br\/geral\/wp-content\/uploads\/sites\/4\/2020\/06\/Minist%C3%A9rio-da-Educa%C3%A7%C3%A3o-interino-Antonio-Paulo-Vogel-e1592717205583.jpg?resize=525%2C300&ssl=1 1.5x"},"classes":[]},{"id":100532,"url":"https:\/\/www.jornalja.com.br\/geral\/veto-a-dosimetria-manifestacoess-contra-anistia-a-golpistas-pesaram-na-decisao-de-lula\/","url_meta":{"origin":100576,"position":1},"title":"Veto \u00e0 dosimetria: manifesta\u00e7\u00f5es contra anistia a golpistas pesaram na decis\u00e3o de Lula","author":"Elmar Bones","date":"9 de janeiro de 2026","format":false,"excerpt":"Tr\u00eas anos depois do ataque golpista \u00e0 democracia em 2023, o dia 08 de janeiro \u00e9 marcado por manifesta\u00e7\u00f5es populares em todo o pa\u00eds em defesa da soberania do Brasil e que tamb\u00e9m exigiram o cumprimento da pena dos condenados pela tentativa de golpe de Estado, tentativa de aboli\u00e7\u00e3o violenta\u2026","rel":"","context":"Em &quot;Geral-MAT\u00c9RIA&quot;","block_context":{"text":"Geral-MAT\u00c9RIA","link":"https:\/\/www.jornalja.com.br\/geral\/category\/geral\/"},"img":{"alt_text":"","src":"https:\/\/i0.wp.com\/www.jornalja.com.br\/geral\/wp-content\/uploads\/sites\/4\/2026\/01\/dosimetria-fora-bozo.png?resize=350%2C200&ssl=1","width":350,"height":200,"srcset":"https:\/\/i0.wp.com\/www.jornalja.com.br\/geral\/wp-content\/uploads\/sites\/4\/2026\/01\/dosimetria-fora-bozo.png?resize=350%2C200&ssl=1 1x, https:\/\/i0.wp.com\/www.jornalja.com.br\/geral\/wp-content\/uploads\/sites\/4\/2026\/01\/dosimetria-fora-bozo.png?resize=525%2C300&ssl=1 1.5x"},"classes":[]},{"id":101078,"url":"https:\/\/www.jornalja.com.br\/geral\/como-foi-costurado-o-acordo-que-fez-o-pt-apoiar-juliana-brizola\/","url_meta":{"origin":100576,"position":2},"title":"Como foi costurado o acordo que fez o PT apoiar Juliana Brizola","author":"da Reda\u00e7\u00e3o","date":"17 de abril de 2026","format":false,"excerpt":"O PDT foi o partido que mais perdeu representantes na \u201cjanela partid\u00e1ria\u201d que fechou em 3 de abril. Tinha tr\u00eas senadores, ficou com dois. Tinha 17 deputados federais, caiu para 11. Perdeu tamb\u00e9m 9 dos 43 deputados estaduais que elegeu em 2022. No \u00e2mbito municipal, o PDT tem prefeitos em\u2026","rel":"","context":"Em &quot;Geral-MAT\u00c9RIA&quot;","block_context":{"text":"Geral-MAT\u00c9RIA","link":"https:\/\/www.jornalja.com.br\/geral\/category\/geral\/"},"img":{"alt_text":"","src":"https:\/\/www.jornalja.com.br\/geral\/wp-content\/uploads\/sites\/4\/2026\/04\/pdt-lupi-juliana-e-lula.avif","width":350,"height":200,"srcset":"https:\/\/www.jornalja.com.br\/geral\/wp-content\/uploads\/sites\/4\/2026\/04\/pdt-lupi-juliana-e-lula.avif 1x, https:\/\/www.jornalja.com.br\/geral\/wp-content\/uploads\/sites\/4\/2026\/04\/pdt-lupi-juliana-e-lula.avif 1.5x, https:\/\/www.jornalja.com.br\/geral\/wp-content\/uploads\/sites\/4\/2026\/04\/pdt-lupi-juliana-e-lula.avif 2x"},"classes":[]},{"id":96631,"url":"https:\/\/www.jornalja.com.br\/geral\/pela-segunda-vez-conselho-da-ufrgs-destitui-reitor-nomeado-por-bolsonaro\/","url_meta":{"origin":100576,"position":3},"title":"Pela segunda vez, Conselho da UFRGS destitui reitor nomeado por Bolsonaro","author":"da Reda\u00e7\u00e3o","date":"1 de dezembro de 2023","format":false,"excerpt":"Em sess\u00e3o especial na manh\u00e3 desta sexta-feira, o Conselho Universit\u00e1rio da Universidade Federal do Rio Grande do Sul (UFRGS), decidiu, por 66 votos a 2, a destitui\u00e7\u00e3o do reitor, Carlos Andr\u00e9 Bulh\u00f5es Mendes, e da vice-reitora, Patr\u00edcia Pranke. A decis\u00e3o foi tomada com base no parecer de uma Comiss\u00e3o Especial,\u2026","rel":"","context":"Em &quot;Geral-MAT\u00c9RIA&quot;","block_context":{"text":"Geral-MAT\u00c9RIA","link":"https:\/\/www.jornalja.com.br\/geral\/category\/geral\/"},"img":{"alt_text":"","src":"https:\/\/i0.wp.com\/www.jornalja.com.br\/geral\/wp-content\/uploads\/sites\/4\/2023\/12\/ufrgs-reitor-e-vice.jpeg?resize=350%2C200&ssl=1","width":350,"height":200,"srcset":"https:\/\/i0.wp.com\/www.jornalja.com.br\/geral\/wp-content\/uploads\/sites\/4\/2023\/12\/ufrgs-reitor-e-vice.jpeg?resize=350%2C200&ssl=1 1x, https:\/\/i0.wp.com\/www.jornalja.com.br\/geral\/wp-content\/uploads\/sites\/4\/2023\/12\/ufrgs-reitor-e-vice.jpeg?resize=525%2C300&ssl=1 1.5x, https:\/\/i0.wp.com\/www.jornalja.com.br\/geral\/wp-content\/uploads\/sites\/4\/2023\/12\/ufrgs-reitor-e-vice.jpeg?resize=700%2C400&ssl=1 2x, https:\/\/i0.wp.com\/www.jornalja.com.br\/geral\/wp-content\/uploads\/sites\/4\/2023\/12\/ufrgs-reitor-e-vice.jpeg?resize=1050%2C600&ssl=1 3x"},"classes":[]},{"id":100444,"url":"https:\/\/www.jornalja.com.br\/geral\/ano-comeca-com-lula-e-dilma-na-retomada-do-polo-naval-de-rio-gramde\/","url_meta":{"origin":100576,"position":4},"title":"Ano come\u00e7a com Lula e Dilma na retomada do Polo Naval de Rio Grande","author":"da Reda\u00e7\u00e3o","date":"23 de dezembro de 2025","format":false,"excerpt":"Um ano depois da assinatura do primeiro contrato que marca a retomada do Polo Naval, em Rio Grande, o presidente Lula volta \u00e0 cidade neste 7 de janeiro,\u00a0 dando partida \u00e0 constru\u00e7\u00e3o de quatro navios\u00a0 encomendados pela Transpetro. Da primeira vez, em fevereiro de 2025, ele trouxe o vice-presidente Geraldo\u00a0\u2026","rel":"","context":"Em &quot;Geral-MAT\u00c9RIA&quot;","block_context":{"text":"Geral-MAT\u00c9RIA","link":"https:\/\/www.jornalja.com.br\/geral\/category\/geral\/"},"img":{"alt_text":"","src":"https:\/\/i0.wp.com\/www.jornalja.com.br\/geral\/wp-content\/uploads\/sites\/4\/2025\/12\/polo-naval-no-auge-construcao-de-plataformas.png?resize=350%2C200&ssl=1","width":350,"height":200},"classes":[]},{"id":100221,"url":"https:\/\/www.jornalja.com.br\/geral\/a-escabrosa-falencia-da-oi-a-supertele-que-ja-foi-simbolo-das-privatizacoes\/","url_meta":{"origin":100576,"position":5},"title":"A escabrosa fal\u00eancia da OI, a &#8220;supertele&#8221; que j\u00e1 foi s\u00edmbolo das privatiza\u00e7\u00f5es","author":"da Reda\u00e7\u00e3o","date":"11 de novembro de 2025","format":false,"excerpt":"Bilh\u00f5es em d\u00edvidas acumuladas, m\u00e1 gest\u00e3o e \"uma s\u00e9rie de esqueletos financeiros deixados pelo caminho\" - s\u00e3o as causas apontadas para a fal\u00eancia da Oi, decretada nesta segunda-feira, 10\/11, pela 7\u00aa Vara Empresarial do Tribunal de Justi\u00e7a do Rio de Janeiro (TJ-RJ). A empresa estava em sua segunda recupera\u00e7\u00e3o judicial.\u2026","rel":"","context":"Em &quot;Geral-MAT\u00c9RIA&quot;","block_context":{"text":"Geral-MAT\u00c9RIA","link":"https:\/\/www.jornalja.com.br\/geral\/category\/geral\/"},"img":{"alt_text":"","src":"https:\/\/i0.wp.com\/www.jornalja.com.br\/geral\/wp-content\/uploads\/sites\/4\/2025\/11\/oi-falencia.png?resize=350%2C200&ssl=1","width":350,"height":200,"srcset":"https:\/\/i0.wp.com\/www.jornalja.com.br\/geral\/wp-content\/uploads\/sites\/4\/2025\/11\/oi-falencia.png?resize=350%2C200&ssl=1 1x, https:\/\/i0.wp.com\/www.jornalja.com.br\/geral\/wp-content\/uploads\/sites\/4\/2025\/11\/oi-falencia.png?resize=525%2C300&ssl=1 1.5x"},"classes":[]}],"jetpack_sharing_enabled":true,"_links":{"self":[{"href":"https:\/\/www.jornalja.com.br\/geral\/wp-json\/wp\/v2\/posts\/100576","targetHints":{"allow":["GET"]}}],"collection":[{"href":"https:\/\/www.jornalja.com.br\/geral\/wp-json\/wp\/v2\/posts"}],"about":[{"href":"https:\/\/www.jornalja.com.br\/geral\/wp-json\/wp\/v2\/types\/post"}],"author":[{"embeddable":true,"href":"https:\/\/www.jornalja.com.br\/geral\/wp-json\/wp\/v2\/users\/4"}],"replies":[{"embeddable":true,"href":"https:\/\/www.jornalja.com.br\/geral\/wp-json\/wp\/v2\/comments?post=100576"}],"version-history":[{"count":5,"href":"https:\/\/www.jornalja.com.br\/geral\/wp-json\/wp\/v2\/posts\/100576\/revisions"}],"predecessor-version":[{"id":100586,"href":"https:\/\/www.jornalja.com.br\/geral\/wp-json\/wp\/v2\/posts\/100576\/revisions\/100586"}],"wp:featuredmedia":[{"embeddable":true,"href":"https:\/\/www.jornalja.com.br\/geral\/wp-json\/wp\/v2\/media\/100578"}],"wp:attachment":[{"href":"https:\/\/www.jornalja.com.br\/geral\/wp-json\/wp\/v2\/media?parent=100576"}],"wp:term":[{"taxonomy":"category","embeddable":true,"href":"https:\/\/www.jornalja.com.br\/geral\/wp-json\/wp\/v2\/categories?post=100576"},{"taxonomy":"post_tag","embeddable":true,"href":"https:\/\/www.jornalja.com.br\/geral\/wp-json\/wp\/v2\/tags?post=100576"}],"curies":[{"name":"wp","href":"https:\/\/api.w.org\/{rel}","templated":true}]}}