{"id":100627,"date":"2026-01-19T09:43:14","date_gmt":"2026-01-19T12:43:14","guid":{"rendered":"https:\/\/www.jornalja.com.br\/geral\/?p=100627"},"modified":"2026-01-19T12:50:46","modified_gmt":"2026-01-19T15:50:46","slug":"fiergs-preve-expansao-do-pib-e-do-emprego-com-acordo-mercosul-uniao-europeia","status":"publish","type":"post","link":"https:\/\/www.jornalja.com.br\/geral\/fiergs-preve-expansao-do-pib-e-do-emprego-com-acordo-mercosul-uniao-europeia\/","title":{"rendered":"Fiergs prev\u00ea expans\u00e3o do PIB e do emprego com acordo Mercosul-Uni\u00e3o Europeia"},"content":{"rendered":"<p>Presidente Claudio Bier aposta no aumento no fluxo de com\u00e9rcio entre as duas regi\u00f5es; entidade estima alta de 4,6% do PIB ga\u00facho em 15 anos e gera\u00e7\u00e3o de 31 mil empregos.<\/p>\n<p>O acordo entre Mercosul e Uni\u00e3o Europeia, assinado neste s\u00e1bado (17), no Paraguai, \u00e9 &#8220;um avan\u00e7o importante&#8221;, segundo a Federa\u00e7\u00e3o das Ind\u00fastrias do RS.<\/p>\n<p>\u201c\u00c9 um passo importante para o futuro da economia do Brasil e do Rio Grande do Sul, especialmente num cen\u00e1rio em que a diversifica\u00e7\u00e3o de mercado \u00e9 essencial\u201d, diz o presidente do Sistema FIERGS, Claudio Bier, lembrado que &#8220;foram mais de 25 anos de negocia\u00e7\u00e3o&#8221;.<\/p>\n<p>O acordo \u00e9 ben\u00e9fico para o Rio Grande do Sul,\u00a0 segundo Bier. \u201cO crescimento econ\u00f4mico, diz ele, ser\u00e1 estimulado pelo aumento das exporta\u00e7\u00f5es e pela atra\u00e7\u00e3o de novos investimentos, parcerias e joint-ventures. Dessa maneira, se consolida a inser\u00e7\u00e3o do Brasil nas cadeias globais de com\u00e9rcio\u201d.<\/p>\n<p>A Unidade de Estudos Econ\u00f4micos da FIERGS projeta que, ao longo dos pr\u00f3ximos 15 anos, as exporta\u00e7\u00f5es industriais ga\u00fachas para a Uni\u00e3o Europeia possam se expandir em aproximadamente US$ 801,3 milh\u00f5es.<\/p>\n<p>Os setores que devem ser mais beneficiados s\u00e3o tabaco (com expans\u00e3o de US$ 410,5 milh\u00f5es), qu\u00edmicos (US$ 138,3 milh\u00f5es), couro e cal\u00e7ados (US$ 84,3 milh\u00f5es), alimentos (US$ 63,8 milh\u00f5es) e celulose e papel (US$ 7,4 milh\u00f5es).<\/p>\n<p>Esse aumento sustentado nas vendas industriais no longo prazo implicaria impactos relevantes sobre o mercado de trabalho formal, com a gera\u00e7\u00e3o estimada em 31 mil novos empregos na Ind\u00fastria de Transforma\u00e7\u00e3o ga\u00facha.<\/p>\n<p>No plano macroecon\u00f4mico, o efeito agregado desse choque positivo de demanda externa resultaria em um acr\u00e9scimo aproximado de 4,6% (R$ 31 bilh\u00f5es) no PIB do Rio Grande do Sul no horizonte de 15 anos, evidenciando que a intensifica\u00e7\u00e3o do com\u00e9rcio com a Uni\u00e3o Europeia tem potencial para produzir efeitos significativos e persistentes sobre a produ\u00e7\u00e3o, sobre o emprego e a renda no Estado, aprofundando os encadeamentos produtivos j\u00e1 identificados na an\u00e1lise de sensibilidade.<\/p>\n<p>\u201cSabemos que h\u00e1 press\u00e3o especialmente em pa\u00edses como a Fran\u00e7a, ainda tenho receio que possa ocorrer algum entrave, mas confio que ser\u00e1 mantido o posicionamento majorit\u00e1rio da Uni\u00e3o Europeia para que possamos aproveitar todos os benef\u00edcios para o desenvolvimento do nosso pa\u00eds\u201d, diz o presidente do Sistema FIERGS.<\/p>\n<p>EXPANS\u00c3O DE MERCADOS<\/p>\n<p>Em 2025, a UE foi o segundo principal destino como bloco econ\u00f4mico das exporta\u00e7\u00f5es ga\u00fachas (US$ 2,7 bilh\u00f5es), representando 13% do total exportado e a quarta principal origem das importa\u00e7\u00f5es (US$ 1,4 bilh\u00e3o), representando 11,1% do total importado.<\/p>\n<p>No mesmo ano, o RS foi o sexto estado brasileiro que mais exportou para a Uni\u00e3o Europeia e o oitavo que mais importou do bloco.<\/p>\n<p>Nos \u00faltimos cinco anos, o Rio Grande do Sul exportou 3,7 mil tipos de produtos, enquanto a Uni\u00e3o Europeia importou 5,8 mil mercadorias distintas de diferentes pa\u00edses. A interse\u00e7\u00e3o entre esses conjuntos, isto \u00e9, produtos que o RS j\u00e1 exporta e que a UE j\u00e1 importa, alcan\u00e7a 3,4 mil itens. Desses, cerca de 2,3 mil mercadorias s\u00e3o atualmente exportadas pelo Rio Grande do Sul para a Uni\u00e3o Europeia, indicando potencial de amplia\u00e7\u00e3o do volume exportado desses produtos com a efetiva\u00e7\u00e3o do acordo. Os 1,1 mil itens restantes, que o RS exporta para outros mercados e que a UE importa de outros pa\u00edses, configuram um potencial adicional de abertura de mercado e diversifica\u00e7\u00e3o da pauta exportadora estadual.<\/p>\n<p>Naturalmente, um acordo desta magnitude poder\u00e1 gerar sensibilidades em segmentos espec\u00edficos, por\u00e9m o tratado prev\u00ea um cronograma de desgrava\u00e7\u00e3o tarif\u00e1ria e dispositivos de salvaguarda amplamente discutidos. Esse prazo gradual de desgrava\u00e7\u00e3o \u00e9 fundamental para que os setores mais vulner\u00e1veis realizem as adequa\u00e7\u00f5es necess\u00e1rias e garantam sua competitividade no mercado internacional. \u201cEm rela\u00e7\u00e3o aos setores industriais sens\u00edveis, precisamos trabalhar junto aos governos estadual e federal instrumentos de defesa que preservem a competitividade, os empregos e a ind\u00fastria do Rio Grande do Sul\u201d, afirma Bier.<\/p>\n<p>OPORTUNIDADES E BENEF\u00cdCIOS DO ACORDO<\/p>\n<p>\u2022\u00a0\u00a0\u00a0\u00a0\u00a0\u00a0\u00a0\u00a0 Crescimento da economia, com\u00e9rcio e investimentos;<\/p>\n<p>\u2022\u00a0\u00a0\u00a0\u00a0\u00a0\u00a0\u00a0\u00a0 Maior diversifica\u00e7\u00e3o da economia brasileira, proporcionando ganhos mais extensos em termos setoriais;<\/p>\n<p>\u2022\u00a0\u00a0\u00a0\u00a0\u00a0\u00a0\u00a0\u00a0 Impacto positivo sobre outras negocia\u00e7\u00f5es, ampliando a inser\u00e7\u00e3o internacional do Brasil por meio de acordos com pa\u00edses priorit\u00e1rios;<\/p>\n<p>\u2022\u00a0\u00a0\u00a0\u00a0\u00a0\u00a0\u00a0\u00a0 Redu\u00e7\u00e3o de custos das importa\u00e7\u00f5es de alta tecnologia, gerando ganhos de produtividade e moderniza\u00e7\u00e3o em \u00e1reas que a ind\u00fastria nacional ainda n\u00e3o atua;<\/p>\n<p>\u2022\u00a0\u00a0\u00a0\u00a0\u00a0\u00a0\u00a0\u00a0 Aumento dos fluxos de investimentos estrangeiros;<\/p>\n<p>\u2022\u00a0\u00a0\u00a0\u00a0\u00a0\u00a0\u00a0\u00a0 Novas possibilidades de joint ventures e associa\u00e7\u00f5es entre empresas;<\/p>\n<p>\u2022\u00a0\u00a0\u00a0\u00a0\u00a0\u00a0\u00a0\u00a0 Maior seguran\u00e7a jur\u00eddica e homologa\u00e7\u00e3o de pr\u00e1ticas aduaneiras para transa\u00e7\u00f5es de investimentos e comerciais;<\/p>\n<p>\u2022\u00a0\u00a0\u00a0\u00a0\u00a0\u00a0\u00a0\u00a0 Aumento das linhas log\u00edsticas e eventual redu\u00e7\u00e3o de fretes internacionais;<\/p>\n<p>\u2022\u00a0\u00a0\u00a0\u00a0\u00a0\u00a0\u00a0\u00a0 Redu\u00e7\u00e3o das barreiras t\u00e9cnicas e burocracia;<\/p>\n<p>\u2022\u00a0\u00a0\u00a0\u00a0\u00a0\u00a0\u00a0\u00a0 Maior inser\u00e7\u00e3o do Brasil nas cadeias globais de valor;<\/p>\n<p>\u2022\u00a0\u00a0\u00a0\u00a0\u00a0\u00a0\u00a0\u00a0 Aperfei\u00e7oamento institucional do Mercosul;<\/p>\n<p>\u2022\u00a0\u00a0\u00a0\u00a0\u00a0\u00a0\u00a0\u00a0 Boas oportunidades para setores como: celulose, soja, carnes, tabaco, couro, cal\u00e7ados, m\u00f3veis e m\u00e1quinas\/implementos agr\u00edcolas.<\/p>\n<p><strong>(Com informa\u00e7\u00f5es da Assessoria de Imprensa)<\/strong><\/p>\n","protected":false},"excerpt":{"rendered":"<p>Presidente Claudio Bier aposta no aumento no fluxo de com\u00e9rcio entre as duas regi\u00f5es; entidade estima alta de 4,6% do PIB ga\u00facho em 15 anos e gera\u00e7\u00e3o de 31 mil empregos. O acordo entre Mercosul e Uni\u00e3o Europeia, assinado neste s\u00e1bado (17), no Paraguai, \u00e9 &#8220;um avan\u00e7o importante&#8221;, segundo a Federa\u00e7\u00e3o das Ind\u00fastrias do RS. [&hellip;]<\/p>\n","protected":false},"author":4,"featured_media":100629,"comment_status":"closed","ping_status":"open","sticky":false,"template":"","format":"standard","meta":{"jetpack_post_was_ever_published":false,"_jetpack_newsletter_access":"","_jetpack_dont_email_post_to_subs":false,"_jetpack_newsletter_tier_id":0,"_jetpack_memberships_contains_paywalled_content":false,"_jetpack_memberships_contains_paid_content":false,"footnotes":"","jetpack_publicize_message":"","jetpack_publicize_feature_enabled":true,"jetpack_social_post_already_shared":true,"jetpack_social_options":{"image_generator_settings":{"template":"highway","default_image_id":0,"font":"","enabled":false},"version":2}},"categories":[2],"tags":[],"class_list":["post-100627","post","type-post","status-publish","format-standard","has-post-thumbnail","hentry","category-geral"],"aioseo_notices":[],"jetpack_publicize_connections":[],"jetpack_featured_media_url":"https:\/\/www.jornalja.com.br\/geral\/wp-content\/uploads\/sites\/4\/2026\/01\/fiergs.jpg","jetpack_shortlink":"https:\/\/wp.me\/pbKhrD-qb1","jetpack-related-posts":[{"id":98212,"url":"https:\/\/www.jornalja.com.br\/geral\/acordo-representa-quase-r-100-bilhoes-a-mais-no-comercio-entre-brasil-e-europa\/","url_meta":{"origin":100627,"position":0},"title":"Acordo representa quase R$ 100 bilh\u00f5es a mais no com\u00e9rcio entre Brasil e Europa","author":"da Reda\u00e7\u00e3o","date":"7 de dezembro de 2024","format":false,"excerpt":"O acordo firmado nesta sexta-feira (6) entre o Mercosul e a Uni\u00e3o Europeia (UE) deve aumentar em 5% o fluxo de com\u00e9rcio entre o Brasil e o bloco europeu, o que representa R$ 94,2 bilh\u00f5es em valores atuais. A estimativa \u00e9 do governo brasileiro. O governo ainda estima um impacto\u2026","rel":"","context":"Em &quot;Geral-MAT\u00c9RIA&quot;","block_context":{"text":"Geral-MAT\u00c9RIA","link":"https:\/\/www.jornalja.com.br\/geral\/category\/geral\/"},"img":{"alt_text":"","src":"https:\/\/i0.wp.com\/www.jornalja.com.br\/geral\/wp-content\/uploads\/sites\/4\/2024\/12\/mercosul-acordo-fechado.png?resize=350%2C200&ssl=1","width":350,"height":200,"srcset":"https:\/\/i0.wp.com\/www.jornalja.com.br\/geral\/wp-content\/uploads\/sites\/4\/2024\/12\/mercosul-acordo-fechado.png?resize=350%2C200&ssl=1 1x, https:\/\/i0.wp.com\/www.jornalja.com.br\/geral\/wp-content\/uploads\/sites\/4\/2024\/12\/mercosul-acordo-fechado.png?resize=525%2C300&ssl=1 1.5x"},"classes":[]},{"id":97712,"url":"https:\/\/www.jornalja.com.br\/geral\/fiergs-pede-socorro-ao-governo-federal-falta-de-dragagem-do-guaiba-pode-paralisar-polo-petroquimco\/","url_meta":{"origin":100627,"position":1},"title":"Fiergs pede socorro ao governo federal: falta de dragagem do Gua\u00edba pode paralisar polo petroqu\u00edmico","author":"da Reda\u00e7\u00e3o","date":"13 de agosto de 2024","format":false,"excerpt":"A Federa\u00e7\u00e3o das Ind\u00fastrias do Estado do Rio Grande do Sul (FIERGS) encaminhou uma carta refor\u00e7ando com veem\u00eancia que a dragagem dos pontos cr\u00edticos do Lago Gua\u00edba \u00e9 uma necessidade imediata. A correspond\u00eancia foi enviada ao ministro da Casa Civil, Rui Costa; ao ministro de Portos e Aeroportos, S\u00edlvio Costa\u2026","rel":"","context":"Em &quot;Geral-MAT\u00c9RIA&quot;","block_context":{"text":"Geral-MAT\u00c9RIA","link":"https:\/\/www.jornalja.com.br\/geral\/category\/geral\/"},"img":{"alt_text":"","src":"https:\/\/i0.wp.com\/www.jornalja.com.br\/geral\/wp-content\/uploads\/sites\/4\/2024\/08\/petroqupimica-terminal-de-santa-clara.png?resize=350%2C200&ssl=1","width":350,"height":200,"srcset":"https:\/\/i0.wp.com\/www.jornalja.com.br\/geral\/wp-content\/uploads\/sites\/4\/2024\/08\/petroqupimica-terminal-de-santa-clara.png?resize=350%2C200&ssl=1 1x, https:\/\/i0.wp.com\/www.jornalja.com.br\/geral\/wp-content\/uploads\/sites\/4\/2024\/08\/petroqupimica-terminal-de-santa-clara.png?resize=525%2C300&ssl=1 1.5x, https:\/\/i0.wp.com\/www.jornalja.com.br\/geral\/wp-content\/uploads\/sites\/4\/2024\/08\/petroqupimica-terminal-de-santa-clara.png?resize=700%2C400&ssl=1 2x"},"classes":[]},{"id":99394,"url":"https:\/\/www.jornalja.com.br\/geral\/filha-de-chineses-de-41-anos-e-empresaria-simbolo-em-campanha-da-industria-gaucha\/","url_meta":{"origin":100627,"position":2},"title":"Filha de chineses, de 41 anos, \u00e9 empres\u00e1ria-s\u00edmbolo em campanha da ind\u00fastria ga\u00facha","author":"Elmar Bones","date":"31 de julho de 2025","format":false,"excerpt":"Carolina Chiao, CEO da Metal\u00fargica Fimac, de Gravata\u00ed foi a escolhida para representar as 52 mil ind\u00fastrias ga\u00fachas na campanha institucional lan\u00e7ada nesta quinta-feira pela Federa\u00e7\u00e3o das Ind\u00fastrias do Rio Grandedo do Sul. Nas pe\u00e7as publicit\u00e1rias que come\u00e7am a ser ve\u00edculadas nos principais meios de comunica\u00e7\u00e3o. Carolina narra na primeira\u2026","rel":"","context":"Em &quot;Geral-MAT\u00c9RIA&quot;","block_context":{"text":"Geral-MAT\u00c9RIA","link":"https:\/\/www.jornalja.com.br\/geral\/category\/geral\/"},"img":{"alt_text":"","src":"https:\/\/i0.wp.com\/www.jornalja.com.br\/geral\/wp-content\/uploads\/sites\/4\/2025\/07\/campanha-fiergs-ceo-da-imaq.jpeg?resize=350%2C200&ssl=1","width":350,"height":200,"srcset":"https:\/\/i0.wp.com\/www.jornalja.com.br\/geral\/wp-content\/uploads\/sites\/4\/2025\/07\/campanha-fiergs-ceo-da-imaq.jpeg?resize=350%2C200&ssl=1 1x, https:\/\/i0.wp.com\/www.jornalja.com.br\/geral\/wp-content\/uploads\/sites\/4\/2025\/07\/campanha-fiergs-ceo-da-imaq.jpeg?resize=525%2C300&ssl=1 1.5x, https:\/\/i0.wp.com\/www.jornalja.com.br\/geral\/wp-content\/uploads\/sites\/4\/2025\/07\/campanha-fiergs-ceo-da-imaq.jpeg?resize=700%2C400&ssl=1 2x, https:\/\/i0.wp.com\/www.jornalja.com.br\/geral\/wp-content\/uploads\/sites\/4\/2025\/07\/campanha-fiergs-ceo-da-imaq.jpeg?resize=1050%2C600&ssl=1 3x, https:\/\/i0.wp.com\/www.jornalja.com.br\/geral\/wp-content\/uploads\/sites\/4\/2025\/07\/campanha-fiergs-ceo-da-imaq.jpeg?resize=1400%2C800&ssl=1 4x"},"classes":[]},{"id":100399,"url":"https:\/\/www.jornalja.com.br\/geral\/pt-e-pp-terao-maioria-na-cpi-dos-pedagios-leite-diz-que-governo-nao-se-acovardara\/","url_meta":{"origin":100627,"position":3},"title":"PT e PP ter\u00e3o maioria na CPI dos Ped\u00e1gios; Leite diz que governo &#8220;n\u00e3o se acovardar\u00e1&#8221;","author":"da Reda\u00e7\u00e3o","date":"15 de dezembro de 2025","format":false,"excerpt":"Ser\u00e1 instalada nesta ter\u00e7a-feira,\u00a0 CPI dos Ped\u00e1gios, para investigar os contratos de concess\u00e3o de rodovias pelo governo do Estado do Rio Grande do Sul. O in\u00edcio efetivo das atividades ser\u00e1 na sexta-feira (19), quando os titulares se re\u00fanem pela primeira vez para definir o relator, o vice-presidente e o plano\u2026","rel":"","context":"Em &quot;Geral-MAT\u00c9RIA&quot;","block_context":{"text":"Geral-MAT\u00c9RIA","link":"https:\/\/www.jornalja.com.br\/geral\/category\/geral\/"},"img":{"alt_text":"","src":"https:\/\/i0.wp.com\/www.jornalja.com.br\/geral\/wp-content\/uploads\/sites\/4\/2025\/12\/eduardo-leite-pedagios.jpeg?resize=350%2C200&ssl=1","width":350,"height":200,"srcset":"https:\/\/i0.wp.com\/www.jornalja.com.br\/geral\/wp-content\/uploads\/sites\/4\/2025\/12\/eduardo-leite-pedagios.jpeg?resize=350%2C200&ssl=1 1x, https:\/\/i0.wp.com\/www.jornalja.com.br\/geral\/wp-content\/uploads\/sites\/4\/2025\/12\/eduardo-leite-pedagios.jpeg?resize=525%2C300&ssl=1 1.5x, https:\/\/i0.wp.com\/www.jornalja.com.br\/geral\/wp-content\/uploads\/sites\/4\/2025\/12\/eduardo-leite-pedagios.jpeg?resize=700%2C400&ssl=1 2x"},"classes":[]},{"id":99412,"url":"https:\/\/www.jornalja.com.br\/geral\/fiergs-faz-convenio-com-o-exercito-para-enfrentar-a-falta-de-mao-de-obra-na-industria\/","url_meta":{"origin":100627,"position":4},"title":"Fiergs faz conv\u00eanio com o Ex\u00e9rcito para enfrentar a falta de m\u00e3o de obra na ind\u00fastria","author":"da Reda\u00e7\u00e3o","date":"2 de agosto de 2025","format":false,"excerpt":"Um conv\u00eanio entre o Sistema Fiergs e o Comando Militar do Sul\u00a0 vai proporcionar cursos t\u00e9cnicos e vagas no mercado de trabalho a jovens que cumprem o servi\u00e7o militar obrigat\u00f3rio. O Programa + Soldado Cidad\u00e3o, tem como meta matricular 10 mil jovens at\u00e9 2027 e\u00a0 foi lan\u00e7ado nesta quinta-feira (31),\u2026","rel":"","context":"Em &quot;Geral-MAT\u00c9RIA&quot;","block_context":{"text":"Geral-MAT\u00c9RIA","link":"https:\/\/www.jornalja.com.br\/geral\/category\/geral\/"},"img":{"alt_text":"","src":"https:\/\/i0.wp.com\/www.jornalja.com.br\/geral\/wp-content\/uploads\/sites\/4\/2025\/08\/fiergs-exercito-assinatura-scaled.jpg?resize=350%2C200&ssl=1","width":350,"height":200,"srcset":"https:\/\/i0.wp.com\/www.jornalja.com.br\/geral\/wp-content\/uploads\/sites\/4\/2025\/08\/fiergs-exercito-assinatura-scaled.jpg?resize=350%2C200&ssl=1 1x, https:\/\/i0.wp.com\/www.jornalja.com.br\/geral\/wp-content\/uploads\/sites\/4\/2025\/08\/fiergs-exercito-assinatura-scaled.jpg?resize=525%2C300&ssl=1 1.5x, https:\/\/i0.wp.com\/www.jornalja.com.br\/geral\/wp-content\/uploads\/sites\/4\/2025\/08\/fiergs-exercito-assinatura-scaled.jpg?resize=700%2C400&ssl=1 2x, https:\/\/i0.wp.com\/www.jornalja.com.br\/geral\/wp-content\/uploads\/sites\/4\/2025\/08\/fiergs-exercito-assinatura-scaled.jpg?resize=1050%2C600&ssl=1 3x, https:\/\/i0.wp.com\/www.jornalja.com.br\/geral\/wp-content\/uploads\/sites\/4\/2025\/08\/fiergs-exercito-assinatura-scaled.jpg?resize=1400%2C800&ssl=1 4x"},"classes":[]},{"id":94983,"url":"https:\/\/www.jornalja.com.br\/geral\/lula-na-argentina-fiergs-apoia-aproximacao-mas-questiona-moeda-comum\/","url_meta":{"origin":100627,"position":5},"title":"Lula na Argentina: Fiergs apoia aproxima\u00e7\u00e3o mas questiona moeda comum","author":"da Reda\u00e7\u00e3o","date":"26 de janeiro de 2023","format":false,"excerpt":"\u00a0O presidente da Federa\u00e7\u00e3o das Ind\u00fastrias do Estado do Rio Grande do Sul, Gilberto Porcello Petry, disse que as iniciativas entre os dois pa\u00edses para facilitar o interc\u00e2mbio comercial \"s\u00e3o bem-vindas\". Petry participou do encontro empresarial na segunda-feira, 23, em Buenos Aires, \u201cO Brasil precisa ser protagonista na Am\u00e9rica Latina,\u2026","rel":"","context":"Em &quot;Geral-MAT\u00c9RIA&quot;","block_context":{"text":"Geral-MAT\u00c9RIA","link":"https:\/\/www.jornalja.com.br\/geral\/category\/geral\/"},"img":{"alt_text":"","src":"https:\/\/i0.wp.com\/www.jornalja.com.br\/geral\/wp-content\/uploads\/sites\/4\/2023\/01\/fiergs-apoia-aproximacao-com-argentina-scaled.jpg?resize=350%2C200&ssl=1","width":350,"height":200,"srcset":"https:\/\/i0.wp.com\/www.jornalja.com.br\/geral\/wp-content\/uploads\/sites\/4\/2023\/01\/fiergs-apoia-aproximacao-com-argentina-scaled.jpg?resize=350%2C200&ssl=1 1x, https:\/\/i0.wp.com\/www.jornalja.com.br\/geral\/wp-content\/uploads\/sites\/4\/2023\/01\/fiergs-apoia-aproximacao-com-argentina-scaled.jpg?resize=525%2C300&ssl=1 1.5x, https:\/\/i0.wp.com\/www.jornalja.com.br\/geral\/wp-content\/uploads\/sites\/4\/2023\/01\/fiergs-apoia-aproximacao-com-argentina-scaled.jpg?resize=700%2C400&ssl=1 2x, https:\/\/i0.wp.com\/www.jornalja.com.br\/geral\/wp-content\/uploads\/sites\/4\/2023\/01\/fiergs-apoia-aproximacao-com-argentina-scaled.jpg?resize=1050%2C600&ssl=1 3x, https:\/\/i0.wp.com\/www.jornalja.com.br\/geral\/wp-content\/uploads\/sites\/4\/2023\/01\/fiergs-apoia-aproximacao-com-argentina-scaled.jpg?resize=1400%2C800&ssl=1 4x"},"classes":[]}],"jetpack_sharing_enabled":true,"_links":{"self":[{"href":"https:\/\/www.jornalja.com.br\/geral\/wp-json\/wp\/v2\/posts\/100627","targetHints":{"allow":["GET"]}}],"collection":[{"href":"https:\/\/www.jornalja.com.br\/geral\/wp-json\/wp\/v2\/posts"}],"about":[{"href":"https:\/\/www.jornalja.com.br\/geral\/wp-json\/wp\/v2\/types\/post"}],"author":[{"embeddable":true,"href":"https:\/\/www.jornalja.com.br\/geral\/wp-json\/wp\/v2\/users\/4"}],"replies":[{"embeddable":true,"href":"https:\/\/www.jornalja.com.br\/geral\/wp-json\/wp\/v2\/comments?post=100627"}],"version-history":[{"count":4,"href":"https:\/\/www.jornalja.com.br\/geral\/wp-json\/wp\/v2\/posts\/100627\/revisions"}],"predecessor-version":[{"id":100633,"href":"https:\/\/www.jornalja.com.br\/geral\/wp-json\/wp\/v2\/posts\/100627\/revisions\/100633"}],"wp:featuredmedia":[{"embeddable":true,"href":"https:\/\/www.jornalja.com.br\/geral\/wp-json\/wp\/v2\/media\/100629"}],"wp:attachment":[{"href":"https:\/\/www.jornalja.com.br\/geral\/wp-json\/wp\/v2\/media?parent=100627"}],"wp:term":[{"taxonomy":"category","embeddable":true,"href":"https:\/\/www.jornalja.com.br\/geral\/wp-json\/wp\/v2\/categories?post=100627"},{"taxonomy":"post_tag","embeddable":true,"href":"https:\/\/www.jornalja.com.br\/geral\/wp-json\/wp\/v2\/tags?post=100627"}],"curies":[{"name":"wp","href":"https:\/\/api.w.org\/{rel}","templated":true}]}}