{"id":100634,"date":"2026-01-20T11:22:18","date_gmt":"2026-01-20T14:22:18","guid":{"rendered":"https:\/\/www.jornalja.com.br\/geral\/?p=100634"},"modified":"2026-01-20T11:22:34","modified_gmt":"2026-01-20T14:22:34","slug":"pesquisa-mostra-queda-no-preco-da-cesta-basica-em-todas-as-capitais-no-segundo-semestre","status":"publish","type":"post","link":"https:\/\/www.jornalja.com.br\/geral\/pesquisa-mostra-queda-no-preco-da-cesta-basica-em-todas-as-capitais-no-segundo-semestre\/","title":{"rendered":"Pesquisa mostra queda no pre\u00e7o da cesta b\u00e1sica em todas as capitais no segundo semestre"},"content":{"rendered":"<p>O pre\u00e7o da cesta b\u00e1sica de alimentos caiu em todas as 27 capitais brasileiras no acumulado do \u00faltimo semestre de 2025. As\u00a0 quedas oscilaram entre -9,08%, em Boa Vista (RR,) e -1,56%, em Belo Horizonte (MG).<\/p>\n<p>Os dados, divulgados nesta ter\u00e7a-feira (20), s\u00e3o do\u00a0 Departamento Intersindical de Estat\u00edstica e Estudos Socioecon\u00f4micos (Dieese) e da Companhia Nacional de Abastecimento (Conab).<\/p>\n<p>Desde julho de 2025, a pesquisa engloba todas as 27 capitais do pa\u00eds. Anteriormente, o levantamento era feito apenas em 17.<\/p>\n<p>Campe\u00e3 em queda de pre\u00e7o entre as capitais, Boa Vista (RR) teve a redu\u00e7\u00e3o de -9,08% no valor da cesta b\u00e1sica no \u00faltimo semestre do ano passado, com o pre\u00e7o passando de R$ 712,83 em julho de 2025, para R$ 652,1,4 em dezembro \u2013\u00a0 R$ 60,69 menor.<\/p>\n<p>A segunda capital com maior queda no per\u00edodo foi Manaus (AM), com diminui\u00e7\u00e3o de -8,12% no pre\u00e7o da cesta, de R$ 674,78 para R$ 620,42, ou seja, custo R$ 54,36 a menos.<\/p>\n<p>Fortaleza (CE) ocupa o terceiro lugar em diminui\u00e7\u00e3o do pre\u00e7o do conjunto de alimentos essenciais: queda de -7,90%, passando de R$ 738,09, em julho, para R$ 677, em dezembro, R$ 61,09 mais barata.<\/p>\n<p>As capitais que tiveram menores baixas foram Belo Horizonte (MG), Macap\u00e1 (AP) e Campo Grande (MS) com quedas de -1,56%, -2,10% e -2,16%, respectivamente, no acumulado do per\u00edodo.<\/p>\n<p>Por regi\u00f5es, Boa Vista (RR) lidera o cen\u00e1rio de baixa de pre\u00e7os n\u00e3o s\u00f3 nacionalmente, mas tamb\u00e9m no Norte, assim como Fortaleza (CE), ocupa n\u00e3o somente o terceiro lugar geral, mas tamb\u00e9m \u00e9 campe\u00e3 no Nordeste do pa\u00eds.<\/p>\n<p>No Centro-Oeste, Bras\u00edlia (DF), \u00e9 a recordista em decl\u00ednio de pre\u00e7o da cesta no per\u00edodo, com varia\u00e7\u00e3o de -7,65% nos \u00faltimos seis meses de 2025.<\/p>\n<p>No Sul, a capital mais bem colocada \u00e9 Florian\u00f3polis (SC), que teve redu\u00e7\u00e3o de -7,67% no valor do conjunto de produtos. Vit\u00f3ria (ES) \u00e9 a capital vencedora no Sudeste do pa\u00eds, com redu\u00e7\u00e3o de -7,05% no pre\u00e7o da cesta b\u00e1sica de alimentos de julho a dezembro do ano passado..<\/p>\n<p>Segundo o presidente da Conab, Edegar Pretto, o resultado dos \u00faltimos seis meses de 2025 demonstram que a pol\u00edtica agr\u00edcola do Brasil est\u00e1 no caminho certo.<\/p>\n<p>\u201cEstamos comemorando porque essa queda generalizada \u00e9 fruto dos investimentos que o governo federal vem fazendo no setor agropecu\u00e1rio brasileiro, aumentando a produ\u00e7\u00e3o de alimentos para o consumo interno nacional\u201d.<br \/>\nEle destacou os planos Safra dos \u00faltimos tr\u00eas anos, tanto o empresarial quanto o da Agricultura Familiar.<\/p>\n<p>\u201cJ\u00e1 s\u00e3o tr\u00eas anos que ambos t\u00eam valores recordes, n\u00e3o faltando recursos para o financiamento agr\u00edcola, e com juros subsidiados\u201d.<br \/>\n<strong>\u00a0(Com Ag\u00eancia Brasil)<\/strong><\/p>\n","protected":false},"excerpt":{"rendered":"<p>O pre\u00e7o da cesta b\u00e1sica de alimentos caiu em todas as 27 capitais brasileiras no acumulado do \u00faltimo semestre de 2025. As\u00a0 quedas oscilaram entre -9,08%, em Boa Vista (RR,) e -1,56%, em Belo Horizonte (MG). Os dados, divulgados nesta ter\u00e7a-feira (20), s\u00e3o do\u00a0 Departamento Intersindical de Estat\u00edstica e Estudos Socioecon\u00f4micos (Dieese) e da Companhia [&hellip;]<\/p>\n","protected":false},"author":4,"featured_media":100635,"comment_status":"closed","ping_status":"open","sticky":false,"template":"","format":"standard","meta":{"jetpack_post_was_ever_published":false,"_jetpack_newsletter_access":"","_jetpack_dont_email_post_to_subs":false,"_jetpack_newsletter_tier_id":0,"_jetpack_memberships_contains_paywalled_content":false,"_jetpack_memberships_contains_paid_content":false,"footnotes":"","jetpack_publicize_message":"","jetpack_publicize_feature_enabled":true,"jetpack_social_post_already_shared":true,"jetpack_social_options":{"image_generator_settings":{"template":"highway","default_image_id":0,"font":"","enabled":false},"version":2}},"categories":[12],"tags":[],"class_list":["post-100634","post","type-post","status-publish","format-standard","has-post-thumbnail","hentry","category-manchete-do-site"],"aioseo_notices":[],"jetpack_publicize_connections":[],"jetpack_featured_media_url":"https:\/\/www.jornalja.com.br\/geral\/wp-content\/uploads\/sites\/4\/2026\/01\/cesta-basica.jpg","jetpack_shortlink":"https:\/\/wp.me\/pbKhrD-qb8","jetpack-related-posts":[{"id":99772,"url":"https:\/\/www.jornalja.com.br\/geral\/pesquisa-registra-queda-no-preco-da-cesta-basica-em-24-capitais-em-agosto\/","url_meta":{"origin":100634,"position":0},"title":"Pesquisa registra queda no pre\u00e7o da cesta b\u00e1sica em 24 capitais em agosto","author":"da Reda\u00e7\u00e3o","date":"6 de setembro de 2025","format":false,"excerpt":"O pre\u00e7o da cesta de alimentos b\u00e1sicos caiu em 24 capitais no m\u00eas de agosto, na compara\u00e7\u00e3o com julho, de acordo com a Pesquisa Nacional, divulgada nesta sexta-feira (5), pelo Dieese. Em rela\u00e7\u00e3o a agosto de 2024, por\u00e9m, os pre\u00e7os ainda est\u00e3o acima em todas\u00a0 17 capitais onde a pesquisa\u2026","rel":"","context":"Em &quot;Geral-MAT\u00c9RIA&quot;","block_context":{"text":"Geral-MAT\u00c9RIA","link":"https:\/\/www.jornalja.com.br\/geral\/category\/geral\/"},"img":{"alt_text":"","src":"https:\/\/i0.wp.com\/www.jornalja.com.br\/geral\/wp-content\/uploads\/sites\/4\/2025\/09\/cesta-basica.jpg?resize=350%2C200&ssl=1","width":350,"height":200,"srcset":"https:\/\/i0.wp.com\/www.jornalja.com.br\/geral\/wp-content\/uploads\/sites\/4\/2025\/09\/cesta-basica.jpg?resize=350%2C200&ssl=1 1x, https:\/\/i0.wp.com\/www.jornalja.com.br\/geral\/wp-content\/uploads\/sites\/4\/2025\/09\/cesta-basica.jpg?resize=525%2C300&ssl=1 1.5x, https:\/\/i0.wp.com\/www.jornalja.com.br\/geral\/wp-content\/uploads\/sites\/4\/2025\/09\/cesta-basica.jpg?resize=700%2C400&ssl=1 2x"},"classes":[]},{"id":87149,"url":"https:\/\/www.jornalja.com.br\/geral\/cesta-basica-aumenta-em-13-capitais\/","url_meta":{"origin":100634,"position":1},"title":"Cesta b\u00e1sica aumenta em 13 capitais","author":"da Reda\u00e7\u00e3o","date":"9 de fevereiro de 2021","format":false,"excerpt":"O\u00a0pre\u00e7o da cesta b\u00e1sica aumentou em janeiro em 13 das 17 capitais brasileiras que s\u00e3o analisadas na Pesquisa Nacional da Cesta B\u00e1sica de Alimentos, realizada mensalmente pelo Departamento Intersindical de Estat\u00edstica e Estudos Socioecon\u00f4micos (Dieese). A maior alta foi registrada em Florian\u00f3polis (5,82%), seguida por Belo Horizonte (4,17%) e Vit\u00f3ria\u2026","rel":"","context":"Em &quot;Geral-NOTAS&quot;","block_context":{"text":"Geral-NOTAS","link":"https:\/\/www.jornalja.com.br\/geral\/category\/geral-notas\/"},"img":{"alt_text":"","src":"","width":0,"height":0},"classes":[]},{"id":86793,"url":"https:\/\/www.jornalja.com.br\/geral\/protesto-na-esplanada-contra-o-fim-do-auxilio-emergencial-a-fome-ronda-as-favelas\/","url_meta":{"origin":100634,"position":2},"title":"Protesto na Esplanada contra o fim do aux\u00edlio emergencial: &#8220;A fome ronda as favelas&#8221;","author":"da Reda\u00e7\u00e3o","date":"9 de dezembro de 2020","format":false,"excerpt":"Um protesto vai montar barracos e uma mesa de cinco metros cheia de pratos vazios na Esplanada dos Minist\u00e9rios, nesta quarta-feira. A iniciativa \u00e9 da ong \u201cRio de Paz\u201d e o objetivo \u00e9 chamar a aten\u00e7\u00e3o para a situa\u00e7\u00e3o em que v\u00e3o ficar as pessoas que deixam de receber o\u2026","rel":"","context":"Em &quot;Geral-MAT\u00c9RIA&quot;","block_context":{"text":"Geral-MAT\u00c9RIA","link":"https:\/\/www.jornalja.com.br\/geral\/category\/geral\/"},"img":{"alt_text":"","src":"https:\/\/i0.wp.com\/www.jornalja.com.br\/geral\/wp-content\/uploads\/sites\/4\/2020\/12\/fome-nas-favelas.jpg?resize=350%2C200&ssl=1","width":350,"height":200,"srcset":"https:\/\/i0.wp.com\/www.jornalja.com.br\/geral\/wp-content\/uploads\/sites\/4\/2020\/12\/fome-nas-favelas.jpg?resize=350%2C200&ssl=1 1x, https:\/\/i0.wp.com\/www.jornalja.com.br\/geral\/wp-content\/uploads\/sites\/4\/2020\/12\/fome-nas-favelas.jpg?resize=525%2C300&ssl=1 1.5x, https:\/\/i0.wp.com\/www.jornalja.com.br\/geral\/wp-content\/uploads\/sites\/4\/2020\/12\/fome-nas-favelas.jpg?resize=700%2C400&ssl=1 2x, https:\/\/i0.wp.com\/www.jornalja.com.br\/geral\/wp-content\/uploads\/sites\/4\/2020\/12\/fome-nas-favelas.jpg?resize=1050%2C600&ssl=1 3x"},"classes":[]},{"id":95774,"url":"https:\/\/www.jornalja.com.br\/geral\/inflacao-cai-pelo-4-mes-consecutivo-e-teve-taxa-negativa-em-junho\/","url_meta":{"origin":100634,"position":3},"title":"Em queda pelo 4\u00b0 m\u00eas consecutivo, infla\u00e7\u00e3o teve taxa negativa em junho","author":"da Reda\u00e7\u00e3o","date":"11 de julho de 2023","format":false,"excerpt":"A infla\u00e7\u00e3o oficial - calculada pelo IBGE (Instituto Brasileiro de Geografia e Estat\u00edstica) - ficou em -0,08%. \u00c9 a primeira vez no ano que a infla\u00e7\u00e3o fica abaixo de zero. Esse \u00e9 tamb\u00e9m o menor resultado do \u00cdndice Nacional de Pre\u00e7os ao Consumidor Amplo (IPCA \u2013 a infla\u00e7\u00e3o oficial do\u2026","rel":"","context":"Em &quot;Geral-MAT\u00c9RIA&quot;","block_context":{"text":"Geral-MAT\u00c9RIA","link":"https:\/\/www.jornalja.com.br\/geral\/category\/geral\/"},"img":{"alt_text":"","src":"https:\/\/i0.wp.com\/www.jornalja.com.br\/geral\/wp-content\/uploads\/sites\/4\/2023\/07\/governo-lula-inflacao.jpg?resize=350%2C200&ssl=1","width":350,"height":200,"srcset":"https:\/\/i0.wp.com\/www.jornalja.com.br\/geral\/wp-content\/uploads\/sites\/4\/2023\/07\/governo-lula-inflacao.jpg?resize=350%2C200&ssl=1 1x, https:\/\/i0.wp.com\/www.jornalja.com.br\/geral\/wp-content\/uploads\/sites\/4\/2023\/07\/governo-lula-inflacao.jpg?resize=525%2C300&ssl=1 1.5x, https:\/\/i0.wp.com\/www.jornalja.com.br\/geral\/wp-content\/uploads\/sites\/4\/2023\/07\/governo-lula-inflacao.jpg?resize=700%2C400&ssl=1 2x, https:\/\/i0.wp.com\/www.jornalja.com.br\/geral\/wp-content\/uploads\/sites\/4\/2023\/07\/governo-lula-inflacao.jpg?resize=1050%2C600&ssl=1 3x"},"classes":[]},{"id":93356,"url":"https:\/\/www.jornalja.com.br\/geral\/endividamento-recorde-atinge-78-dos-lares-brasileiros\/","url_meta":{"origin":100634,"position":4},"title":"Endividamento recorde atinge 78% dos lares brasileiros","author":"da Reda\u00e7\u00e3o","date":"8 de agosto de 2022","format":false,"excerpt":"O percentual de fam\u00edlias com d\u00edvidas a vencer cresceu 0,7 ponto percentual em julho, atingindo a marca recorde de 78% dos lares brasileiros. O aumento em rela\u00e7\u00e3o a julho de 2021 foi de 6,6 pontos percentuais. Os dados s\u00e3o da Pesquisa de Endividamento e Inadimpl\u00eancia do Consumidor (Peic), divulgada hoje\u2026","rel":"","context":"Em &quot;materiasecundaria&quot;","block_context":{"text":"materiasecundaria","link":"https:\/\/www.jornalja.com.br\/geral\/category\/materiasecundaria\/"},"img":{"alt_text":"","src":"https:\/\/i0.wp.com\/www.jornalja.com.br\/geral\/wp-content\/uploads\/sites\/4\/2022\/08\/endividamento-marcelo-casal-jr-ab.jpg?resize=350%2C200&ssl=1","width":350,"height":200,"srcset":"https:\/\/i0.wp.com\/www.jornalja.com.br\/geral\/wp-content\/uploads\/sites\/4\/2022\/08\/endividamento-marcelo-casal-jr-ab.jpg?resize=350%2C200&ssl=1 1x, https:\/\/i0.wp.com\/www.jornalja.com.br\/geral\/wp-content\/uploads\/sites\/4\/2022\/08\/endividamento-marcelo-casal-jr-ab.jpg?resize=525%2C300&ssl=1 1.5x, https:\/\/i0.wp.com\/www.jornalja.com.br\/geral\/wp-content\/uploads\/sites\/4\/2022\/08\/endividamento-marcelo-casal-jr-ab.jpg?resize=700%2C400&ssl=1 2x, https:\/\/i0.wp.com\/www.jornalja.com.br\/geral\/wp-content\/uploads\/sites\/4\/2022\/08\/endividamento-marcelo-casal-jr-ab.jpg?resize=1050%2C600&ssl=1 3x"},"classes":[]},{"id":85692,"url":"https:\/\/www.jornalja.com.br\/geral\/a-fome-nao-espera-campanha-arrecada-doacoes-para-distribuir-cestas-basicas\/","url_meta":{"origin":100634,"position":5},"title":"A fome n\u00e3o espera: campanha arrecada doa\u00e7\u00f5es para distribuir cestas b\u00e1sicas","author":"da Reda\u00e7\u00e3o","date":"16 de setembro de 2020","format":false,"excerpt":"O Comit\u00ea em Defesa da Democracia e do Estado Democr\u00e1tico de Direito\u00a0 est\u00e1 realizando a campanha A fome n\u00e3o espera, para adquirir cestas b\u00e1sicas a serem destinadas a comunidades em situa\u00e7\u00e3o social prec\u00e1ria durante a pandemia do coronav\u00edrus. Desde mar\u00e7o, cestas b\u00e1sicas v\u00eam sendo entregues mensalmente a diferentes comunidades. Foram\u2026","rel":"","context":"Em &quot;Geral-MAT\u00c9RIA&quot;","block_context":{"text":"Geral-MAT\u00c9RIA","link":"https:\/\/www.jornalja.com.br\/geral\/category\/geral\/"},"img":{"alt_text":"","src":"https:\/\/i0.wp.com\/www.jornalja.com.br\/geral\/wp-content\/uploads\/sites\/4\/2020\/09\/fome-comite.jpg?resize=350%2C200&ssl=1","width":350,"height":200,"srcset":"https:\/\/i0.wp.com\/www.jornalja.com.br\/geral\/wp-content\/uploads\/sites\/4\/2020\/09\/fome-comite.jpg?resize=350%2C200&ssl=1 1x, https:\/\/i0.wp.com\/www.jornalja.com.br\/geral\/wp-content\/uploads\/sites\/4\/2020\/09\/fome-comite.jpg?resize=525%2C300&ssl=1 1.5x"},"classes":[]}],"jetpack_sharing_enabled":true,"_links":{"self":[{"href":"https:\/\/www.jornalja.com.br\/geral\/wp-json\/wp\/v2\/posts\/100634","targetHints":{"allow":["GET"]}}],"collection":[{"href":"https:\/\/www.jornalja.com.br\/geral\/wp-json\/wp\/v2\/posts"}],"about":[{"href":"https:\/\/www.jornalja.com.br\/geral\/wp-json\/wp\/v2\/types\/post"}],"author":[{"embeddable":true,"href":"https:\/\/www.jornalja.com.br\/geral\/wp-json\/wp\/v2\/users\/4"}],"replies":[{"embeddable":true,"href":"https:\/\/www.jornalja.com.br\/geral\/wp-json\/wp\/v2\/comments?post=100634"}],"version-history":[{"count":1,"href":"https:\/\/www.jornalja.com.br\/geral\/wp-json\/wp\/v2\/posts\/100634\/revisions"}],"predecessor-version":[{"id":100636,"href":"https:\/\/www.jornalja.com.br\/geral\/wp-json\/wp\/v2\/posts\/100634\/revisions\/100636"}],"wp:featuredmedia":[{"embeddable":true,"href":"https:\/\/www.jornalja.com.br\/geral\/wp-json\/wp\/v2\/media\/100635"}],"wp:attachment":[{"href":"https:\/\/www.jornalja.com.br\/geral\/wp-json\/wp\/v2\/media?parent=100634"}],"wp:term":[{"taxonomy":"category","embeddable":true,"href":"https:\/\/www.jornalja.com.br\/geral\/wp-json\/wp\/v2\/categories?post=100634"},{"taxonomy":"post_tag","embeddable":true,"href":"https:\/\/www.jornalja.com.br\/geral\/wp-json\/wp\/v2\/tags?post=100634"}],"curies":[{"name":"wp","href":"https:\/\/api.w.org\/{rel}","templated":true}]}}