{"id":100646,"date":"2026-01-26T17:11:18","date_gmt":"2026-01-26T20:11:18","guid":{"rendered":"https:\/\/www.jornalja.com.br\/geral\/?p=100646"},"modified":"2026-01-28T16:29:00","modified_gmt":"2026-01-28T19:29:00","slug":"corrida-aos-consignados-causa-colapso-no-sistema-do-meu-inss-em-porto-alegre-houve-tumulto","status":"publish","type":"post","link":"https:\/\/www.jornalja.com.br\/geral\/corrida-aos-consignados-causa-colapso-no-sistema-do-meu-inss-em-porto-alegre-houve-tumulto\/","title":{"rendered":"Corrida aos consignados causa colapso no sistema do INSS; em Porto Alegre houve tumulto"},"content":{"rendered":"<p>\u00c0 v\u00e9spera de uma paralisa\u00e7\u00e3o programada para atualiza\u00e7\u00e3o do sistema, o INSS foi surpreendido com uma avalanche de acessos em busca de empr\u00e9stimos consignados.<\/p>\n<p>O presidente do INSS, Gilberto Waller,\u00a0 disse em entrevista \u00e0 Ga\u00facha que o aplicativo Meu INSS colapsou diante de uma demanda seis vezes maior nos \u00faltimos dias.<\/p>\n<p>Nesta segunda-feira, 26, em Porto Alegre, na ag\u00eancia central do INSS, onde h\u00e1 atendimento presencial, uma grande fila se formou desde cedo e houve tumulto quando as pessoas que estavam h\u00e1 horas sob sol quente foram informadas que o sistema havia ca\u00eddo, sem previs\u00e3o de retomar.\u00a0 A Brigada Militar foi chamada para conter os \u00e2nimos.<\/p>\n<p>Segundo o INSS, a situa\u00e7\u00e3o foi causada por um erro na divulga\u00e7\u00e3o de um mutir\u00e3o de atendimento, que n\u00e3o ocorreu na unidade central.<\/p>\n<p>O tumulto ficou restrito a Porto Alegre, mas a instabilidade digital \u00e9 nacional. A suspens\u00e3o tempor\u00e1ria de servi\u00e7os como bloqueio e desbloqueio de consignado afeta benefici\u00e1rios em todo o pa\u00eds.<br \/>\nO aplicativo Meu INSS e a Central 135 j\u00e1 apresentam falhas intermitentes nos \u00faltimos dias.<\/p>\n<p>A causa da corrida \u00e9 o aumento da margem consign\u00e1vel para aposentados e pensionistas do INSS com o reajuste salarial e a isen\u00e7\u00e3o do Imposto de Renda para quem ganha at\u00e9 R$ 5 mil.<\/p>\n<p>O sal\u00e1rio m\u00ednimo foi reajustado para R$ 1.621,00, representando um aumento de 6,79% em rela\u00e7\u00e3o ao ano anterior. Benef\u00edcios acima do m\u00ednimo tiveram um reajuste de 3,90%, elevando o teto do INSS para R$ 8.475,55.<\/p>\n<p>A isen\u00e7\u00e3o do Imposto de Renda at\u00e9 R$ 5.000, a partir de 1\u00ba de janeiro, aumenta o valor l\u00edquido do benef\u00edcio e amplia diretamente a capacidade de cr\u00e9dito para milh\u00f5es de segurados que antes tinham imposto\u00a0 retido na fonte.<\/p>\n<p>Com o novo piso, a margem de 35% destinada a empr\u00e9stimos subiu para R$ 567,35.<br \/>\nA nova margem come\u00e7ou a ser liberada ap\u00f3s o processamento da folha de pagamento de janeiro de 2026 na semana passada.<\/p>\n<p>Al\u00e9m da pane moment\u00e2nea, o INSS confirmou que o sistema passar\u00e1 por uma paralisa\u00e7\u00e3o programada para moderniza\u00e7\u00e3o a partir desta ter\u00e7a-feira (27\/01), \u00e0s 19h, com retorno previsto apenas para 2 de fevereiro.<br \/>\nO atendimento presencial ser\u00e1 suspenso em todo o Brasil de 28 a 30 de janeiro para a atualiza\u00e7\u00e3o dos sistemas.<\/p>\n<p>&nbsp;<\/p>\n","protected":false},"excerpt":{"rendered":"<p>\u00c0 v\u00e9spera de uma paralisa\u00e7\u00e3o programada para atualiza\u00e7\u00e3o do sistema, o INSS foi surpreendido com uma avalanche de acessos em busca de empr\u00e9stimos consignados. O presidente do INSS, Gilberto Waller,\u00a0 disse em entrevista \u00e0 Ga\u00facha que o aplicativo Meu INSS colapsou diante de uma demanda seis vezes maior nos \u00faltimos dias. Nesta segunda-feira, 26, em [&hellip;]<\/p>\n","protected":false},"author":5,"featured_media":100648,"comment_status":"closed","ping_status":"open","sticky":false,"template":"","format":"standard","meta":{"jetpack_post_was_ever_published":false,"_jetpack_newsletter_access":"","_jetpack_dont_email_post_to_subs":false,"_jetpack_newsletter_tier_id":0,"_jetpack_memberships_contains_paywalled_content":false,"_jetpack_memberships_contains_paid_content":false,"footnotes":"","jetpack_publicize_message":"","jetpack_publicize_feature_enabled":true,"jetpack_social_post_already_shared":true,"jetpack_social_options":{"image_generator_settings":{"template":"highway","default_image_id":0,"font":"","enabled":false},"version":2}},"categories":[12],"tags":[],"class_list":["post-100646","post","type-post","status-publish","format-standard","has-post-thumbnail","hentry","category-manchete-do-site"],"aioseo_notices":[],"jetpack_publicize_connections":[],"jetpack_featured_media_url":"https:\/\/www.jornalja.com.br\/geral\/wp-content\/uploads\/sites\/4\/2026\/01\/inss-consignados-demanda.png","jetpack_shortlink":"https:\/\/wp.me\/pbKhrD-qbk","jetpack-related-posts":[{"id":85684,"url":"https:\/\/www.jornalja.com.br\/geral\/divergencias-entre-inss-e-medicos-peritos-penaliza-segurados\/","url_meta":{"origin":100646,"position":0},"title":"Diverg\u00eancias entre INSS e m\u00e9dicos peritos penaliza segurados","author":"da Reda\u00e7\u00e3o","date":"16 de setembro de 2020","format":false,"excerpt":"Depois de quase seis meses com atendimento restrito por causa da pandemia, a retomada dos servi\u00e7os presenciais, anunciada pelo INSS na segunda-feira, apresenta o problemas por todo o pais. M\u00e9dicos se recusam a voltar aos postos, alegando que n\u00e3o h\u00e1 condi\u00e7\u00f5es para o trabalho com seguran\u00e7a. Eles acusam o INSS\u2026","rel":"","context":"Em &quot;Geral-NOTAS&quot;","block_context":{"text":"Geral-NOTAS","link":"https:\/\/www.jornalja.com.br\/geral\/category\/geral-notas\/"},"img":{"alt_text":"","src":"","width":0,"height":0},"classes":[]},{"id":91707,"url":"https:\/\/www.jornalja.com.br\/geral\/agora-ate-comprovante-de-consignado-serve-como-prova-de-vida-para-o-inss\/","url_meta":{"origin":100646,"position":1},"title":"Novas regras: comprovante de consignado j\u00e1 serve como prova de vida para o INSS","author":"da Reda\u00e7\u00e3o","date":"3 de fevereiro de 2022","format":false,"excerpt":"O Minist\u00e9rio do Trabalho e Previd\u00eancia publicou, no\u00a0Di\u00e1rio Oficial da Uni\u00e3o\u00a0de\u00a0hoje\u00a0(3), portaria que disciplina os procedimentos a serem adotados para a comprova\u00e7\u00e3o de vida anual dos benefici\u00e1rios do Instituto Nacional do Seguro Social (INSS). A\u00a0Portaria n\u00ba 1.408\u00a0apresenta algumas situa\u00e7\u00f5es (atos, meios, informa\u00e7\u00f5es ou bases de dados) que passar\u00e3o a ser\u2026","rel":"","context":"Em &quot;Geral-MAT\u00c9RIA&quot;","block_context":{"text":"Geral-MAT\u00c9RIA","link":"https:\/\/www.jornalja.com.br\/geral\/category\/geral\/"},"img":{"alt_text":"","src":"https:\/\/i0.wp.com\/www.jornalja.com.br\/geral\/wp-content\/uploads\/sites\/4\/2022\/02\/inss-foto-tomaz-silva-agencia-brasil.jpg?resize=350%2C200&ssl=1","width":350,"height":200,"srcset":"https:\/\/i0.wp.com\/www.jornalja.com.br\/geral\/wp-content\/uploads\/sites\/4\/2022\/02\/inss-foto-tomaz-silva-agencia-brasil.jpg?resize=350%2C200&ssl=1 1x, https:\/\/i0.wp.com\/www.jornalja.com.br\/geral\/wp-content\/uploads\/sites\/4\/2022\/02\/inss-foto-tomaz-silva-agencia-brasil.jpg?resize=525%2C300&ssl=1 1.5x, https:\/\/i0.wp.com\/www.jornalja.com.br\/geral\/wp-content\/uploads\/sites\/4\/2022\/02\/inss-foto-tomaz-silva-agencia-brasil.jpg?resize=700%2C400&ssl=1 2x, https:\/\/i0.wp.com\/www.jornalja.com.br\/geral\/wp-content\/uploads\/sites\/4\/2022\/02\/inss-foto-tomaz-silva-agencia-brasil.jpg?resize=1050%2C600&ssl=1 3x"},"classes":[]},{"id":99142,"url":"https:\/\/www.jornalja.com.br\/geral\/operacao-da-policia-em-porto-alegre-aponta-para-outro-golpe-bilionario-contra-aposentados\/","url_meta":{"origin":100646,"position":2},"title":"Opera\u00e7\u00e3o da pol\u00edcia em Porto Alegre aponta para outro golpe bilion\u00e1rio contra aposentados","author":"da Reda\u00e7\u00e3o","date":"3 de junho de 2025","format":false,"excerpt":"A opera\u00e7\u00e3o da Pol\u00edcia Civil nesta ter\u00e7a feira, 03\/06, em\u00a0 Porto Alegre, teve como foco as fraudes do advogado Daniel Nardon, que est\u00e1 preso desde 15 de maio acusado de lesar clientes, num esquema de \"advocacia predat\u00f3ria\". Al\u00e9m dele, outras 13 pessoas est\u00e3o indiciadas nos crimes de estelionato, falsidade ideol\u00f3gica,\u2026","rel":"","context":"Em &quot;Geral-MAT\u00c9RIA&quot;","block_context":{"text":"Geral-MAT\u00c9RIA","link":"https:\/\/www.jornalja.com.br\/geral\/category\/geral\/"},"img":{"alt_text":"","src":"https:\/\/i0.wp.com\/www.jornalja.com.br\/geral\/wp-content\/uploads\/sites\/4\/2025\/06\/policia-civil-caso-nardon.png?resize=350%2C200&ssl=1","width":350,"height":200,"srcset":"https:\/\/i0.wp.com\/www.jornalja.com.br\/geral\/wp-content\/uploads\/sites\/4\/2025\/06\/policia-civil-caso-nardon.png?resize=350%2C200&ssl=1 1x, https:\/\/i0.wp.com\/www.jornalja.com.br\/geral\/wp-content\/uploads\/sites\/4\/2025\/06\/policia-civil-caso-nardon.png?resize=525%2C300&ssl=1 1.5x"},"classes":[]},{"id":98913,"url":"https:\/\/www.jornalja.com.br\/geral\/fraudes-no-inss-universidade-da-felicidade-enfrenta-mais-de-4-mil-acoes-na-justica\/","url_meta":{"origin":100646,"position":3},"title":"Fraudes no INSS: quatro mil a\u00e7\u00f5es na Justi\u00e7a por descontos da &#8220;Universidade da Felicidade&#8221;","author":"da Reda\u00e7\u00e3o","date":"9 de maio de 2025","format":false,"excerpt":"M\u00e1rcia Turcato A Associa\u00e7\u00e3o Brasileira de Aposentados e Pensionistas (ABRAPPS), que se diz \"voltada ao atendimento de aposentados\" e, em seu portal,\u00a0 tem o nome fantasia de \"Universidade da Felicidade\" (www.abrapps.org.br), exibe uma lista de atividades que oferece a esse p\u00fablico. No entanto, n\u00e3o informa quem s\u00e3o os gestores da\u2026","rel":"","context":"Em &quot;Geral-MAT\u00c9RIA&quot;","block_context":{"text":"Geral-MAT\u00c9RIA","link":"https:\/\/www.jornalja.com.br\/geral\/category\/geral\/"},"img":{"alt_text":"","src":"","width":0,"height":0},"classes":[]},{"id":100251,"url":"https:\/\/www.jornalja.com.br\/geral\/evento-na-redencao-marca-os-30-anos-do-samu-em-porto-alegre\/","url_meta":{"origin":100646,"position":4},"title":"Evento na Reden\u00e7\u00e3o marca os 30  anos do SAMU em Porto Alegre","author":"Elmar Bones","date":"20 de novembro de 2025","format":false,"excerpt":"O Servi\u00e7o de Atendimento M\u00f3vel de Urg\u00eancia (Samu) de Porto Alegre \u00e9 pioneiro no pa\u00eds e refer\u00eancia nacional h\u00e1 30 anos. O anivers\u00e1rio foi marcado esta semana por um Simp\u00f3sio sobre Atendimento Pr\u00e9-Hospitalar, com mesas-redondas, palestras e pain\u00e9is, no anfiteatro do Hospital de Cl\u00ednicas de Porto Alegre. Participaram profissionais de\u2026","rel":"","context":"Em &quot;Geral-MAT\u00c9RIA&quot;","block_context":{"text":"Geral-MAT\u00c9RIA","link":"https:\/\/www.jornalja.com.br\/geral\/category\/geral\/"},"img":{"alt_text":"","src":"https:\/\/i0.wp.com\/www.jornalja.com.br\/geral\/wp-content\/uploads\/sites\/4\/2025\/11\/samu.jpg?resize=350%2C200&ssl=1","width":350,"height":200,"srcset":"https:\/\/i0.wp.com\/www.jornalja.com.br\/geral\/wp-content\/uploads\/sites\/4\/2025\/11\/samu.jpg?resize=350%2C200&ssl=1 1x, https:\/\/i0.wp.com\/www.jornalja.com.br\/geral\/wp-content\/uploads\/sites\/4\/2025\/11\/samu.jpg?resize=525%2C300&ssl=1 1.5x, https:\/\/i0.wp.com\/www.jornalja.com.br\/geral\/wp-content\/uploads\/sites\/4\/2025\/11\/samu.jpg?resize=700%2C400&ssl=1 2x"},"classes":[]},{"id":101078,"url":"https:\/\/www.jornalja.com.br\/geral\/como-foi-costurado-o-acordo-que-fez-o-pt-apoiar-juliana-brizola\/","url_meta":{"origin":100646,"position":5},"title":"Como foi costurado o acordo que fez o PT apoiar Juliana Brizola","author":"da Reda\u00e7\u00e3o","date":"17 de abril de 2026","format":false,"excerpt":"O PDT foi o partido que mais perdeu representantes na \u201cjanela partid\u00e1ria\u201d que fechou em 3 de abril. Tinha tr\u00eas senadores, ficou com dois. Tinha 17 deputados federais, caiu para 11. Perdeu tamb\u00e9m 9 dos 43 deputados estaduais que elegeu em 2022. No \u00e2mbito municipal, o PDT tem prefeitos em\u2026","rel":"","context":"Em &quot;Geral-MAT\u00c9RIA&quot;","block_context":{"text":"Geral-MAT\u00c9RIA","link":"https:\/\/www.jornalja.com.br\/geral\/category\/geral\/"},"img":{"alt_text":"","src":"https:\/\/www.jornalja.com.br\/geral\/wp-content\/uploads\/sites\/4\/2026\/04\/pdt-lupi-juliana-e-lula.avif","width":350,"height":200,"srcset":"https:\/\/www.jornalja.com.br\/geral\/wp-content\/uploads\/sites\/4\/2026\/04\/pdt-lupi-juliana-e-lula.avif 1x, https:\/\/www.jornalja.com.br\/geral\/wp-content\/uploads\/sites\/4\/2026\/04\/pdt-lupi-juliana-e-lula.avif 1.5x, https:\/\/www.jornalja.com.br\/geral\/wp-content\/uploads\/sites\/4\/2026\/04\/pdt-lupi-juliana-e-lula.avif 2x"},"classes":[]}],"jetpack_sharing_enabled":true,"_links":{"self":[{"href":"https:\/\/www.jornalja.com.br\/geral\/wp-json\/wp\/v2\/posts\/100646","targetHints":{"allow":["GET"]}}],"collection":[{"href":"https:\/\/www.jornalja.com.br\/geral\/wp-json\/wp\/v2\/posts"}],"about":[{"href":"https:\/\/www.jornalja.com.br\/geral\/wp-json\/wp\/v2\/types\/post"}],"author":[{"embeddable":true,"href":"https:\/\/www.jornalja.com.br\/geral\/wp-json\/wp\/v2\/users\/5"}],"replies":[{"embeddable":true,"href":"https:\/\/www.jornalja.com.br\/geral\/wp-json\/wp\/v2\/comments?post=100646"}],"version-history":[{"count":6,"href":"https:\/\/www.jornalja.com.br\/geral\/wp-json\/wp\/v2\/posts\/100646\/revisions"}],"predecessor-version":[{"id":100655,"href":"https:\/\/www.jornalja.com.br\/geral\/wp-json\/wp\/v2\/posts\/100646\/revisions\/100655"}],"wp:featuredmedia":[{"embeddable":true,"href":"https:\/\/www.jornalja.com.br\/geral\/wp-json\/wp\/v2\/media\/100648"}],"wp:attachment":[{"href":"https:\/\/www.jornalja.com.br\/geral\/wp-json\/wp\/v2\/media?parent=100646"}],"wp:term":[{"taxonomy":"category","embeddable":true,"href":"https:\/\/www.jornalja.com.br\/geral\/wp-json\/wp\/v2\/categories?post=100646"},{"taxonomy":"post_tag","embeddable":true,"href":"https:\/\/www.jornalja.com.br\/geral\/wp-json\/wp\/v2\/tags?post=100646"}],"curies":[{"name":"wp","href":"https:\/\/api.w.org\/{rel}","templated":true}]}}