{"id":100941,"date":"2026-03-12T19:04:44","date_gmt":"2026-03-12T22:04:44","guid":{"rendered":"https:\/\/www.jornalja.com.br\/geral\/?p=100941"},"modified":"2026-03-12T19:06:18","modified_gmt":"2026-03-12T22:06:18","slug":"concessao-do-cais-maua-trava-de-novo","status":"publish","type":"post","link":"https:\/\/www.jornalja.com.br\/geral\/concessao-do-cais-maua-trava-de-novo\/","title":{"rendered":"Concess\u00e3o do Cais Mau\u00e1 trava, de novo"},"content":{"rendered":"\n<p>A concess\u00e3o do Cais Mau\u00e1 vive um novo impasse. O cons\u00f3rcio\u00a0<strong>Pulsa RS<\/strong>, vencedor da licita\u00e7\u00e3o, solicitou ao governo ga\u00facho a prorroga\u00e7\u00e3o do prazo para a assinatura final do contrato, prevista para quarta-feira, 11 de mar\u00e7o. Com isso, o grupo fica dispensado, por ora, do pagamento de mais de R$ 11 milh\u00f5es ao Estado e da apresenta\u00e7\u00e3o da documenta\u00e7\u00e3o necess\u00e1ria para assumir a gest\u00e3o dos armaz\u00e9ns.<\/p>\n\n\n\n<p>O cons\u00f3rcio afirma que precisa reavaliar a viabilidade financeira e operacional do projeto diante de mudan\u00e7as recentes, como os impactos da enchente de maio de 2024 e a extens\u00e3o do prazo contratual do\u00a0Cais Embarcadero\u00a0\u2014 que foi renovado por mais cinco anos aos atuais respons\u00e1veis em contrapartida aos restauros p\u00f3s-enchente. O governo estadual informou que o pedido ser\u00e1 analisado &#8220;t\u00e9cnica e juridicamente&#8221; e que, caso n\u00e3o seja aceito, a licita\u00e7\u00e3o poder\u00e1 ser cancelada.<\/p>\n\n\n\n<p>O leil\u00e3o para o Cais ocorreu em fevereiro de 2024 e teve o Pulsa RS como \u00fanico participante. Inicialmente, o contrato deveria ser assinado em at\u00e9 90 dias, mas a calamidade clim\u00e1tica atrasou o cronograma.<\/p>\n\n\n\n<p>O projeto prev\u00ea investimentos de\u00a0R$ 353,3 milh\u00f5es, incluindo a revitaliza\u00e7\u00e3o de 12 armaz\u00e9ns hist\u00f3ricos e um novo sistema de prote\u00e7\u00e3o contra cheias, al\u00e9m da possibilidade de empreendimentos imobili\u00e1rios nas docas. No entanto, o destino do\u00a0Muro da Mau\u00e1\u00a0permanece incerto.<\/p>\n\n\n\n<p>Esta \u00e9 a segunda concess\u00e3o do Cais Mau\u00e1, na verdade. A primeira, formalizada em dezembro de 2010, terminou em maio de 2018, quando uma opera\u00e7\u00e3o da Pol\u00edcia Federal revelou uma enorme fraude financeira que dilapidou R$ 130 milh\u00f5es captados junto a fundos de previd\u00eancia.<mark style=\"background-color:#FFFFFF\" class=\"has-inline-color has-accent-1-color\">\u00a0<strong><a href=\"https:\/\/www.jornalja.com.br\/especiais\/principal\/cais-maua\/\">Esta hist\u00f3ria j\u00e1 foi contada pelo J\u00c1 em edi\u00e7\u00e3o especial<\/a>.<\/strong><\/mark><\/p>\n\n\n\n<p><strong>\u00cdntegra da nota do cons\u00f3rcio Pulsa RS<\/strong>:<\/p>\n\n\n\n<p> &#8211; <em>O Cons\u00f3rcio Pulsa RS solicitou ao Governo do Estado do Rio Grande do Sul a prorroga\u00e7\u00e3o do prazo para a assinatura do contrato definitivo da concess\u00e3o do Cais Mau\u00e1, inicialmente prevista para o dia 11 de mar\u00e7o. A medida decorre da necessidade de rean\u00e1lise da viabilidade financeira e operacional do projeto, considerando fatos recentes que impactam o cen\u00e1rio do empreendimento, especialmente os desdobramentos relacionados \u00e0 extens\u00e3o do prazo contratual do Cais Embarcadero.<\/em><\/p>\n\n\n\n<p>&#8211;  <em>O cons\u00f3rcio reafirma seu compromisso com a revitaliza\u00e7\u00e3o do Cais Mau\u00e1 e segue em di\u00e1logo com o Governo do Estado para que a assinatura do contrato ocorra em bases s\u00f3lidas e alinhadas \u00e0 realidade atual do projeto.<\/em><\/p>\n\n\n\n<p><mark style=\"background-color:#FFFFFF\" class=\"has-inline-color has-accent-1-color\">**<em><a href=\"https:\/\/www.jornalja.com.br\/economics\/a-retomada-do-projeto-cais-maua-parte-1\/\"><strong>Clique aqui para ler mais sobre a concess\u00e3o do Cais na coluna Economics<\/strong><\/a><\/em><\/mark><\/p>\n","protected":false},"excerpt":{"rendered":"<p>A concess\u00e3o do Cais Mau\u00e1 vive um novo impasse. O cons\u00f3rcio\u00a0Pulsa RS, vencedor da licita\u00e7\u00e3o, solicitou ao governo ga\u00facho a prorroga\u00e7\u00e3o do prazo para a assinatura final do contrato, prevista para quarta-feira, 11 de mar\u00e7o. Com isso, o grupo fica dispensado, por ora, do pagamento de mais de R$ 11 milh\u00f5es ao Estado e da [&hellip;]<\/p>\n","protected":false},"author":4,"featured_media":100813,"comment_status":"closed","ping_status":"open","sticky":false,"template":"","format":"standard","meta":{"jetpack_post_was_ever_published":false,"_jetpack_newsletter_access":"","_jetpack_dont_email_post_to_subs":false,"_jetpack_newsletter_tier_id":0,"_jetpack_memberships_contains_paywalled_content":false,"_jetpack_memberships_contains_paid_content":false,"footnotes":"","jetpack_publicize_message":"","jetpack_publicize_feature_enabled":true,"jetpack_social_post_already_shared":true,"jetpack_social_options":{"image_generator_settings":{"template":"highway","default_image_id":0,"font":"","enabled":false},"version":2}},"categories":[2],"tags":[],"class_list":["post-100941","post","type-post","status-publish","format-standard","has-post-thumbnail","hentry","category-geral"],"aioseo_notices":[],"jetpack_publicize_connections":[],"jetpack_featured_media_url":"https:\/\/www.jornalja.com.br\/geral\/wp-content\/uploads\/sites\/4\/2026\/02\/cais-armazens2-scaled-1.jpeg","jetpack_shortlink":"https:\/\/wp.me\/pbKhrD-qg5","jetpack-related-posts":[{"id":100773,"url":"https:\/\/www.jornalja.com.br\/geral\/cais-maua-dois-anos-depois-da-concessao-e-incerto-futuro-do-projeto\/","url_meta":{"origin":100941,"position":0},"title":"Cais Mau\u00e1: dois anos depois da concess\u00e3o, \u00e9 incerto futuro do projeto","author":"Elmar Bones","date":"18 de fevereiro de 2026","format":false,"excerpt":"Dois anos depois da concess\u00e3o do Cais Mau\u00e1 a um cons\u00f3rcio privado, \u00e9 incerto o futuro do projeto para devolver \u00e0 popula\u00e7\u00e3o aquela \u00e1rea simb\u00f3lica de Porto Alegre, abandonada h\u00e1 mais de 30 anos. Come\u00e7a que o contrato que formaliza a concess\u00e3o ainda n\u00e3o foi assinado. Em entrevista ao Jornal\u2026","rel":"","context":"Em &quot;Geral-MAT\u00c9RIA&quot;","block_context":{"text":"Geral-MAT\u00c9RIA","link":"https:\/\/www.jornalja.com.br\/geral\/category\/geral\/"},"img":{"alt_text":"","src":"https:\/\/i0.wp.com\/www.jornalja.com.br\/geral\/wp-content\/uploads\/sites\/4\/2026\/02\/cais-armazens2-scaled-1.jpeg?resize=350%2C200&ssl=1","width":350,"height":200,"srcset":"https:\/\/i0.wp.com\/www.jornalja.com.br\/geral\/wp-content\/uploads\/sites\/4\/2026\/02\/cais-armazens2-scaled-1.jpeg?resize=350%2C200&ssl=1 1x, https:\/\/i0.wp.com\/www.jornalja.com.br\/geral\/wp-content\/uploads\/sites\/4\/2026\/02\/cais-armazens2-scaled-1.jpeg?resize=525%2C300&ssl=1 1.5x, https:\/\/i0.wp.com\/www.jornalja.com.br\/geral\/wp-content\/uploads\/sites\/4\/2026\/02\/cais-armazens2-scaled-1.jpeg?resize=700%2C400&ssl=1 2x"},"classes":[]},{"id":100606,"url":"https:\/\/www.jornalja.com.br\/geral\/financeira-ligada-ao-master-administrou-fundo-do-cais-maua-de-onde-sumiram-r-130-milhoes\/","url_meta":{"origin":100941,"position":1},"title":"Financeira ligada ao Master administrou Fundo do Cais Mau\u00e1 de onde sumiram R$ 130 milh\u00f5es","author":"Elmar Bones","date":"17 de janeiro de 2026","format":false,"excerpt":"A REAG Investimentos, que teve sua liquida\u00e7\u00e3o decretada pelo Banco Central esta semana, deixou um rastro de milh\u00f5es no Rio Grande do Sul. Em mar\u00e7o de 2018, ela assumiu a gest\u00e3o do Fundo de Investimentos em Participa\u00e7\u00f5es do Cais Mau\u00e1, o principal cais de Porto Alegre, desativado e, desde 2010,\u2026","rel":"","context":"Em &quot;Geral-MAT\u00c9RIA&quot;","block_context":{"text":"Geral-MAT\u00c9RIA","link":"https:\/\/www.jornalja.com.br\/geral\/category\/geral\/"},"img":{"alt_text":"","src":"https:\/\/i0.wp.com\/www.jornalja.com.br\/geral\/wp-content\/uploads\/sites\/4\/2026\/01\/cais-maua-portico-com-logo.jpg?resize=350%2C200&ssl=1","width":350,"height":200,"srcset":"https:\/\/i0.wp.com\/www.jornalja.com.br\/geral\/wp-content\/uploads\/sites\/4\/2026\/01\/cais-maua-portico-com-logo.jpg?resize=350%2C200&ssl=1 1x, https:\/\/i0.wp.com\/www.jornalja.com.br\/geral\/wp-content\/uploads\/sites\/4\/2026\/01\/cais-maua-portico-com-logo.jpg?resize=525%2C300&ssl=1 1.5x, https:\/\/i0.wp.com\/www.jornalja.com.br\/geral\/wp-content\/uploads\/sites\/4\/2026\/01\/cais-maua-portico-com-logo.jpg?resize=700%2C400&ssl=1 2x, https:\/\/i0.wp.com\/www.jornalja.com.br\/geral\/wp-content\/uploads\/sites\/4\/2026\/01\/cais-maua-portico-com-logo.jpg?resize=1050%2C600&ssl=1 3x"},"classes":[]},{"id":100707,"url":"https:\/\/www.jornalja.com.br\/geral\/caso-master-cais-maua-foi-laboratorio-do-esquema-que-lesou-100-fundos-de-previdencia\/","url_meta":{"origin":100941,"position":2},"title":"Caso Master: Cais Mau\u00e1 foi laborat\u00f3rio do esquema que lesou 100 fundos de previd\u00eancia","author":"Elmar Bones","date":"9 de fevereiro de 2026","format":false,"excerpt":"As investiga\u00e7\u00f5es da\u00a0Pol\u00edcia Federal\u00a0que levaram \u00e0 pris\u00e3o do empres\u00e1rio Jo\u00e3o Carlos Mansur, indicam que o\u00a0Fundo Cais Mau\u00e1\u00a0foi um ensaio do esquema fraudulento que carreou R$ 17 bilh\u00f5es dos fundos de previd\u00eancia para os pap\u00e9is podres do banco Master. Segundo a Pol\u00edcia Federal, mais de 100 fundos colocaram dinheiro em carteiras\u2026","rel":"","context":"Em &quot;Geral-MAT\u00c9RIA&quot;","block_context":{"text":"Geral-MAT\u00c9RIA","link":"https:\/\/www.jornalja.com.br\/geral\/category\/geral\/"},"img":{"alt_text":"","src":"https:\/\/i0.wp.com\/www.jornalja.com.br\/geral\/wp-content\/uploads\/sites\/4\/2026\/01\/cais-maua-portico-com-logo.jpg?resize=350%2C200&ssl=1","width":350,"height":200,"srcset":"https:\/\/i0.wp.com\/www.jornalja.com.br\/geral\/wp-content\/uploads\/sites\/4\/2026\/01\/cais-maua-portico-com-logo.jpg?resize=350%2C200&ssl=1 1x, https:\/\/i0.wp.com\/www.jornalja.com.br\/geral\/wp-content\/uploads\/sites\/4\/2026\/01\/cais-maua-portico-com-logo.jpg?resize=525%2C300&ssl=1 1.5x, https:\/\/i0.wp.com\/www.jornalja.com.br\/geral\/wp-content\/uploads\/sites\/4\/2026\/01\/cais-maua-portico-com-logo.jpg?resize=700%2C400&ssl=1 2x, https:\/\/i0.wp.com\/www.jornalja.com.br\/geral\/wp-content\/uploads\/sites\/4\/2026\/01\/cais-maua-portico-com-logo.jpg?resize=1050%2C600&ssl=1 3x"},"classes":[]},{"id":100898,"url":"https:\/\/www.jornalja.com.br\/geral\/porto-alegre-grupo-de-santa-catarina-arremata-por-r-10-mil-o-que-resta-do-porto\/","url_meta":{"origin":100941,"position":3},"title":"Porto Alegre: grupo de Santa Catarina arremata por R$ 10 mil o que resta do porto","author":"Elmar Bones","date":"1 de mar\u00e7o de 2026","format":false,"excerpt":"O Cais Navegantes, o \u00faltimo dos terminais portu\u00e1rios de Porto Alegre capaz de receber embarca\u00e7\u00f5es de grande porte, foi arrematado em leil\u00e3o na Bolsa de Valores de S\u00e3o Paulo, nesta sexta-feira, 27 de fevereiro de 2026. Com um lance de R$ 10 mil, o\u00a0Cons\u00f3rcio Portos do Sul, de Santa Catarina,\u2026","rel":"","context":"Em &quot;Geral-MAT\u00c9RIA&quot;","block_context":{"text":"Geral-MAT\u00c9RIA","link":"https:\/\/www.jornalja.com.br\/geral\/category\/geral\/"},"img":{"alt_text":"","src":"https:\/\/i0.wp.com\/www.jornalja.com.br\/geral\/wp-content\/uploads\/sites\/4\/2026\/03\/porto-porto-alegre.jpeg?resize=350%2C200&ssl=1","width":350,"height":200,"srcset":"https:\/\/i0.wp.com\/www.jornalja.com.br\/geral\/wp-content\/uploads\/sites\/4\/2026\/03\/porto-porto-alegre.jpeg?resize=350%2C200&ssl=1 1x, https:\/\/i0.wp.com\/www.jornalja.com.br\/geral\/wp-content\/uploads\/sites\/4\/2026\/03\/porto-porto-alegre.jpeg?resize=525%2C300&ssl=1 1.5x, https:\/\/i0.wp.com\/www.jornalja.com.br\/geral\/wp-content\/uploads\/sites\/4\/2026\/03\/porto-porto-alegre.jpeg?resize=700%2C400&ssl=1 2x"},"classes":[]},{"id":73879,"url":"https:\/\/www.jornalja.com.br\/geral\/cais-maua-quer-renegociar-contrato-que-descumpre-ha-nove-anos\/","url_meta":{"origin":100941,"position":4},"title":"Cais Mau\u00e1 quer renegociar contrato que descumpre h\u00e1 nove anos","author":"Elmar Bones","date":"11 de abril de 2019","format":false,"excerpt":"O cais, com tr\u00eas quil\u00f4metros de extens\u00e3o junto ao centro hist\u00f3rico de Porto Alegre est\u00e1 abandonado, porque a empresa que fazia a seguran\u00e7a do local foi dispensada. Os armaz\u00e9ns e as instala\u00e7\u00f5es portu\u00e1rias, tombadas pelo patrim\u00f4nio hist\u00f3rico, se deterioram visivelmente. Pela Carta de Estrutura\u00e7\u00e3o Financeira, item 14 do edital de\u2026","rel":"","context":"Em &quot;Geral-MAT\u00c9RIA&quot;","block_context":{"text":"Geral-MAT\u00c9RIA","link":"https:\/\/www.jornalja.com.br\/geral\/category\/geral\/"},"img":{"alt_text":"","src":"","width":0,"height":0},"classes":[]},{"id":87986,"url":"https:\/\/www.jornalja.com.br\/geral\/secretario-busatto-diz-que-revitalizacao-do-cais-maua-vai-contemplar-atividades-culturais\/","url_meta":{"origin":100941,"position":5},"title":"Secret\u00e1rio Busatto diz que revitaliza\u00e7\u00e3o do Cais Mau\u00e1 vai contemplar atividades culturais","author":"Cleber Dioni Tentardini","date":"21 de maio de 2021","format":false,"excerpt":"O economista Leonardo Busatto foi encarregado pelo governo do Estado para coordenar os estudos de um novo projeto de revitaliza\u00e7\u00e3o do Cais Mau\u00e1. Como secret\u00e1rio Extraordin\u00e1rio de Parcerias, Busatto ser\u00e1 o interlocutor do Poder P\u00fablico com o cons\u00f3rcio Revitaliza, um grupo de oito empresas selecionado pelo BNDES para definir o\u2026","rel":"","context":"Em &quot;Geral-MAT\u00c9RIA&quot;","block_context":{"text":"Geral-MAT\u00c9RIA","link":"https:\/\/www.jornalja.com.br\/geral\/category\/geral\/"},"img":{"alt_text":"","src":"https:\/\/i0.wp.com\/www.jornalja.com.br\/geral\/wp-content\/uploads\/sites\/4\/2021\/05\/leite-acompanhou-equipe-do-bndes-parceiro-do-governo-na-definicao-do-futuro-do-cais-foto-gustavo-mansurpalacio-piratini.jpg?resize=350%2C200&ssl=1","width":350,"height":200,"srcset":"https:\/\/i0.wp.com\/www.jornalja.com.br\/geral\/wp-content\/uploads\/sites\/4\/2021\/05\/leite-acompanhou-equipe-do-bndes-parceiro-do-governo-na-definicao-do-futuro-do-cais-foto-gustavo-mansurpalacio-piratini.jpg?resize=350%2C200&ssl=1 1x, https:\/\/i0.wp.com\/www.jornalja.com.br\/geral\/wp-content\/uploads\/sites\/4\/2021\/05\/leite-acompanhou-equipe-do-bndes-parceiro-do-governo-na-definicao-do-futuro-do-cais-foto-gustavo-mansurpalacio-piratini.jpg?resize=525%2C300&ssl=1 1.5x, https:\/\/i0.wp.com\/www.jornalja.com.br\/geral\/wp-content\/uploads\/sites\/4\/2021\/05\/leite-acompanhou-equipe-do-bndes-parceiro-do-governo-na-definicao-do-futuro-do-cais-foto-gustavo-mansurpalacio-piratini.jpg?resize=700%2C400&ssl=1 2x, https:\/\/i0.wp.com\/www.jornalja.com.br\/geral\/wp-content\/uploads\/sites\/4\/2021\/05\/leite-acompanhou-equipe-do-bndes-parceiro-do-governo-na-definicao-do-futuro-do-cais-foto-gustavo-mansurpalacio-piratini.jpg?resize=1050%2C600&ssl=1 3x, https:\/\/i0.wp.com\/www.jornalja.com.br\/geral\/wp-content\/uploads\/sites\/4\/2021\/05\/leite-acompanhou-equipe-do-bndes-parceiro-do-governo-na-definicao-do-futuro-do-cais-foto-gustavo-mansurpalacio-piratini.jpg?resize=1400%2C800&ssl=1 4x"},"classes":[]}],"jetpack_sharing_enabled":true,"_links":{"self":[{"href":"https:\/\/www.jornalja.com.br\/geral\/wp-json\/wp\/v2\/posts\/100941","targetHints":{"allow":["GET"]}}],"collection":[{"href":"https:\/\/www.jornalja.com.br\/geral\/wp-json\/wp\/v2\/posts"}],"about":[{"href":"https:\/\/www.jornalja.com.br\/geral\/wp-json\/wp\/v2\/types\/post"}],"author":[{"embeddable":true,"href":"https:\/\/www.jornalja.com.br\/geral\/wp-json\/wp\/v2\/users\/4"}],"replies":[{"embeddable":true,"href":"https:\/\/www.jornalja.com.br\/geral\/wp-json\/wp\/v2\/comments?post=100941"}],"version-history":[{"count":4,"href":"https:\/\/www.jornalja.com.br\/geral\/wp-json\/wp\/v2\/posts\/100941\/revisions"}],"predecessor-version":[{"id":100945,"href":"https:\/\/www.jornalja.com.br\/geral\/wp-json\/wp\/v2\/posts\/100941\/revisions\/100945"}],"wp:featuredmedia":[{"embeddable":true,"href":"https:\/\/www.jornalja.com.br\/geral\/wp-json\/wp\/v2\/media\/100813"}],"wp:attachment":[{"href":"https:\/\/www.jornalja.com.br\/geral\/wp-json\/wp\/v2\/media?parent=100941"}],"wp:term":[{"taxonomy":"category","embeddable":true,"href":"https:\/\/www.jornalja.com.br\/geral\/wp-json\/wp\/v2\/categories?post=100941"},{"taxonomy":"post_tag","embeddable":true,"href":"https:\/\/www.jornalja.com.br\/geral\/wp-json\/wp\/v2\/tags?post=100941"}],"curies":[{"name":"wp","href":"https:\/\/api.w.org\/{rel}","templated":true}]}}