{"id":101178,"date":"2026-04-27T13:56:20","date_gmt":"2026-04-27T16:56:20","guid":{"rendered":"https:\/\/www.jornalja.com.br\/geral\/?p=101178"},"modified":"2026-04-27T14:56:42","modified_gmt":"2026-04-27T17:56:42","slug":"dois-anos-do-incendio-na-pousada-garoa-11-vitimas-ainda-sem-justica","status":"publish","type":"post","link":"https:\/\/www.jornalja.com.br\/geral\/dois-anos-do-incendio-na-pousada-garoa-11-vitimas-ainda-sem-justica\/","title":{"rendered":"Dois anos do inc\u00eandio na Pousada Garoa: 11 v\u00edtimas ainda sem justi\u00e7a"},"content":{"rendered":"\n<p>Um ato simb\u00f3lico marcou, neste domingo, 26\/04, os dois anos do inc\u00eandio na Pousada Garoa, albergue conveniado com a prefeitura de Porto Alegre, na avenida Farrapos. Na trag\u00e9dia, 11 pessoas morreram queimadas e, ao menos outras 15, sofreram ferimentos.<\/p>\n\n\n\n<p>\u201cO que houve aqui, h\u00e1 dois anos, independentemente da origem do fogo, \u00e9 um absurdo no que tange \u00e0 falta de fiscaliza\u00e7\u00e3o, falta de cuidados e considera\u00e7\u00e3o do Poder P\u00fablico, respons\u00e1vel pela contrata\u00e7\u00e3o e terceiriza\u00e7\u00e3o do servi\u00e7o de assist\u00eancia social\u201d, destacou o vereador Pedro Ruas (PSOL), um dos organizadores do ato.<\/p>\n\n\n\n<p>Na sua avalia\u00e7\u00e3o, \u201cas obriga\u00e7\u00f5es de prover toda a aten\u00e7\u00e3o em termos de cuidados de seguran\u00e7a \u00e9 do munic\u00edpio, mesmo quando os servi\u00e7os, como no presente caso, s\u00e3o terceirizados\u201d. Segundo ele, \u201cesses dois anos marcam uma trag\u00e9dia que tem culpados e continuam impunes\u201d.<\/p>\n\n\n\n<p>Acompanhado por lideran\u00e7as da Pastoral dos Povos de Ruas da C\u00faria Metropolitana, o vereador pediu um minuto de sil\u00eancio em homenagem aos mortos. Junto a uma faixa com o nome das onze v\u00edtimas foram depositadas rosas brancas.<\/p>\n\n\n\n<p>\u201cFazemos esse ato como forma de chamar a aten\u00e7\u00e3o da sociedade para a falta de justi\u00e7a, nesse caso. Mas tamb\u00e9m para deixar claro que os problemas da falta de moradia digna e segura, para muitas pessoas, ainda \u00e9 um problema da maior seriedade o que exige muito planejamento e aten\u00e7\u00e3o das autoridades respons\u00e1veis\u201d, disse Ruas.<\/p>\n\n\n\n<p>Os nomes dos mortos no inc\u00eandio, bordados em um quadro de tecido verde, pela jornalista Iara Maurente, foram lidos. Onze rosas brancas foram depositadas junto aos nomes.<\/p>\n\n\n\n<p>Presidente da CPI sobre o inc\u00eandio, realizada de fevereiro a julho de 2025 na C\u00e2mara Municipal, Pedro Ruas destacou sua inconformidade com a demora em decis\u00f5es sobre a aplica\u00e7\u00e3o de penas aos respons\u00e1veis. \u201cO fato de termos feito nossa parte, indicando agentes respons\u00e1veis pela trag\u00e9dia, \u00e9 mais um fator que me obriga a aguardar que a justi\u00e7a seja feita\u201d.<\/p>\n\n\n\n<p>J\u00e1 o coordenador da Pastoral dos Povos de Rua da C\u00faria Metropolitana, Elton Bozzetto, destacou que al\u00e9m de se esperar justi\u00e7a \u00e9 muito importante que o ocorrido ali sirva de li\u00e7\u00e3o para a evolu\u00e7\u00e3o em termos humanit\u00e1rios, em rela\u00e7\u00e3o ao atendimento das camadas sociais mais carentes. \u201cPrecisamos evoluir e, apesar da trag\u00e9dia, temos que buscar for\u00e7as, coragem e ousadia para sermos melhores\u201d, enfatizou.<\/p>\n\n\n\n<p>O inc\u00eandio ocorreu na madrugada de 26 de abril de 2024, por volta das 2h, no albergue conveniado com a prefeitura para acolher pessoas em situa\u00e7\u00e3o de vulnerabilidade. \u00c0 \u00e9poca, foi constatado que o estabelecimento operava sem alvar\u00e1 de funcionamento e sem o Plano de Prote\u00e7\u00e3o contra Inc\u00eandio (PPCI).<\/p>\n\n\n\n<p>As investiga\u00e7\u00f5es apontaram uma s\u00e9rie de irregularidades, incluindo falhas estruturais e neglig\u00eancia na manuten\u00e7\u00e3o. O relat\u00f3rio final da CPI, conclu\u00eddo em junho de 2025, indicou responsabilidade do propriet\u00e1rio da rede, Andr\u00e9 Kologeski, destacando problemas como extintores vencidos, fia\u00e7\u00e3o exposta e aus\u00eancia de rotas de fuga adequadas.<\/p>\n\n\n\n<p>Por outro lado, o documento n\u00e3o indiciou agentes p\u00fablicos municipais, sob a justificativa de falta de elementos suficientes.<\/p>\n\n\n\n<p>Na esfera judicial, o caso segue em andamento em duas frentes: criminal e c\u00edvel. A Pol\u00edcia Civil indiciou tr\u00eas pessoas por inc\u00eandio culposo \u2014 o propriet\u00e1rio da pousada, o ex-presidente da Funda\u00e7\u00e3o de Assist\u00eancia Social e Cidadania (Fasc), Cristiano Roratto, e uma fiscal do contrato. O Minist\u00e9rio P\u00fablico entendeu que os respons\u00e1veis podem responder por dolo eventual, o processo ainda tramita na Justi\u00e7a.<\/p>\n\n\n\n<p>Paralelamente, a Defensoria P\u00fablica do Estado ajuizou, em agosto de 2025, uma a\u00e7\u00e3o civil p\u00fablica que pede mais de R$ 10 milh\u00f5es em indeniza\u00e7\u00f5es por danos morais coletivos contra o munic\u00edpio e o propriet\u00e1rio.<\/p>\n\n\n\n<p>Decis\u00f5es liminares j\u00e1 determinaram que a prefeitura apresente um plano de moradia digna para os sobreviventes, al\u00e9m de garantir atendimento psicol\u00f3gico e psiqui\u00e1trico especializado.<\/p>\n\n\n\n<p><\/p>\n\n\n\n<h2 class=\"wp-block-heading\">As v\u00edtimas:<\/h2>\n\n\n\n<p>Adair Cruz, <\/p>\n\n\n\n<p>Anderson Correa, <\/p>\n\n\n\n<p>Cleiton Mello, <\/p>\n\n\n\n<p>Dionatan Cardoso da Rosa, <\/p>\n\n\n\n<p>Douglas de Lima Alves, <\/p>\n\n\n\n<p>Jo\u00e3o Batista Ebani, <\/p>\n\n\n\n<p>Jo\u00e3o Luiz Gomes, <\/p>\n\n\n\n<p>Julcemar Cardoso Amador, <\/p>\n\n\n\n<p>Lenita Aparecida Scheleck, <\/p>\n\n\n\n<p>Maribel Terezinha Padilha,<\/p>\n\n\n\n<p>e Silv\u00e9rio Roni Martin.<\/p>\n","protected":false},"excerpt":{"rendered":"<p>Um ato simb\u00f3lico marcou, neste domingo, 26\/04, os dois anos do inc\u00eandio na Pousada Garoa, albergue conveniado com a prefeitura de Porto Alegre, na avenida Farrapos. Na trag\u00e9dia, 11 pessoas morreram queimadas e, ao menos outras 15, sofreram ferimentos. \u201cO que houve aqui, h\u00e1 dois anos, independentemente da origem do fogo, \u00e9 um absurdo no [&hellip;]<\/p>\n","protected":false},"author":4,"featured_media":101180,"comment_status":"closed","ping_status":"open","sticky":false,"template":"","format":"standard","meta":{"jetpack_post_was_ever_published":false,"_jetpack_newsletter_access":"","_jetpack_dont_email_post_to_subs":false,"_jetpack_newsletter_tier_id":0,"_jetpack_memberships_contains_paywalled_content":false,"_jetpack_memberships_contains_paid_content":false,"footnotes":"","jetpack_publicize_message":"","jetpack_publicize_feature_enabled":true,"jetpack_social_post_already_shared":false,"jetpack_social_options":{"image_generator_settings":{"template":"highway","default_image_id":0,"font":"","enabled":false},"version":2}},"categories":[12],"tags":[],"class_list":["post-101178","post","type-post","status-publish","format-standard","has-post-thumbnail","hentry","category-manchete-do-site"],"aioseo_notices":[],"jetpack_publicize_connections":[],"jetpack_featured_media_url":"https:\/\/www.jornalja.com.br\/geral\/wp-content\/uploads\/sites\/4\/2026\/04\/pousada-garoa-2-anos-2-scaled.jpg","jetpack_shortlink":"https:\/\/wp.me\/pbKhrD-qjU","jetpack-related-posts":[{"id":101161,"url":"https:\/\/www.jornalja.com.br\/geral\/ato-marca-dois-anos-do-incendio-que-matou-11-na-pousada-garoa\/","url_meta":{"origin":101178,"position":0},"title":"Ato marca dois anos do inc\u00eandio que matou 11 pessoas na Pousada Garoa","author":"da Reda\u00e7\u00e3o","date":"21 de abril de 2026","format":false,"excerpt":"Dois anos ap\u00f3s o inc\u00eandio que deixou 11 mortos e cerca de 15 feridos na Pousada Garoa, no Centro da capital ga\u00facha, um ato p\u00fablico ser\u00e1 realizado neste domingo (26), \u00e0s 15h, em frente ao antigo pr\u00e9dio, na Avenida Farrapos, 305. A mobiliza\u00e7\u00e3o busca lembrar as v\u00edtimas e cobrar responsabiliza\u00e7\u00f5es\u2026","rel":"","context":"Em &quot;Geral-MAT\u00c9RIA&quot;","block_context":{"text":"Geral-MAT\u00c9RIA","link":"https:\/\/www.jornalja.com.br\/geral\/category\/geral\/"},"img":{"alt_text":"","src":"https:\/\/i0.wp.com\/www.jornalja.com.br\/geral\/wp-content\/uploads\/sites\/4\/2024\/04\/incendio-em-porto-alegre-fachada-da-pousadacom-carro-da-pericia-cesar-lopes-pmpa.jpg?resize=350%2C200&ssl=1","width":350,"height":200,"srcset":"https:\/\/i0.wp.com\/www.jornalja.com.br\/geral\/wp-content\/uploads\/sites\/4\/2024\/04\/incendio-em-porto-alegre-fachada-da-pousadacom-carro-da-pericia-cesar-lopes-pmpa.jpg?resize=350%2C200&ssl=1 1x, https:\/\/i0.wp.com\/www.jornalja.com.br\/geral\/wp-content\/uploads\/sites\/4\/2024\/04\/incendio-em-porto-alegre-fachada-da-pousadacom-carro-da-pericia-cesar-lopes-pmpa.jpg?resize=525%2C300&ssl=1 1.5x, https:\/\/i0.wp.com\/www.jornalja.com.br\/geral\/wp-content\/uploads\/sites\/4\/2024\/04\/incendio-em-porto-alegre-fachada-da-pousadacom-carro-da-pericia-cesar-lopes-pmpa.jpg?resize=700%2C400&ssl=1 2x"},"classes":[]},{"id":97235,"url":"https:\/\/www.jornalja.com.br\/geral\/pousada-garoa-as-dimensoes-da-tragedia\/","url_meta":{"origin":101178,"position":1},"title":"Pousada Garoa: as dimens\u00f5es da trag\u00e9dia","author":"Elmar Bones","date":"29 de abril de 2024","format":false,"excerpt":"Dez pessoas mortas, quinze feridas, duas em estado grave. Esse \u00e9 o custo humano do inc\u00eandio na Pousada Garoa, que funcionava num pr\u00e9dio de tr\u00eas andares na\u00a0 avenida Farrapos, no centro de Porto Alegre. As verdadeiras dimens\u00f5es da trag\u00e9dia, cinco dias depois, ainda n\u00e3o podem ser avaliadas. Desde a origem\u2026","rel":"","context":"Em &quot;Geral-MAT\u00c9RIA&quot;","block_context":{"text":"Geral-MAT\u00c9RIA","link":"https:\/\/www.jornalja.com.br\/geral\/category\/geral\/"},"img":{"alt_text":"","src":"https:\/\/i0.wp.com\/www.jornalja.com.br\/geral\/wp-content\/uploads\/sites\/4\/2024\/04\/incendio-em-porto-alegre-fachada-da-pousadacom-carro-da-pericia-cesar-lopes-pmpa.jpg?resize=350%2C200&ssl=1","width":350,"height":200,"srcset":"https:\/\/i0.wp.com\/www.jornalja.com.br\/geral\/wp-content\/uploads\/sites\/4\/2024\/04\/incendio-em-porto-alegre-fachada-da-pousadacom-carro-da-pericia-cesar-lopes-pmpa.jpg?resize=350%2C200&ssl=1 1x, https:\/\/i0.wp.com\/www.jornalja.com.br\/geral\/wp-content\/uploads\/sites\/4\/2024\/04\/incendio-em-porto-alegre-fachada-da-pousadacom-carro-da-pericia-cesar-lopes-pmpa.jpg?resize=525%2C300&ssl=1 1.5x, https:\/\/i0.wp.com\/www.jornalja.com.br\/geral\/wp-content\/uploads\/sites\/4\/2024\/04\/incendio-em-porto-alegre-fachada-da-pousadacom-carro-da-pericia-cesar-lopes-pmpa.jpg?resize=700%2C400&ssl=1 2x"},"classes":[]},{"id":98552,"url":"https:\/\/www.jornalja.com.br\/geral\/cpi-da-garoa-eptc-diz-que-nao-tem-mais-as-imagens-do-incendio-que-matou-11-pessoas\/","url_meta":{"origin":101178,"position":2},"title":"CPI da Garoa: &#8220;As pessoas tiveram que pular a janela para escapar do fogo&#8221;","author":"da Reda\u00e7\u00e3o","date":"25 de mar\u00e7o de 2025","format":false,"excerpt":"A CPI que investiga o inc\u00eandio da Pousada Garoa, ouviu Elton Bozzetto, da Pastoral do Povo da Rua, nesta segunda-feira (24\/03). No inc\u00eandio, ocorrido h\u00e1 quase um \u00a0ano, morreram 11 pessoas que estavam no local, na avenida Farrapos, no centro de Porto Alegre. As circunst\u00e2ncias da trag\u00e9dia ainda n\u00e3o foram\u2026","rel":"","context":"Em &quot;Geral-MAT\u00c9RIA&quot;","block_context":{"text":"Geral-MAT\u00c9RIA","link":"https:\/\/www.jornalja.com.br\/geral\/category\/geral\/"},"img":{"alt_text":"","src":"https:\/\/i0.wp.com\/www.jornalja.com.br\/geral\/wp-content\/uploads\/sites\/4\/2024\/04\/incendio-em-porto-alegre-fachada-da-pousadacom-carro-da-pericia-cesar-lopes-pmpa.jpg?resize=350%2C200&ssl=1","width":350,"height":200,"srcset":"https:\/\/i0.wp.com\/www.jornalja.com.br\/geral\/wp-content\/uploads\/sites\/4\/2024\/04\/incendio-em-porto-alegre-fachada-da-pousadacom-carro-da-pericia-cesar-lopes-pmpa.jpg?resize=350%2C200&ssl=1 1x, https:\/\/i0.wp.com\/www.jornalja.com.br\/geral\/wp-content\/uploads\/sites\/4\/2024\/04\/incendio-em-porto-alegre-fachada-da-pousadacom-carro-da-pericia-cesar-lopes-pmpa.jpg?resize=525%2C300&ssl=1 1.5x, https:\/\/i0.wp.com\/www.jornalja.com.br\/geral\/wp-content\/uploads\/sites\/4\/2024\/04\/incendio-em-porto-alegre-fachada-da-pousadacom-carro-da-pericia-cesar-lopes-pmpa.jpg?resize=700%2C400&ssl=1 2x"},"classes":[]},{"id":98473,"url":"https:\/\/www.jornalja.com.br\/geral\/pousada-garoa-cpi-convoca-secretario-e-requisita-inquerito-e-videos-do-local-da-tragedia\/","url_meta":{"origin":101178,"position":3},"title":"Pousada Garoa: CPI convoca secret\u00e1rio e requisita inqu\u00e9rito e v\u00eddeos do local","author":"da Reda\u00e7\u00e3o","date":"10 de mar\u00e7o de 2025","format":false,"excerpt":"Na primeira reuni\u00e3o ordin\u00e1ria, nesta segunda-feira, 10\/03, a CPI da Pousada Garoa definiu os cargos e aprovou os primeiros pedidos\u00a0 para dar in\u00edcio \u00e0s investiga\u00e7\u00f5es. A presid\u00eancia ficou com o proponente, vereador Pedro Ruas, do Psol. Marcos Felipi, do Cidadania, foi escolhido relator e Rafael Fleck, do MDB, ficou\u00a0 na\u2026","rel":"","context":"Em &quot;Geral-MAT\u00c9RIA&quot;","block_context":{"text":"Geral-MAT\u00c9RIA","link":"https:\/\/www.jornalja.com.br\/geral\/category\/geral\/"},"img":{"alt_text":"","src":"https:\/\/i0.wp.com\/www.jornalja.com.br\/geral\/wp-content\/uploads\/sites\/4\/2025\/03\/cpi-da-garoa-primeira-sessao.jpg?resize=350%2C200&ssl=1","width":350,"height":200,"srcset":"https:\/\/i0.wp.com\/www.jornalja.com.br\/geral\/wp-content\/uploads\/sites\/4\/2025\/03\/cpi-da-garoa-primeira-sessao.jpg?resize=350%2C200&ssl=1 1x, https:\/\/i0.wp.com\/www.jornalja.com.br\/geral\/wp-content\/uploads\/sites\/4\/2025\/03\/cpi-da-garoa-primeira-sessao.jpg?resize=525%2C300&ssl=1 1.5x"},"classes":[]},{"id":98514,"url":"https:\/\/www.jornalja.com.br\/geral\/cpi-da-garoa-leo-voigt-diz-que-houve-concurso-da-mao-humana-no-incendio-que-matou-11\/","url_meta":{"origin":101178,"position":4},"title":"CPI da Garoa: Leo Voigt diz que houve \u201cconcurso da m\u00e3o humana\u201d no inc\u00eandio que matou 11","author":"da Reda\u00e7\u00e3o","date":"17 de mar\u00e7o de 2025","format":false,"excerpt":"O ex-secret\u00e1rio de Desenvolvimento Social de Porto Alegre, o soci\u00f3logo Leo Voigt foi o primeiro depoente na CPI criada na C\u00e2mara Municipal de Porto Alegre, para apurar as causas e as responsabilidades no inc\u00eandio que matou 11 pessoas numa das pousadas da rede Garoa, na avenida Farrapos, em abril de\u2026","rel":"","context":"Em &quot;Geral-MAT\u00c9RIA&quot;","block_context":{"text":"Geral-MAT\u00c9RIA","link":"https:\/\/www.jornalja.com.br\/geral\/category\/geral\/"},"img":{"alt_text":"","src":"https:\/\/i0.wp.com\/www.jornalja.com.br\/geral\/wp-content\/uploads\/sites\/4\/2025\/03\/pousada-garoa-leo-voigt-depoe-na-camara-vale-esta.jpg?resize=350%2C200&ssl=1","width":350,"height":200,"srcset":"https:\/\/i0.wp.com\/www.jornalja.com.br\/geral\/wp-content\/uploads\/sites\/4\/2025\/03\/pousada-garoa-leo-voigt-depoe-na-camara-vale-esta.jpg?resize=350%2C200&ssl=1 1x, https:\/\/i0.wp.com\/www.jornalja.com.br\/geral\/wp-content\/uploads\/sites\/4\/2025\/03\/pousada-garoa-leo-voigt-depoe-na-camara-vale-esta.jpg?resize=525%2C300&ssl=1 1.5x, https:\/\/i0.wp.com\/www.jornalja.com.br\/geral\/wp-content\/uploads\/sites\/4\/2025\/03\/pousada-garoa-leo-voigt-depoe-na-camara-vale-esta.jpg?resize=700%2C400&ssl=1 2x, https:\/\/i0.wp.com\/www.jornalja.com.br\/geral\/wp-content\/uploads\/sites\/4\/2025\/03\/pousada-garoa-leo-voigt-depoe-na-camara-vale-esta.jpg?resize=1050%2C600&ssl=1 3x, https:\/\/i0.wp.com\/www.jornalja.com.br\/geral\/wp-content\/uploads\/sites\/4\/2025\/03\/pousada-garoa-leo-voigt-depoe-na-camara-vale-esta.jpg?resize=1400%2C800&ssl=1 4x"},"classes":[]},{"id":99243,"url":"https:\/\/www.jornalja.com.br\/geral\/cpi-da-garoa-relatorio-isenta-prefeitura-pedro-ruas-diz-que-pode-haver-voto-divergente\/","url_meta":{"origin":101178,"position":5},"title":"CPI da Garoa: Relat\u00f3rio isenta prefeitura; Ruas diz que pode haver  &#8220;voto divergente&#8221;","author":"da Reda\u00e7\u00e3o","date":"25 de junho de 2025","format":false,"excerpt":"Encerrou seus trabalhos a Comiss\u00e3o Parlamentar de Inqu\u00e9rito da C\u00e2mara de Porto Alegre que investigou o inc\u00eandio que matou 11 pessoas numa das unidades da rede Pousada Garoa, contratada da prefeitura para abrigar pessoas em situa\u00e7\u00e3o de vulnerabilidade. O relat\u00f3rio final foi apresentado nesta segunda-feira (23\/06)\u00a0 no Plen\u00e1rio Ot\u00e1vio Rocha.\u2026","rel":"","context":"Em &quot;Geral-MAT\u00c9RIA&quot;","block_context":{"text":"Geral-MAT\u00c9RIA","link":"https:\/\/www.jornalja.com.br\/geral\/category\/geral\/"},"img":{"alt_text":"","src":"https:\/\/i0.wp.com\/www.jornalja.com.br\/geral\/wp-content\/uploads\/sites\/4\/2025\/06\/cpi-da-garoa-relatorio.jpg?resize=350%2C200&ssl=1","width":350,"height":200,"srcset":"https:\/\/i0.wp.com\/www.jornalja.com.br\/geral\/wp-content\/uploads\/sites\/4\/2025\/06\/cpi-da-garoa-relatorio.jpg?resize=350%2C200&ssl=1 1x, https:\/\/i0.wp.com\/www.jornalja.com.br\/geral\/wp-content\/uploads\/sites\/4\/2025\/06\/cpi-da-garoa-relatorio.jpg?resize=525%2C300&ssl=1 1.5x"},"classes":[]}],"jetpack_sharing_enabled":true,"_links":{"self":[{"href":"https:\/\/www.jornalja.com.br\/geral\/wp-json\/wp\/v2\/posts\/101178","targetHints":{"allow":["GET"]}}],"collection":[{"href":"https:\/\/www.jornalja.com.br\/geral\/wp-json\/wp\/v2\/posts"}],"about":[{"href":"https:\/\/www.jornalja.com.br\/geral\/wp-json\/wp\/v2\/types\/post"}],"author":[{"embeddable":true,"href":"https:\/\/www.jornalja.com.br\/geral\/wp-json\/wp\/v2\/users\/4"}],"replies":[{"embeddable":true,"href":"https:\/\/www.jornalja.com.br\/geral\/wp-json\/wp\/v2\/comments?post=101178"}],"version-history":[{"count":1,"href":"https:\/\/www.jornalja.com.br\/geral\/wp-json\/wp\/v2\/posts\/101178\/revisions"}],"predecessor-version":[{"id":101179,"href":"https:\/\/www.jornalja.com.br\/geral\/wp-json\/wp\/v2\/posts\/101178\/revisions\/101179"}],"wp:featuredmedia":[{"embeddable":true,"href":"https:\/\/www.jornalja.com.br\/geral\/wp-json\/wp\/v2\/media\/101180"}],"wp:attachment":[{"href":"https:\/\/www.jornalja.com.br\/geral\/wp-json\/wp\/v2\/media?parent=101178"}],"wp:term":[{"taxonomy":"category","embeddable":true,"href":"https:\/\/www.jornalja.com.br\/geral\/wp-json\/wp\/v2\/categories?post=101178"},{"taxonomy":"post_tag","embeddable":true,"href":"https:\/\/www.jornalja.com.br\/geral\/wp-json\/wp\/v2\/tags?post=101178"}],"curies":[{"name":"wp","href":"https:\/\/api.w.org\/{rel}","templated":true}]}}