{"id":101182,"date":"2026-04-28T12:52:42","date_gmt":"2026-04-28T15:52:42","guid":{"rendered":"https:\/\/www.jornalja.com.br\/geral\/?p=101182"},"modified":"2026-04-28T12:59:53","modified_gmt":"2026-04-28T15:59:53","slug":"viaduto-restaurado-1-guarda-municipal-vigia-24-horas-para-evitar-pichacoes-antes-da-inauguracao","status":"publish","type":"post","link":"https:\/\/www.jornalja.com.br\/geral\/viaduto-restaurado-1-guarda-municipal-vigia-24-horas-para-evitar-pichacoes-antes-da-inauguracao\/","title":{"rendered":"Viaduto restaurado (1): Guarda Municipal vigia 24 horas para evitar picha\u00e7\u00f5es antes da inaugura\u00e7\u00e3o"},"content":{"rendered":"\n<p>Desde 1\u00ba de abril, est\u00e1 oficialmente conclu\u00edda a mais completa restaura\u00e7\u00e3o do Viaduto Ot\u00e1vio Rocha, uma das maiores obras vi\u00e1rias e, ao mesmo tempo, o principal monumento de Porto Alegre.<\/p>\n\n\n\n<p>Retirados os tapumes e aberto ao p\u00fablico e ao tr\u00e2nsito, o viaduto est\u00e1, desde ent\u00e3o, sob a vigil\u00e2ncia permanente da Guarda Municipal para evitar as picha\u00e7\u00f5es antes da inaugura\u00e7\u00e3o. \u201cNossa presen\u00e7a aqui afugenta eles\u201d, disse um dos guardas explicando porque os pichadores ainda n\u00e3o apareceram.<\/p>\n\n\n\n<p>Apesar das c\u00e2meras de seguran\u00e7a, que monitoram toda a extens\u00e3o do Viaduto &#8211; mais as do totem no canteiro central da avenida, que registram imagens em 360 graus -, as caracter\u00edsticas do local, com muitas colunas e arcos, permitem a aproxima\u00e7\u00e3o sem registro das c\u00e2meras. Por isso, um furg\u00e3o e um carro da Guarda Municipal ficam estacionados, e agentes vigiam em ambos os lados do Viaduto. <\/p>\n\n\n\n<figure class=\"wp-block-image size-large\"><img decoding=\"async\" width=\"900\" height=\"675\" data-attachment-id=\"101186\" data-permalink=\"https:\/\/www.jornalja.com.br\/geral\/viaduto-restaurado-1-guarda-municipal-vigia-24-horas-para-evitar-pichacoes-antes-da-inauguracao\/img_20260427_175329\/\" data-orig-file=\"https:\/\/www.jornalja.com.br\/geral\/wp-content\/uploads\/sites\/4\/2026\/04\/img-20260427-175329-scaled.jpg\" data-orig-size=\"2560,1920\" data-comments-opened=\"0\" data-image-meta=\"{&quot;aperture&quot;:&quot;0&quot;,&quot;credit&quot;:&quot;&quot;,&quot;camera&quot;:&quot;--&quot;,&quot;caption&quot;:&quot;filter: 0; fileterIntensity: 0.0; filterMask: 0; hdrForward: 0; module: photo;hw-remosaic: false;touch: (-1.0, -1.0);sceneMode: 8;cct_value: 0;AI_Scene: (-1, -1);aec_lux: 0.0;aec_lux_index: 0;HdrStatus: auto;albedo:  ;confidence:  ;motionLevel: -1;weatherinfo: null;temperature: 26;&quot;,&quot;created_timestamp&quot;:&quot;1777337528&quot;,&quot;copyright&quot;:&quot;&quot;,&quot;focal_length&quot;:&quot;0&quot;,&quot;iso&quot;:&quot;0&quot;,&quot;shutter_speed&quot;:&quot;0&quot;,&quot;title&quot;:&quot;&quot;,&quot;orientation&quot;:&quot;1&quot;}\" data-image-title=\"IMG_20260427_175329\" data-image-description=\"\" data-image-caption=\"&lt;p&gt;filter: 0; fileterIntensity: 0.0; filterMask: 0; hdrForward: 0; module: photo;hw-remosaic: false;touch: (-1.0, -1.0);sceneMode: 8;cct_value: 0;AI_Scene: (-1, -1);aec_lux: 0.0;aec_lux_index: 0;HdrStatus: auto;albedo:  ;confidence:  ;motionLevel: -1;weatherinfo: null;temperature: 26;&lt;\/p&gt;\n\" data-large-file=\"https:\/\/www.jornalja.com.br\/geral\/wp-content\/uploads\/sites\/4\/2026\/04\/img-20260427-175329-900x675.jpg\" src=\"https:\/\/www.jornalja.com.br\/geral\/wp-content\/uploads\/sites\/4\/2026\/04\/img-20260427-175329-900x675.jpg\" alt=\"\" class=\"wp-image-101186\" srcset=\"https:\/\/www.jornalja.com.br\/geral\/wp-content\/uploads\/sites\/4\/2026\/04\/img-20260427-175329-900x675.jpg 900w, https:\/\/www.jornalja.com.br\/geral\/wp-content\/uploads\/sites\/4\/2026\/04\/img-20260427-175329-450x338.jpg 450w, https:\/\/www.jornalja.com.br\/geral\/wp-content\/uploads\/sites\/4\/2026\/04\/img-20260427-175329-768x576.jpg 768w, https:\/\/www.jornalja.com.br\/geral\/wp-content\/uploads\/sites\/4\/2026\/04\/img-20260427-175329-1536x1152.jpg 1536w, https:\/\/www.jornalja.com.br\/geral\/wp-content\/uploads\/sites\/4\/2026\/04\/img-20260427-175329-2048x1536.jpg 2048w\" sizes=\"(max-width: 900px) 100vw, 900px\" \/><figcaption class=\"wp-element-caption\">Al\u00e9m das c\u00e2meras do totem, um furg\u00e3o estacionado para afugentar pichadores \/ EB\/J\u00c1<\/figcaption><\/figure>\n\n\n\n<p>A inaugura\u00e7\u00e3o ainda n\u00e3o tem uma data marcada. Depois de restaurado, o viaduto est\u00e1 sendo repassado \u00e0 gest\u00e3o de um cons\u00f3rcio (\u201cConfia no Centro\u201d) que ganhou a concess\u00e3o e est\u00e1 fazendo a sele\u00e7\u00e3o dos empreendimentos que v\u00e3o ocupar 29 das 36 pequenas lojas embutidas na lateral do Viaduto, sob as escadarias. Estima-se que at\u00e9 julho esse processo estar\u00e1 conclu\u00eddo. S\u00f3 ent\u00e3o ser\u00e1 realizada a inaugura\u00e7\u00e3o festiva do viaduto restaurado. &nbsp;&nbsp;<\/p>\n\n\n\n<p>O plano \u00e9 resgatar tamb\u00e9m o viaduto como polo comercial-cultural, seguindo a proposta do projeto original, que previu as galerias com espa\u00e7os para lojas, que estimulem o movimento de pessoas, \u201cevitando que as cal\u00e7adas da avenida se tornem espa\u00e7os vazios e perigosos\u201d .<\/p>\n\n\n\n<p>O cons\u00f3rcio \u201cConfia no Centro\u201d re\u00fane dois empreendimentos j\u00e1 vinculados ao viaduto: o Justo Bar e o projeto&nbsp;Porto Alegre Mal Assombrada.<\/p>\n\n\n\n<p>O&nbsp;Justo Bar \u00e9 um empreendimento multiuso localizado junto a uma das escadarias do Viaduto Ot\u00e1vio Rocha. Funciona como&nbsp;bar, restaurante, mercearia e espa\u00e7o cultural.&nbsp;<\/p>\n\n\n\n<figure class=\"wp-block-image size-large\"><img decoding=\"async\" width=\"675\" height=\"900\" data-attachment-id=\"101189\" data-permalink=\"https:\/\/www.jornalja.com.br\/geral\/viaduto-restaurado-1-guarda-municipal-vigia-24-horas-para-evitar-pichacoes-antes-da-inauguracao\/img_20260426_160503-2\/\" data-orig-file=\"https:\/\/www.jornalja.com.br\/geral\/wp-content\/uploads\/sites\/4\/2026\/04\/img-20260426-160503-1-scaled.jpg\" data-orig-size=\"1920,2560\" data-comments-opened=\"0\" data-image-meta=\"{&quot;aperture&quot;:&quot;0&quot;,&quot;credit&quot;:&quot;&quot;,&quot;camera&quot;:&quot;--&quot;,&quot;caption&quot;:&quot;filter: 0; fileterIntensity: 0.0; filterMask: 0; module: photo;hw-remosaic: false;touch: (-1.0, -1.0);sceneMode: 2;cct_value: 0;AI_Scene: (-1, -1);aec_lux: 0.0;aec_lux_index: 0;HdrStatus: auto;albedo:  ;confidence:  ;motionLevel: -1;weatherinfo: null;temperature: 35;&quot;,&quot;created_timestamp&quot;:&quot;1777337785&quot;,&quot;copyright&quot;:&quot;&quot;,&quot;focal_length&quot;:&quot;0&quot;,&quot;iso&quot;:&quot;0&quot;,&quot;shutter_speed&quot;:&quot;0&quot;,&quot;title&quot;:&quot;&quot;,&quot;orientation&quot;:&quot;1&quot;}\" data-image-title=\"IMG_20260426_160503\" data-image-description=\"\" data-image-caption=\"&lt;p&gt;filter: 0; fileterIntensity: 0.0; filterMask: 0; module: photo;hw-remosaic: false;touch: (-1.0, -1.0);sceneMode: 2;cct_value: 0;AI_Scene: (-1, -1);aec_lux: 0.0;aec_lux_index: 0;HdrStatus: auto;albedo:  ;confidence:  ;motionLevel: -1;weatherinfo: null;temperature: 35;&lt;\/p&gt;\n\" data-large-file=\"https:\/\/www.jornalja.com.br\/geral\/wp-content\/uploads\/sites\/4\/2026\/04\/img-20260426-160503-1-675x900.jpg\" src=\"https:\/\/www.jornalja.com.br\/geral\/wp-content\/uploads\/sites\/4\/2026\/04\/img-20260426-160503-1-675x900.jpg\" alt=\"\" class=\"wp-image-101189\" srcset=\"https:\/\/www.jornalja.com.br\/geral\/wp-content\/uploads\/sites\/4\/2026\/04\/img-20260426-160503-1-675x900.jpg 675w, https:\/\/www.jornalja.com.br\/geral\/wp-content\/uploads\/sites\/4\/2026\/04\/img-20260426-160503-1-338x450.jpg 338w, https:\/\/www.jornalja.com.br\/geral\/wp-content\/uploads\/sites\/4\/2026\/04\/img-20260426-160503-1-768x1024.jpg 768w, https:\/\/www.jornalja.com.br\/geral\/wp-content\/uploads\/sites\/4\/2026\/04\/img-20260426-160503-1-1152x1536.jpg 1152w, https:\/\/www.jornalja.com.br\/geral\/wp-content\/uploads\/sites\/4\/2026\/04\/img-20260426-160503-1-1536x2048.jpg 1536w, https:\/\/www.jornalja.com.br\/geral\/wp-content\/uploads\/sites\/4\/2026\/04\/img-20260426-160503-1-scaled.jpg 1920w\" sizes=\"(max-width: 675px) 100vw, 675px\" \/><figcaption class=\"wp-element-caption\">O Justo Bar integra o cons\u00f3rcio que vai selecionar os ocupantes dos espa\u00e7os sob as escadarias \/ EB\/J\u00c1<\/figcaption><\/figure>\n\n\n\n<p>A Porto Alegre Mal Assombrada&nbsp;oferece roteiros culturais que exploram o lado misterioso e as lendas urbanas do Centro Hist\u00f3rico, partindo do pr\u00f3prio viaduto.<\/p>\n\n\n\n<p>Faz parte do contrato de concess\u00e3o a promo\u00e7\u00e3o de pelo menos\u00a0quatro eventos culturais por ano, com funcionamento das lojas estendido at\u00e9 as 22h. <\/p>\n\n\n\n<p>A seguir: <strong>Viaduto restaurado (2):<\/strong> <strong> foram 20 anos entre a decis\u00e3o e a conclus\u00e3o da reforma <\/strong><\/p>\n\n\n\n<p><\/p>\n","protected":false},"excerpt":{"rendered":"<p>Desde 1\u00ba de abril, est\u00e1 oficialmente conclu\u00edda a mais completa restaura\u00e7\u00e3o do Viaduto Ot\u00e1vio Rocha, uma das maiores obras vi\u00e1rias e, ao mesmo tempo, o principal monumento de Porto Alegre. Retirados os tapumes e aberto ao p\u00fablico e ao tr\u00e2nsito, o viaduto est\u00e1, desde ent\u00e3o, sob a vigil\u00e2ncia permanente da Guarda Municipal para evitar as [&hellip;]<\/p>\n","protected":false},"author":5,"featured_media":101185,"comment_status":"closed","ping_status":"open","sticky":false,"template":"","format":"standard","meta":{"jetpack_post_was_ever_published":false,"_jetpack_newsletter_access":"","_jetpack_dont_email_post_to_subs":false,"_jetpack_newsletter_tier_id":0,"_jetpack_memberships_contains_paywalled_content":false,"_jetpack_memberships_contains_paid_content":false,"footnotes":"","jetpack_publicize_message":"","jetpack_publicize_feature_enabled":true,"jetpack_social_post_already_shared":true,"jetpack_social_options":{"image_generator_settings":{"template":"highway","default_image_id":0,"font":"","enabled":false},"version":2}},"categories":[2],"tags":[],"class_list":["post-101182","post","type-post","status-publish","format-standard","has-post-thumbnail","hentry","category-geral"],"aioseo_notices":[],"jetpack_publicize_connections":[],"jetpack_featured_media_url":"https:\/\/www.jornalja.com.br\/geral\/wp-content\/uploads\/sites\/4\/2026\/04\/img-20260426-160651-scaled.jpg","jetpack_shortlink":"https:\/\/wp.me\/pbKhrD-qjY","jetpack-related-posts":[{"id":100257,"url":"https:\/\/www.jornalja.com.br\/geral\/reforma-interminavel-100-de-atraso-e-40-de-aumento-no-custo-das-obras-do-viaduto\/","url_meta":{"origin":101182,"position":0},"title":"Reforma intermin\u00e1vel: 100% de atraso e 40% de aumento no custo nas obras do Viaduto","author":"da Reda\u00e7\u00e3o","date":"24 de novembro de 2025","format":false,"excerpt":"Dados divulgados pelo vereador Pedro Ruas na semana passada e n\u00e3o contestados questionam o andamento da reforma do Viaduto Ot\u00e1vio Rocha, em Porto Alegre. L\u00edder do PSOL e decano da C\u00e2mara Municipal, Ruas diz que \"houve cinco termos aditivos sucessivos para a obra do Viaduto Ot\u00e1vio Rocha, na avenida Borges\u2026","rel":"","context":"Em &quot;Geral-MAT\u00c9RIA&quot;","block_context":{"text":"Geral-MAT\u00c9RIA","link":"https:\/\/www.jornalja.com.br\/geral\/category\/geral\/"},"img":{"alt_text":"","src":"https:\/\/i0.wp.com\/www.jornalja.com.br\/geral\/wp-content\/uploads\/sites\/4\/2025\/11\/viaduto-homens-do-sirex-scaled.jpg?resize=350%2C200&ssl=1","width":350,"height":200,"srcset":"https:\/\/i0.wp.com\/www.jornalja.com.br\/geral\/wp-content\/uploads\/sites\/4\/2025\/11\/viaduto-homens-do-sirex-scaled.jpg?resize=350%2C200&ssl=1 1x, https:\/\/i0.wp.com\/www.jornalja.com.br\/geral\/wp-content\/uploads\/sites\/4\/2025\/11\/viaduto-homens-do-sirex-scaled.jpg?resize=525%2C300&ssl=1 1.5x, https:\/\/i0.wp.com\/www.jornalja.com.br\/geral\/wp-content\/uploads\/sites\/4\/2025\/11\/viaduto-homens-do-sirex-scaled.jpg?resize=700%2C400&ssl=1 2x, https:\/\/i0.wp.com\/www.jornalja.com.br\/geral\/wp-content\/uploads\/sites\/4\/2025\/11\/viaduto-homens-do-sirex-scaled.jpg?resize=1050%2C600&ssl=1 3x, https:\/\/i0.wp.com\/www.jornalja.com.br\/geral\/wp-content\/uploads\/sites\/4\/2025\/11\/viaduto-homens-do-sirex-scaled.jpg?resize=1400%2C800&ssl=1 4x"},"classes":[]},{"id":97162,"url":"https:\/\/www.jornalja.com.br\/geral\/vamos-lutar-para-entregar-em-outubro-diz-responsavel-pelas-obras-do-viaduto-da-borges\/","url_meta":{"origin":101182,"position":1},"title":"\u201cVamos lutar para entregar em outubro\u201d, diz respons\u00e1vel pelas obras do Viaduto da Borges","author":"da Reda\u00e7\u00e3o","date":"11 de abril de 2024","format":false,"excerpt":"\u201cA data \u00e9 agosto, como est\u00e1 no nosso site\u201d, disse ao rep\u00f3rter Nei Rafael Filho a assessora de imprensa da Secretaria Municipal de Obras e Infraestrutura, Larissa Carlosso, nesta quarta-feira, 10 de abril. \u201dVamos lutar para entregar em outubro\u201d, informou na mesma tarde o engenheiro Wilson Braga, respons\u00e1vel pelas obras\u2026","rel":"","context":"Em &quot;Geral-MAT\u00c9RIA&quot;","block_context":{"text":"Geral-MAT\u00c9RIA","link":"https:\/\/www.jornalja.com.br\/geral\/category\/geral\/"},"img":{"alt_text":"","src":"https:\/\/i0.wp.com\/www.jornalja.com.br\/geral\/wp-content\/uploads\/sites\/4\/2024\/03\/viaduto-conflagrado-2911202-1-scaled.jpg?resize=350%2C200&ssl=1","width":350,"height":200,"srcset":"https:\/\/i0.wp.com\/www.jornalja.com.br\/geral\/wp-content\/uploads\/sites\/4\/2024\/03\/viaduto-conflagrado-2911202-1-scaled.jpg?resize=350%2C200&ssl=1 1x, https:\/\/i0.wp.com\/www.jornalja.com.br\/geral\/wp-content\/uploads\/sites\/4\/2024\/03\/viaduto-conflagrado-2911202-1-scaled.jpg?resize=525%2C300&ssl=1 1.5x, https:\/\/i0.wp.com\/www.jornalja.com.br\/geral\/wp-content\/uploads\/sites\/4\/2024\/03\/viaduto-conflagrado-2911202-1-scaled.jpg?resize=700%2C400&ssl=1 2x, https:\/\/i0.wp.com\/www.jornalja.com.br\/geral\/wp-content\/uploads\/sites\/4\/2024\/03\/viaduto-conflagrado-2911202-1-scaled.jpg?resize=1050%2C600&ssl=1 3x, https:\/\/i0.wp.com\/www.jornalja.com.br\/geral\/wp-content\/uploads\/sites\/4\/2024\/03\/viaduto-conflagrado-2911202-1-scaled.jpg?resize=1400%2C800&ssl=1 4x"},"classes":[]},{"id":99387,"url":"https:\/\/www.jornalja.com.br\/geral\/viaduto-da-borges-obras-de-revitalizacao-completam-tres-anos-sem-data-para-terminar\/","url_meta":{"origin":101182,"position":2},"title":"Viaduto da Borges: obras de revitaliza\u00e7\u00e3o completam tr\u00eas anos sem data para terminar","author":"da Reda\u00e7\u00e3o","date":"25 de agosto de 2025","format":false,"excerpt":"No dia 25 de agosto de 2022, a prefeitura\u00a0 de Porto Alegre anunciou o inicio das obras de restaura\u00e7\u00e3o do Viaduto Ot\u00e1vio Rocha, o maior monumento e um dos cart\u00f5es postais da cidade, na avenida Borges de Medeiros. Em 11 de dezembro, uma placa no canteiro de obras marcava os\u2026","rel":"","context":"Em &quot;Geral-MAT\u00c9RIA&quot;","block_context":{"text":"Geral-MAT\u00c9RIA","link":"https:\/\/www.jornalja.com.br\/geral\/category\/geral\/"},"img":{"alt_text":"","src":"https:\/\/i0.wp.com\/www.jornalja.com.br\/geral\/wp-content\/uploads\/sites\/4\/2025\/08\/viaduto-embairo-passantes-scaled.jpg?resize=350%2C200&ssl=1","width":350,"height":200,"srcset":"https:\/\/i0.wp.com\/www.jornalja.com.br\/geral\/wp-content\/uploads\/sites\/4\/2025\/08\/viaduto-embairo-passantes-scaled.jpg?resize=350%2C200&ssl=1 1x, https:\/\/i0.wp.com\/www.jornalja.com.br\/geral\/wp-content\/uploads\/sites\/4\/2025\/08\/viaduto-embairo-passantes-scaled.jpg?resize=525%2C300&ssl=1 1.5x, https:\/\/i0.wp.com\/www.jornalja.com.br\/geral\/wp-content\/uploads\/sites\/4\/2025\/08\/viaduto-embairo-passantes-scaled.jpg?resize=700%2C400&ssl=1 2x, https:\/\/i0.wp.com\/www.jornalja.com.br\/geral\/wp-content\/uploads\/sites\/4\/2025\/08\/viaduto-embairo-passantes-scaled.jpg?resize=1050%2C600&ssl=1 3x, https:\/\/i0.wp.com\/www.jornalja.com.br\/geral\/wp-content\/uploads\/sites\/4\/2025\/08\/viaduto-embairo-passantes-scaled.jpg?resize=1400%2C800&ssl=1 4x"},"classes":[]},{"id":100988,"url":"https:\/\/www.jornalja.com.br\/geral\/terreno-a-venda-no-alto-do-viaduto-otavio-rocha-tem-projeto-para-predio-de-seis-andares\/","url_meta":{"origin":101182,"position":3},"title":"Terreno \u00e0 venda no alto do viaduto Ot\u00e1vio Rocha tem projeto para pr\u00e9dio de seis andares","author":"Elmar Bones","date":"6 de abril de 2026","format":false,"excerpt":"\u00daltimo espa\u00e7o dispon\u00edvel no local, um terreno de quase 200 metros quadrados (9,5mx 20m) est\u00e1 \u00e0 venda no alto do viaduto Ot\u00e1vio Rocha, no Centro de Porto Alegre. A \u00e1rea, que pertencia ao munic\u00edpio, foi adquirida num leil\u00e3o pelo corretor de im\u00f3veis Ademir Carraro, em 2003. Ele chegou a aprovar\u2026","rel":"","context":"Em &quot;Geral-MAT\u00c9RIA&quot;","block_context":{"text":"Geral-MAT\u00c9RIA","link":"https:\/\/www.jornalja.com.br\/geral\/category\/geral\/"},"img":{"alt_text":"","src":"https:\/\/i0.wp.com\/www.jornalja.com.br\/geral\/wp-content\/uploads\/sites\/4\/2026\/04\/terreno-2.png?resize=350%2C200&ssl=1","width":350,"height":200,"srcset":"https:\/\/i0.wp.com\/www.jornalja.com.br\/geral\/wp-content\/uploads\/sites\/4\/2026\/04\/terreno-2.png?resize=350%2C200&ssl=1 1x, https:\/\/i0.wp.com\/www.jornalja.com.br\/geral\/wp-content\/uploads\/sites\/4\/2026\/04\/terreno-2.png?resize=525%2C300&ssl=1 1.5x, https:\/\/i0.wp.com\/www.jornalja.com.br\/geral\/wp-content\/uploads\/sites\/4\/2026\/04\/terreno-2.png?resize=700%2C400&ssl=1 2x"},"classes":[]},{"id":100027,"url":"https:\/\/www.jornalja.com.br\/geral\/prefeitura-estuda-pacote-de-incentivos-transformar-centro-historico-em-territorio-de-oportunidades\/","url_meta":{"origin":101182,"position":4},"title":"Melo anuncia &#8220;pacote de incentivos&#8221; para transformar centro hist\u00f3rico em &#8220;territ\u00f3rio de oportunidades&#8221;.","author":"da Reda\u00e7\u00e3o","date":"15 de outubro de 2025","format":false,"excerpt":"A prefeitura de Porto Alegre encomendou pesquisa \u00e0 empresa \"Palco Intelig\u00eancia de Neg\u00f3cios\" para saber o que precisa ser feito para tornar o centro hist\u00f3rico\u00a0 \"num territ\u00f3rio de oportunidades\".\u00a0 Os question\u00e1rios foram aplicados em julho. Nesta quarta-feira, 15\/9, foram anunciadas as primeiras iniciativas previstas a partir dos resultados da pesquisa,\u2026","rel":"","context":"Em &quot;Geral-MAT\u00c9RIA&quot;","block_context":{"text":"Geral-MAT\u00c9RIA","link":"https:\/\/www.jornalja.com.br\/geral\/category\/geral\/"},"img":{"alt_text":"","src":"https:\/\/i0.wp.com\/www.jornalja.com.br\/geral\/wp-content\/uploads\/sites\/4\/2025\/10\/centro-historico-projeto.jpg?resize=350%2C200&ssl=1","width":350,"height":200,"srcset":"https:\/\/i0.wp.com\/www.jornalja.com.br\/geral\/wp-content\/uploads\/sites\/4\/2025\/10\/centro-historico-projeto.jpg?resize=350%2C200&ssl=1 1x, https:\/\/i0.wp.com\/www.jornalja.com.br\/geral\/wp-content\/uploads\/sites\/4\/2025\/10\/centro-historico-projeto.jpg?resize=525%2C300&ssl=1 1.5x, https:\/\/i0.wp.com\/www.jornalja.com.br\/geral\/wp-content\/uploads\/sites\/4\/2025\/10\/centro-historico-projeto.jpg?resize=700%2C400&ssl=1 2x"},"classes":[]},{"id":98521,"url":"https:\/\/www.jornalja.com.br\/geral\/acessibilidade-viaduto-da-borges-tera-quatro-elevadores-e-corrimaos-na-escadaria\/","url_meta":{"origin":101182,"position":5},"title":"Acessibilidade: Viaduto da Borges ter\u00e1 quatro elevadores e corrim\u00e3os na escadaria","author":"da Reda\u00e7\u00e3o","date":"19 de mar\u00e7o de 2025","format":false,"excerpt":"A reforma do Viaduto Ot\u00e1vio Rocha, um dos s\u00cdmbolos urbanos de Porto Alegre, completou dois anos neste m\u00eas de mar\u00e7o de 2025. Vai exigir, pelo menos, mais um ano de trabalho, segundo informam ao J\u00c1 as equipes que est\u00e3o instalando os quatro elevadores junto \u00e0s escadarias que ligam a avenida\u2026","rel":"","context":"Em &quot;Geral-MAT\u00c9RIA&quot;","block_context":{"text":"Geral-MAT\u00c9RIA","link":"https:\/\/www.jornalja.com.br\/geral\/category\/geral\/"},"img":{"alt_text":"","src":"https:\/\/i0.wp.com\/www.jornalja.com.br\/geral\/wp-content\/uploads\/sites\/4\/2025\/03\/viaduto-reforma-elevadores-scaled.jpg?resize=350%2C200&ssl=1","width":350,"height":200,"srcset":"https:\/\/i0.wp.com\/www.jornalja.com.br\/geral\/wp-content\/uploads\/sites\/4\/2025\/03\/viaduto-reforma-elevadores-scaled.jpg?resize=350%2C200&ssl=1 1x, https:\/\/i0.wp.com\/www.jornalja.com.br\/geral\/wp-content\/uploads\/sites\/4\/2025\/03\/viaduto-reforma-elevadores-scaled.jpg?resize=525%2C300&ssl=1 1.5x, https:\/\/i0.wp.com\/www.jornalja.com.br\/geral\/wp-content\/uploads\/sites\/4\/2025\/03\/viaduto-reforma-elevadores-scaled.jpg?resize=700%2C400&ssl=1 2x, https:\/\/i0.wp.com\/www.jornalja.com.br\/geral\/wp-content\/uploads\/sites\/4\/2025\/03\/viaduto-reforma-elevadores-scaled.jpg?resize=1050%2C600&ssl=1 3x, https:\/\/i0.wp.com\/www.jornalja.com.br\/geral\/wp-content\/uploads\/sites\/4\/2025\/03\/viaduto-reforma-elevadores-scaled.jpg?resize=1400%2C800&ssl=1 4x"},"classes":[]}],"jetpack_sharing_enabled":true,"_links":{"self":[{"href":"https:\/\/www.jornalja.com.br\/geral\/wp-json\/wp\/v2\/posts\/101182","targetHints":{"allow":["GET"]}}],"collection":[{"href":"https:\/\/www.jornalja.com.br\/geral\/wp-json\/wp\/v2\/posts"}],"about":[{"href":"https:\/\/www.jornalja.com.br\/geral\/wp-json\/wp\/v2\/types\/post"}],"author":[{"embeddable":true,"href":"https:\/\/www.jornalja.com.br\/geral\/wp-json\/wp\/v2\/users\/5"}],"replies":[{"embeddable":true,"href":"https:\/\/www.jornalja.com.br\/geral\/wp-json\/wp\/v2\/comments?post=101182"}],"version-history":[{"count":5,"href":"https:\/\/www.jornalja.com.br\/geral\/wp-json\/wp\/v2\/posts\/101182\/revisions"}],"predecessor-version":[{"id":101196,"href":"https:\/\/www.jornalja.com.br\/geral\/wp-json\/wp\/v2\/posts\/101182\/revisions\/101196"}],"wp:featuredmedia":[{"embeddable":true,"href":"https:\/\/www.jornalja.com.br\/geral\/wp-json\/wp\/v2\/media\/101185"}],"wp:attachment":[{"href":"https:\/\/www.jornalja.com.br\/geral\/wp-json\/wp\/v2\/media?parent=101182"}],"wp:term":[{"taxonomy":"category","embeddable":true,"href":"https:\/\/www.jornalja.com.br\/geral\/wp-json\/wp\/v2\/categories?post=101182"},{"taxonomy":"post_tag","embeddable":true,"href":"https:\/\/www.jornalja.com.br\/geral\/wp-json\/wp\/v2\/tags?post=101182"}],"curies":[{"name":"wp","href":"https:\/\/api.w.org\/{rel}","templated":true}]}}