{"id":101220,"date":"2026-05-01T13:08:55","date_gmt":"2026-05-01T16:08:55","guid":{"rendered":"https:\/\/www.jornalja.com.br\/geral\/?p=101220"},"modified":"2026-05-01T14:28:46","modified_gmt":"2026-05-01T17:28:46","slug":"viaduto-restaurado-3-revestimento-que-da-cor-original-foi-o-maior-desafio","status":"publish","type":"post","link":"https:\/\/www.jornalja.com.br\/geral\/viaduto-restaurado-3-revestimento-que-da-cor-original-foi-o-maior-desafio\/","title":{"rendered":"Viaduto Restaurado (3): Revestimento que d\u00e1 cor original foi o maior desafio"},"content":{"rendered":"\n<p>O maior desafio da reforma do viaduto Ot\u00e1vio Rocha, rec\u00e9m conclu\u00edda, foi o revestimento, degradado por d\u00e9cadas de polui\u00e7\u00e3o e picha\u00e7\u00f5es. Foi preciso remover a crosta de sujeira sem agredir os cristais de mica da cobertura original. O revestimento do viaduto n\u00e3o \u00e9 pintura, mas uma&nbsp;massa conhecida como&nbsp;Cirex, nome da empresa que fabricava o produto e que n\u00e3o existe mais. Trata-se de uma mistura de cimento branco, cal,&nbsp;mica e p\u00f3 de m\u00e1rmore ou granito.&nbsp;<\/p>\n\n\n\n<figure class=\"wp-block-image alignleft size-large is-resized\"><img decoding=\"async\" width=\"675\" height=\"900\" data-attachment-id=\"101227\" data-permalink=\"https:\/\/www.jornalja.com.br\/geral\/viaduto-restaurado-3-revestimento-que-da-cor-original-foi-o-maior-desafio\/r-57\/\" data-orig-file=\"https:\/\/www.jornalja.com.br\/geral\/wp-content\/uploads\/sites\/4\/2026\/04\/viaduto-detalhe-sirex-scaled.jpg\" data-orig-size=\"1920,2560\" data-comments-opened=\"0\" data-image-meta=\"{&quot;aperture&quot;:&quot;1.7&quot;,&quot;credit&quot;:&quot;&quot;,&quot;camera&quot;:&quot;SM-J810M&quot;,&quot;caption&quot;:&quot;^R&quot;,&quot;created_timestamp&quot;:&quot;1753197743&quot;,&quot;copyright&quot;:&quot;&quot;,&quot;focal_length&quot;:&quot;3.93&quot;,&quot;iso&quot;:&quot;40&quot;,&quot;shutter_speed&quot;:&quot;0.016666666666667&quot;,&quot;title&quot;:&quot;^R&quot;,&quot;orientation&quot;:&quot;1&quot;}\" data-image-title=\"^R\" data-image-description=\"\" data-image-caption=\"&lt;p&gt;^R&lt;\/p&gt;\n\" data-large-file=\"https:\/\/www.jornalja.com.br\/geral\/wp-content\/uploads\/sites\/4\/2026\/04\/viaduto-detalhe-sirex-675x900.jpg\" src=\"https:\/\/www.jornalja.com.br\/geral\/wp-content\/uploads\/sites\/4\/2026\/04\/viaduto-detalhe-sirex-675x900.jpg\" alt=\"\" class=\"wp-image-101227\" style=\"width:321px;height:auto\" srcset=\"https:\/\/www.jornalja.com.br\/geral\/wp-content\/uploads\/sites\/4\/2026\/04\/viaduto-detalhe-sirex-675x900.jpg 675w, https:\/\/www.jornalja.com.br\/geral\/wp-content\/uploads\/sites\/4\/2026\/04\/viaduto-detalhe-sirex-338x450.jpg 338w, https:\/\/www.jornalja.com.br\/geral\/wp-content\/uploads\/sites\/4\/2026\/04\/viaduto-detalhe-sirex-768x1024.jpg 768w, https:\/\/www.jornalja.com.br\/geral\/wp-content\/uploads\/sites\/4\/2026\/04\/viaduto-detalhe-sirex-1152x1536.jpg 1152w, https:\/\/www.jornalja.com.br\/geral\/wp-content\/uploads\/sites\/4\/2026\/04\/viaduto-detalhe-sirex-1536x2048.jpg 1536w, https:\/\/www.jornalja.com.br\/geral\/wp-content\/uploads\/sites\/4\/2026\/04\/viaduto-detalhe-sirex-scaled.jpg 1920w\" sizes=\"(max-width: 675px) 100vw, 675px\" \/><figcaption class=\"wp-element-caption\">Restaura\u00e7\u00e3o do cirex<\/figcaption><\/figure>\n\n\n\n<p>Nos locais onde o reboco havia ca\u00eddo, os t\u00e9cnicos da Concrejato&nbsp;precisaram criar uma mistura id\u00eantica \u00e0 de 1928. Isso envolveu testes de laborat\u00f3rio para acertar a mistura e  garantir que as partes novas n\u00e3o ficassem com cor diferente das antigas.<\/p>\n\n\n\n<p>A mica presente no p\u00f3 de granito \u00e9 o que d\u00e1 aquele brilho discreto quando o sol bate na estrutura. Diferente da tinta, o cirex n\u00e3o descasca, \u00e9 uma camada de &#8220;pedra artificial&#8221; que adere profundamente ao concreto.<\/p>\n\n\n\n<p>Sobre o revestimento, foi aplicada uma camada de&nbsp;hidrofugante (produto qu\u00edmico que repele a \u00e1gua), que permite a remo\u00e7\u00e3o r\u00e1pida de picha\u00e7\u00f5es, com o uso de lavadoras de alta press\u00e3o (<em>lava-jato<\/em>).<\/p>\n\n\n\n<figure class=\"wp-block-image size-large\"><img decoding=\"async\" width=\"900\" height=\"675\" data-attachment-id=\"101229\" data-permalink=\"https:\/\/www.jornalja.com.br\/geral\/viaduto-restaurado-3-revestimento-que-da-cor-original-foi-o-maior-desafio\/20260424_180958-2\/\" data-orig-file=\"https:\/\/www.jornalja.com.br\/geral\/wp-content\/uploads\/sites\/4\/2026\/04\/20260424-180958-1-scaled.jpg\" data-orig-size=\"2560,1920\" data-comments-opened=\"0\" data-image-meta=\"{&quot;aperture&quot;:&quot;1.8&quot;,&quot;credit&quot;:&quot;&quot;,&quot;camera&quot;:&quot;SM-A325M&quot;,&quot;caption&quot;:&quot;&quot;,&quot;created_timestamp&quot;:&quot;1777054198&quot;,&quot;copyright&quot;:&quot;&quot;,&quot;focal_length&quot;:&quot;4.6&quot;,&quot;iso&quot;:&quot;800&quot;,&quot;shutter_speed&quot;:&quot;0.041666666666667&quot;,&quot;title&quot;:&quot;&quot;,&quot;orientation&quot;:&quot;1&quot;}\" data-image-title=\"20260424_180958\" data-image-description=\"\" data-image-caption=\"\" data-large-file=\"https:\/\/www.jornalja.com.br\/geral\/wp-content\/uploads\/sites\/4\/2026\/04\/20260424-180958-1-900x675.jpg\" src=\"https:\/\/www.jornalja.com.br\/geral\/wp-content\/uploads\/sites\/4\/2026\/04\/20260424-180958-1-900x675.jpg\" alt=\"\" class=\"wp-image-101229\" srcset=\"https:\/\/www.jornalja.com.br\/geral\/wp-content\/uploads\/sites\/4\/2026\/04\/20260424-180958-1-900x675.jpg 900w, https:\/\/www.jornalja.com.br\/geral\/wp-content\/uploads\/sites\/4\/2026\/04\/20260424-180958-1-450x338.jpg 450w, https:\/\/www.jornalja.com.br\/geral\/wp-content\/uploads\/sites\/4\/2026\/04\/20260424-180958-1-768x576.jpg 768w, https:\/\/www.jornalja.com.br\/geral\/wp-content\/uploads\/sites\/4\/2026\/04\/20260424-180958-1-1536x1152.jpg 1536w, https:\/\/www.jornalja.com.br\/geral\/wp-content\/uploads\/sites\/4\/2026\/04\/20260424-180958-1-2048x1536.jpg 2048w\" sizes=\"(max-width: 900px) 100vw, 900px\" \/><\/figure>\n\n\n\n<p>Houve adapta\u00e7\u00f5es para atender as exig\u00eancias de seguran\u00e7a e mobilidade. Nos arcos e no piso da avenida Borges de Medeiros, por exemplo, foram instaladas 342 l\u00e2mpadas de LED, controladas por fotoc\u00e9lulas com economia de 50% no consumo de energia, segundo a prefeitura.<\/p>\n\n\n\n<p>Foram instaladas quatro estruturas de vidro&nbsp;no topo do viaduto, para abrigar \u00e1reas de servi\u00e7o e infraestrutura. &nbsp;<\/p>\n\n\n\n<p>As adapta\u00e7\u00f5es para atender \u00e0s normas de&nbsp;acessibilidade inclu\u00edram piso t\u00e1til nas cal\u00e7adas e corrim\u00f5es de metal nas escadarias. O plano de preven\u00e7\u00e3o de inc\u00eandio foi refeito.<\/p>\n\n\n\n<p>Foram feitas adapta\u00e7\u00f5es nas cal\u00e7adas da Avenida Borges de Medeiros e da Rua Duque de Caxias para facilitar o acesso de cadeirantes aos pontos de \u00f4nibus e \u00e0s lojas, deixando o trajeto no entorno nivelado.<\/p>\n\n\n\n<p><strong>Elevadores foram descartados<\/strong><\/p>\n\n\n\n<p>Um dos pontos mais debatidos do projeto de revitaliza\u00e7\u00e3o, foi a instala\u00e7\u00e3o de elevadores, ligando o t\u00e9rreo \u00e0s escadarias. A ideia foi descartada, em nome das caracter\u00edsticas originais do viaduto, tombado pelo munic\u00edpio desde 1988. Ao final, &nbsp;a instala\u00e7\u00e3o de elevadores externos ou internos &#8220;perfurando&#8221; a estrutura original foi considerada uma interven\u00e7\u00e3o muito agressiva pelo&nbsp;EPAHC&nbsp;(Equipe de Patrim\u00f4nio Hist\u00f3rico e Cultural).<\/p>\n\n\n\n<p>Leia tamb\u00e9m:<\/p>\n\n\n\n<figure class=\"wp-block-embed is-type-wp-embed is-provider-geral wp-block-embed-geral\"><div class=\"wp-block-embed__wrapper\">\n<blockquote class=\"wp-embedded-content\" data-secret=\"OChuDSwyOU\"><a href=\"https:\/\/www.jornalja.com.br\/geral\/viaduto-restaurado-1-guarda-municipal-vigia-24-horas-para-evitar-pichacoes-antes-da-inauguracao\/\">Viaduto restaurado (1): Guarda Municipal vigia 24 horas para evitar picha\u00e7\u00f5es antes da inaugura\u00e7\u00e3o<\/a><\/blockquote><iframe class=\"wp-embedded-content\" sandbox=\"allow-scripts\" security=\"restricted\" style=\"position: absolute; visibility: hidden;\" title=\"&#8220;Viaduto restaurado (1): Guarda Municipal vigia 24 horas para evitar picha\u00e7\u00f5es antes da inaugura\u00e7\u00e3o&#8221; &#8212; Geral\" src=\"https:\/\/www.jornalja.com.br\/geral\/viaduto-restaurado-1-guarda-municipal-vigia-24-horas-para-evitar-pichacoes-antes-da-inauguracao\/embed\/#?secret=UgL8B1KbWU#?secret=OChuDSwyOU\" data-secret=\"OChuDSwyOU\" width=\"500\" height=\"282\" frameborder=\"0\" marginwidth=\"0\" marginheight=\"0\" scrolling=\"no\"><\/iframe>\n<\/div><\/figure>\n\n\n\n<figure class=\"wp-block-embed is-type-wp-embed is-provider-geral wp-block-embed-geral\"><div class=\"wp-block-embed__wrapper\">\n<blockquote class=\"wp-embedded-content\" data-secret=\"VZrbkNkSYj\"><a href=\"https:\/\/www.jornalja.com.br\/geral\/viaduto-restaurado-2-quase-centenaria-a-grande-obra-nunca-teve-uma-inauguracao-oficial\/\">Viaduto restaurado (2): Quase centen\u00e1ria, a grande obra nunca teve  uma inaugura\u00e7\u00e3o oficial<\/a><\/blockquote><iframe class=\"wp-embedded-content\" sandbox=\"allow-scripts\" security=\"restricted\" style=\"position: absolute; visibility: hidden;\" title=\"&#8220;Viaduto restaurado (2): Quase centen\u00e1ria, a grande obra nunca teve  uma inaugura\u00e7\u00e3o oficial&#8221; &#8212; Geral\" src=\"https:\/\/www.jornalja.com.br\/geral\/viaduto-restaurado-2-quase-centenaria-a-grande-obra-nunca-teve-uma-inauguracao-oficial\/embed\/#?secret=R9tmLFv8De#?secret=VZrbkNkSYj\" data-secret=\"VZrbkNkSYj\" width=\"500\" height=\"282\" frameborder=\"0\" marginwidth=\"0\" marginheight=\"0\" scrolling=\"no\"><\/iframe>\n<\/div><\/figure>\n","protected":false},"excerpt":{"rendered":"<p>O maior desafio da reforma do viaduto Ot\u00e1vio Rocha, rec\u00e9m conclu\u00edda, foi o revestimento, degradado por d\u00e9cadas de polui\u00e7\u00e3o e picha\u00e7\u00f5es. Foi preciso remover a crosta de sujeira sem agredir os cristais de mica da cobertura original. O revestimento do viaduto n\u00e3o \u00e9 pintura, mas uma&nbsp;massa conhecida como&nbsp;Cirex, nome da empresa que fabricava o produto [&hellip;]<\/p>\n","protected":false},"author":5,"featured_media":101226,"comment_status":"closed","ping_status":"open","sticky":false,"template":"","format":"standard","meta":{"jetpack_post_was_ever_published":false,"_jetpack_newsletter_access":"","_jetpack_dont_email_post_to_subs":false,"_jetpack_newsletter_tier_id":0,"_jetpack_memberships_contains_paywalled_content":false,"_jetpack_memberships_contains_paid_content":false,"footnotes":"","jetpack_publicize_message":"","jetpack_publicize_feature_enabled":true,"jetpack_social_post_already_shared":true,"jetpack_social_options":{"image_generator_settings":{"template":"highway","default_image_id":0,"font":"","enabled":false},"version":2}},"categories":[2],"tags":[],"class_list":["post-101220","post","type-post","status-publish","format-standard","has-post-thumbnail","hentry","category-geral"],"aioseo_notices":[],"jetpack_publicize_connections":[],"jetpack_featured_media_url":"https:\/\/www.jornalja.com.br\/geral\/wp-content\/uploads\/sites\/4\/2026\/04\/img-20260426-160135-scaled.jpg","jetpack_shortlink":"https:\/\/wp.me\/pbKhrD-qkA","jetpack-related-posts":[{"id":101182,"url":"https:\/\/www.jornalja.com.br\/geral\/viaduto-restaurado-1-guarda-municipal-vigia-24-horas-para-evitar-pichacoes-antes-da-inauguracao\/","url_meta":{"origin":101220,"position":0},"title":"Viaduto restaurado (1): Guarda Municipal vigia 24 horas para evitar picha\u00e7\u00f5es antes da inaugura\u00e7\u00e3o","author":"Elmar Bones","date":"28 de abril de 2026","format":false,"excerpt":"Desde 1\u00ba de abril, est\u00e1 oficialmente conclu\u00edda a mais completa restaura\u00e7\u00e3o do Viaduto Ot\u00e1vio Rocha, uma das maiores obras vi\u00e1rias e, ao mesmo tempo, o principal monumento de Porto Alegre. Retirados os tapumes e aberto ao p\u00fablico e ao tr\u00e2nsito, o viaduto est\u00e1, desde ent\u00e3o, sob a vigil\u00e2ncia permanente da\u2026","rel":"","context":"Em &quot;Geral-MAT\u00c9RIA&quot;","block_context":{"text":"Geral-MAT\u00c9RIA","link":"https:\/\/www.jornalja.com.br\/geral\/category\/geral\/"},"img":{"alt_text":"","src":"https:\/\/i0.wp.com\/www.jornalja.com.br\/geral\/wp-content\/uploads\/sites\/4\/2026\/04\/img-20260426-160651-scaled.jpg?resize=350%2C200&ssl=1","width":350,"height":200,"srcset":"https:\/\/i0.wp.com\/www.jornalja.com.br\/geral\/wp-content\/uploads\/sites\/4\/2026\/04\/img-20260426-160651-scaled.jpg?resize=350%2C200&ssl=1 1x, https:\/\/i0.wp.com\/www.jornalja.com.br\/geral\/wp-content\/uploads\/sites\/4\/2026\/04\/img-20260426-160651-scaled.jpg?resize=525%2C300&ssl=1 1.5x, https:\/\/i0.wp.com\/www.jornalja.com.br\/geral\/wp-content\/uploads\/sites\/4\/2026\/04\/img-20260426-160651-scaled.jpg?resize=700%2C400&ssl=1 2x, https:\/\/i0.wp.com\/www.jornalja.com.br\/geral\/wp-content\/uploads\/sites\/4\/2026\/04\/img-20260426-160651-scaled.jpg?resize=1050%2C600&ssl=1 3x, https:\/\/i0.wp.com\/www.jornalja.com.br\/geral\/wp-content\/uploads\/sites\/4\/2026\/04\/img-20260426-160651-scaled.jpg?resize=1400%2C800&ssl=1 4x"},"classes":[]},{"id":88909,"url":"https:\/\/www.jornalja.com.br\/geral\/incluido-no-programa-orla-viaduto-otavio-rocha-tera-r-15-milhoes-para-revitalizacao\/","url_meta":{"origin":101220,"position":1},"title":"Inclu\u00eddo no Programa Orla, Viaduto Ot\u00e1vio Rocha ter\u00e1 R$ 15 milh\u00f5es para revitaliza\u00e7\u00e3o","author":"da Reda\u00e7\u00e3o","date":"23 de julho de 2021","format":false,"excerpt":"A prefeitura vai encaminhar nos pr\u00f3ximos dias as informa\u00e7\u00f5es finais para a inclus\u00e3o do Viaduto Ot\u00e1vio Rocha no \u201cPrograma Orla\u201d. O Programa Orla, financiado pelo Banco de Desenvolvimento da Am\u00e9rica Latina (CAF) come\u00e7ou com a urbaniza\u00e7\u00e3o dos trechos 2 e 3 da orla sul. Na atual administra\u00e7\u00e3o, o programa foi\u2026","rel":"","context":"Em &quot;Geral-MAT\u00c9RIA&quot;","block_context":{"text":"Geral-MAT\u00c9RIA","link":"https:\/\/www.jornalja.com.br\/geral\/category\/geral\/"},"img":{"alt_text":"","src":"https:\/\/i0.wp.com\/www.jornalja.com.br\/geral\/wp-content\/uploads\/sites\/4\/2021\/07\/viaduto-da-borges-quando-ficou-pronto.jpg?resize=350%2C200&ssl=1","width":350,"height":200},"classes":[]},{"id":101200,"url":"https:\/\/www.jornalja.com.br\/geral\/viaduto-restaurado-2-quase-centenaria-a-grande-obra-nunca-teve-uma-inauguracao-oficial\/","url_meta":{"origin":101220,"position":2},"title":"Viaduto restaurado (2): Quase centen\u00e1ria, a grande obra nunca teve  uma inaugura\u00e7\u00e3o oficial","author":"Elmar Bones","date":"30 de abril de 2026","format":false,"excerpt":"Depois de aberta a passagem, a primeira etapa foi restabelecer o tr\u00e1fego na Rua da Igreja, hoje Duque de Caxias. Pela primeira vez, quase aos cem anos, o Viaduto Ot\u00e1vio Rocha ter\u00e1 uma \u201cinaugura\u00e7\u00e3o festiva\u201d. Pelo menos \u00e9 o que est\u00e1 previsto para marcar a \u00a0restaura\u00e7\u00e3o rec\u00e9m conclu\u00edda. Quando foi\u2026","rel":"","context":"Em &quot;Geral-MAT\u00c9RIA&quot;","block_context":{"text":"Geral-MAT\u00c9RIA","link":"https:\/\/www.jornalja.com.br\/geral\/category\/geral\/"},"img":{"alt_text":"","src":"https:\/\/i0.wp.com\/www.jornalja.com.br\/geral\/wp-content\/uploads\/sites\/4\/2026\/04\/viaduto-concluido.png?resize=350%2C200&ssl=1","width":350,"height":200,"srcset":"https:\/\/i0.wp.com\/www.jornalja.com.br\/geral\/wp-content\/uploads\/sites\/4\/2026\/04\/viaduto-concluido.png?resize=350%2C200&ssl=1 1x, https:\/\/i0.wp.com\/www.jornalja.com.br\/geral\/wp-content\/uploads\/sites\/4\/2026\/04\/viaduto-concluido.png?resize=525%2C300&ssl=1 1.5x, https:\/\/i0.wp.com\/www.jornalja.com.br\/geral\/wp-content\/uploads\/sites\/4\/2026\/04\/viaduto-concluido.png?resize=700%2C400&ssl=1 2x"},"classes":[]},{"id":98521,"url":"https:\/\/www.jornalja.com.br\/geral\/acessibilidade-viaduto-da-borges-tera-quatro-elevadores-e-corrimaos-na-escadaria\/","url_meta":{"origin":101220,"position":3},"title":"Acessibilidade: Viaduto da Borges ter\u00e1 quatro elevadores e corrim\u00e3os na escadaria","author":"da Reda\u00e7\u00e3o","date":"19 de mar\u00e7o de 2025","format":false,"excerpt":"A reforma do Viaduto Ot\u00e1vio Rocha, um dos s\u00cdmbolos urbanos de Porto Alegre, completou dois anos neste m\u00eas de mar\u00e7o de 2025. Vai exigir, pelo menos, mais um ano de trabalho, segundo informam ao J\u00c1 as equipes que est\u00e3o instalando os quatro elevadores junto \u00e0s escadarias que ligam a avenida\u2026","rel":"","context":"Em &quot;Geral-MAT\u00c9RIA&quot;","block_context":{"text":"Geral-MAT\u00c9RIA","link":"https:\/\/www.jornalja.com.br\/geral\/category\/geral\/"},"img":{"alt_text":"","src":"https:\/\/i0.wp.com\/www.jornalja.com.br\/geral\/wp-content\/uploads\/sites\/4\/2025\/03\/viaduto-reforma-elevadores-scaled.jpg?resize=350%2C200&ssl=1","width":350,"height":200,"srcset":"https:\/\/i0.wp.com\/www.jornalja.com.br\/geral\/wp-content\/uploads\/sites\/4\/2025\/03\/viaduto-reforma-elevadores-scaled.jpg?resize=350%2C200&ssl=1 1x, https:\/\/i0.wp.com\/www.jornalja.com.br\/geral\/wp-content\/uploads\/sites\/4\/2025\/03\/viaduto-reforma-elevadores-scaled.jpg?resize=525%2C300&ssl=1 1.5x, https:\/\/i0.wp.com\/www.jornalja.com.br\/geral\/wp-content\/uploads\/sites\/4\/2025\/03\/viaduto-reforma-elevadores-scaled.jpg?resize=700%2C400&ssl=1 2x, https:\/\/i0.wp.com\/www.jornalja.com.br\/geral\/wp-content\/uploads\/sites\/4\/2025\/03\/viaduto-reforma-elevadores-scaled.jpg?resize=1050%2C600&ssl=1 3x, https:\/\/i0.wp.com\/www.jornalja.com.br\/geral\/wp-content\/uploads\/sites\/4\/2025\/03\/viaduto-reforma-elevadores-scaled.jpg?resize=1400%2C800&ssl=1 4x"},"classes":[]},{"id":100257,"url":"https:\/\/www.jornalja.com.br\/geral\/reforma-interminavel-100-de-atraso-e-40-de-aumento-no-custo-das-obras-do-viaduto\/","url_meta":{"origin":101220,"position":4},"title":"Reforma intermin\u00e1vel: 100% de atraso e 40% de aumento no custo nas obras do Viaduto","author":"da Reda\u00e7\u00e3o","date":"24 de novembro de 2025","format":false,"excerpt":"Dados divulgados pelo vereador Pedro Ruas na semana passada e n\u00e3o contestados questionam o andamento da reforma do Viaduto Ot\u00e1vio Rocha, em Porto Alegre. L\u00edder do PSOL e decano da C\u00e2mara Municipal, Ruas diz que \"houve cinco termos aditivos sucessivos para a obra do Viaduto Ot\u00e1vio Rocha, na avenida Borges\u2026","rel":"","context":"Em &quot;Geral-MAT\u00c9RIA&quot;","block_context":{"text":"Geral-MAT\u00c9RIA","link":"https:\/\/www.jornalja.com.br\/geral\/category\/geral\/"},"img":{"alt_text":"","src":"https:\/\/i0.wp.com\/www.jornalja.com.br\/geral\/wp-content\/uploads\/sites\/4\/2025\/11\/viaduto-homens-do-sirex-scaled.jpg?resize=350%2C200&ssl=1","width":350,"height":200,"srcset":"https:\/\/i0.wp.com\/www.jornalja.com.br\/geral\/wp-content\/uploads\/sites\/4\/2025\/11\/viaduto-homens-do-sirex-scaled.jpg?resize=350%2C200&ssl=1 1x, https:\/\/i0.wp.com\/www.jornalja.com.br\/geral\/wp-content\/uploads\/sites\/4\/2025\/11\/viaduto-homens-do-sirex-scaled.jpg?resize=525%2C300&ssl=1 1.5x, https:\/\/i0.wp.com\/www.jornalja.com.br\/geral\/wp-content\/uploads\/sites\/4\/2025\/11\/viaduto-homens-do-sirex-scaled.jpg?resize=700%2C400&ssl=1 2x, https:\/\/i0.wp.com\/www.jornalja.com.br\/geral\/wp-content\/uploads\/sites\/4\/2025\/11\/viaduto-homens-do-sirex-scaled.jpg?resize=1050%2C600&ssl=1 3x, https:\/\/i0.wp.com\/www.jornalja.com.br\/geral\/wp-content\/uploads\/sites\/4\/2025\/11\/viaduto-homens-do-sirex-scaled.jpg?resize=1400%2C800&ssl=1 4x"},"classes":[]},{"id":100933,"url":"https:\/\/www.jornalja.com.br\/geral\/atrasadas-e-mais-caras-obras-no-centro-historico-chegam-ao-fim\/","url_meta":{"origin":101220,"position":5},"title":"Atrasadas e mais caras, obras no Centro Hist\u00f3rico chegam ao fim","author":"da Reda\u00e7\u00e3o","date":"7 de mar\u00e7o de 2026","format":false,"excerpt":"As tr\u00eas maiores obras no Centro Hist\u00f3rico de Porto Alegre acumulam atrasos que causam preju\u00edzo de R$ 26,5 milh\u00f5es. A Usina do Gas\u00f4metro, s\u00edmbolo da cidade, ficou 12 anos fechada. O custo da reforma, estimado em R$ 12,5 milh\u00f5es no edital de 26 de agosto de 2019, acabou em 25,9\u2026","rel":"","context":"Em &quot;Geral-MAT\u00c9RIA&quot;","block_context":{"text":"Geral-MAT\u00c9RIA","link":"https:\/\/www.jornalja.com.br\/geral\/category\/geral\/"},"img":{"alt_text":"","src":"https:\/\/i0.wp.com\/www.jornalja.com.br\/geral\/wp-content\/uploads\/sites\/4\/2026\/03\/10-fev-2026-foto-alex-rocha-vist-usina-17.jpg?resize=350%2C200&ssl=1","width":350,"height":200,"srcset":"https:\/\/i0.wp.com\/www.jornalja.com.br\/geral\/wp-content\/uploads\/sites\/4\/2026\/03\/10-fev-2026-foto-alex-rocha-vist-usina-17.jpg?resize=350%2C200&ssl=1 1x, https:\/\/i0.wp.com\/www.jornalja.com.br\/geral\/wp-content\/uploads\/sites\/4\/2026\/03\/10-fev-2026-foto-alex-rocha-vist-usina-17.jpg?resize=525%2C300&ssl=1 1.5x, https:\/\/i0.wp.com\/www.jornalja.com.br\/geral\/wp-content\/uploads\/sites\/4\/2026\/03\/10-fev-2026-foto-alex-rocha-vist-usina-17.jpg?resize=700%2C400&ssl=1 2x"},"classes":[]}],"jetpack_sharing_enabled":true,"_links":{"self":[{"href":"https:\/\/www.jornalja.com.br\/geral\/wp-json\/wp\/v2\/posts\/101220","targetHints":{"allow":["GET"]}}],"collection":[{"href":"https:\/\/www.jornalja.com.br\/geral\/wp-json\/wp\/v2\/posts"}],"about":[{"href":"https:\/\/www.jornalja.com.br\/geral\/wp-json\/wp\/v2\/types\/post"}],"author":[{"embeddable":true,"href":"https:\/\/www.jornalja.com.br\/geral\/wp-json\/wp\/v2\/users\/5"}],"replies":[{"embeddable":true,"href":"https:\/\/www.jornalja.com.br\/geral\/wp-json\/wp\/v2\/comments?post=101220"}],"version-history":[{"count":5,"href":"https:\/\/www.jornalja.com.br\/geral\/wp-json\/wp\/v2\/posts\/101220\/revisions"}],"predecessor-version":[{"id":101239,"href":"https:\/\/www.jornalja.com.br\/geral\/wp-json\/wp\/v2\/posts\/101220\/revisions\/101239"}],"wp:featuredmedia":[{"embeddable":true,"href":"https:\/\/www.jornalja.com.br\/geral\/wp-json\/wp\/v2\/media\/101226"}],"wp:attachment":[{"href":"https:\/\/www.jornalja.com.br\/geral\/wp-json\/wp\/v2\/media?parent=101220"}],"wp:term":[{"taxonomy":"category","embeddable":true,"href":"https:\/\/www.jornalja.com.br\/geral\/wp-json\/wp\/v2\/categories?post=101220"},{"taxonomy":"post_tag","embeddable":true,"href":"https:\/\/www.jornalja.com.br\/geral\/wp-json\/wp\/v2\/tags?post=101220"}],"curies":[{"name":"wp","href":"https:\/\/api.w.org\/{rel}","templated":true}]}}