{"id":72214,"date":"2019-01-12T21:13:37","date_gmt":"2019-01-12T23:13:37","guid":{"rendered":"https:\/\/www.jornalja.com.br\/?p=72214"},"modified":"2019-01-12T21:13:37","modified_gmt":"2019-01-12T23:13:37","slug":"violencia-que-aterroriza-o-ceara-e-o-desafio-do-brasil-em-2019","status":"publish","type":"post","link":"https:\/\/www.jornalja.com.br\/geral\/violencia-que-aterroriza-o-ceara-e-o-desafio-do-brasil-em-2019\/","title":{"rendered":"Viol\u00eancia que aterroriza o Cear\u00e1 \u00e9 o desafio do Brasil em 2019"},"content":{"rendered":"<p>A situa\u00e7\u00e3o que o governador Camilo Santana (PT) est\u00e1 enfrentando desde o dia 3 de janeiro e que j\u00e1 acumula quase 200 atentados na capital, Fortaleza, e em pelo menos\u00a0 40 cidades do Cear\u00e1, \u00e9 a mesma que v\u00e3o enfrentar os demais governadores e o governo federal se realmente cumprirem suas promessas de campanha, de desmantelar o crime organizado em fac\u00e7\u00f5es, hoje presente em quase todos os estados.<br \/>\nA onda de ataques em Fortaleza come\u00e7ou quando o novo secret\u00e1rio da Administra\u00e7\u00e3o Penitenci\u00e1ria decidiu acabar com a distribui\u00e7\u00e3o das fac\u00e7\u00f5es nas cadeias, ficando cada grupo num local, isolado dos demais. \u00c9 uma pr\u00e1tica que se verifica na maioria dos estados.<br \/>\nO secret\u00e1rio fez tamb\u00e9m uma varredura e recolheu centenas de celulares nos pres\u00eddios, e anunciou a instala\u00e7\u00e3o de bloqueadores de sinal em todos os pres\u00eddios do Estado.<br \/>\n\u00c9 o que ter\u00e1 que fazer qualquer autoridade que pretenda realmente desmontar as quadrilhas que comandam o crime organizado.<br \/>\nNo Cear\u00e1, as fac\u00e7\u00f5es inimigas estabeleceram uma tr\u00e9gua na guerra pelos pontos de droga para enfrentar o Estado e h\u00e1 dez dias mant\u00e9m o Cear\u00e1 aterrorizado.<br \/>\nO governador diz que n\u00e3o recua e pede leis mais duras. Mas o governo federal,\u00a0 \u00a0embora tenha mandado um contingente For\u00e7a Nacional, e mesmo os governadores, que mandaram refor\u00e7o para apoiar as for\u00e7as cearenses de seguran\u00e7a, est\u00e3o, at\u00e9 agora, tratando o Cear\u00e1 como um caso isolado.<br \/>\n&nbsp;<\/p>\n","protected":false},"excerpt":{"rendered":"<p>A situa\u00e7\u00e3o que o governador Camilo Santana (PT) est\u00e1 enfrentando desde o dia 3 de janeiro e que j\u00e1 acumula quase 200 atentados na capital, Fortaleza, e em pelo menos\u00a0 40 cidades do Cear\u00e1, \u00e9 a mesma que v\u00e3o enfrentar os demais governadores e o governo federal se realmente cumprirem suas promessas de campanha, de [&hellip;]<\/p>\n","protected":false},"author":5,"featured_media":72219,"comment_status":"open","ping_status":"closed","sticky":false,"template":"","format":"standard","meta":{"jetpack_post_was_ever_published":false,"_jetpack_newsletter_access":"","_jetpack_dont_email_post_to_subs":false,"_jetpack_newsletter_tier_id":0,"_jetpack_memberships_contains_paywalled_content":false,"_jetpack_memberships_contains_paid_content":false,"footnotes":"","jetpack_publicize_message":"","jetpack_publicize_feature_enabled":true,"jetpack_social_post_already_shared":true,"jetpack_social_options":{"image_generator_settings":{"template":"highway","default_image_id":0,"font":"","enabled":false},"version":2}},"categories":[2],"tags":[],"class_list":["post-72214","post","type-post","status-publish","format-standard","has-post-thumbnail","hentry","category-geral"],"aioseo_notices":[],"jetpack_publicize_connections":[],"jetpack_featured_media_url":"","jetpack_shortlink":"https:\/\/wp.me\/pbKhrD-iMK","jetpack-related-posts":[{"id":72121,"url":"https:\/\/www.jornalja.com.br\/geral\/retiradas-de-celulares-de-presidios-e-causa-dos-ataques-no-ceara\/","url_meta":{"origin":72214,"position":0},"title":"Retirada de celulares de pres\u00eddios \u00e9 causa dos ataques no Cear\u00e1","author":"da Reda\u00e7\u00e3o","date":"7 de janeiro de 2019","format":false,"excerpt":"A Secretaria da Seguran\u00e7a do Cear\u00e1 atualizou o n\u00famero de pris\u00f5es por envolvimento nas a\u00e7\u00f5es criminosas que aterrorizam o Estado h\u00e1 seis dias: j\u00e1 s\u00e3o 110 suspeitos presos, sendo 34 menores de idade. Entre as autua\u00e7\u00f5es, est\u00e1 um homem, preso em flagrante, pela venda irregular de combust\u00edveis a grupos criminosos.\u2026","rel":"","context":"Em &quot;Geral-MAT\u00c9RIA&quot;","block_context":{"text":"Geral-MAT\u00c9RIA","link":"https:\/\/www.jornalja.com.br\/geral\/category\/geral\/"},"img":{"alt_text":"","src":"","width":0,"height":0},"classes":[]},{"id":72554,"url":"https:\/\/www.jornalja.com.br\/geral\/ceara-atentado-interrompe-tregua-que-nao-completou-uma-semana\/","url_meta":{"origin":72214,"position":1},"title":"Cear\u00e1: atentado interrompe tr\u00e9gua que n\u00e3o completou uma semana","author":"da Reda\u00e7\u00e3o","date":"4 de fevereiro de 2019","format":false,"excerpt":"Um caminh\u00e3o com mercadorias foi incendiado na madrugada desta segunda-feira, 4, no bairro \u00c1lvaro Weyne, em Fortaleza. O ve\u00edculo, que carregava trigo, estava estacionado na rua Teodomiro de Castro. O atentado interrompeu a tr\u00e9gua, que n\u00e3o chegou a completar uma semana, na guerra que o governo estadual deflagrou para reduzir\u2026","rel":"","context":"Em &quot;Geral-MAT\u00c9RIA&quot;","block_context":{"text":"Geral-MAT\u00c9RIA","link":"https:\/\/www.jornalja.com.br\/geral\/category\/geral\/"},"img":{"alt_text":"","src":"","width":0,"height":0},"classes":[]},{"id":72402,"url":"https:\/\/www.jornalja.com.br\/geral\/ataques-no-ceara-atingem-escola-e-posto-de-saude\/","url_meta":{"origin":72214,"position":2},"title":"Ataques no Cear\u00e1 atingem escola e posto de sa\u00fade","author":"da Reda\u00e7\u00e3o","date":"25 de janeiro de 2019","format":false,"excerpt":"Mais uma noite e uma madrugada de a\u00e7\u00f5es criminosas em diferentes cidades do Cear\u00e1. Em menos de 12 horas, na noite e madrugada de quinta-feira, um posto de sa\u00fade, uma escola municipal, um posto de combust\u00edveis, dois tratores e, pelo menos, dois \u00f4nibus foram incendiados em tr\u00eas munic\u00edpios. Em Eus\u00e9bio,\u2026","rel":"","context":"Em &quot;Geral-MAT\u00c9RIA&quot;","block_context":{"text":"Geral-MAT\u00c9RIA","link":"https:\/\/www.jornalja.com.br\/geral\/category\/geral\/"},"img":{"alt_text":"","src":"","width":0,"height":0},"classes":[]},{"id":100145,"url":"https:\/\/www.jornalja.com.br\/geral\/moradores-protestam-150-mortes-por-uma-guerra-politica\/","url_meta":{"origin":72214,"position":3},"title":"Moradores protestam: &#8220;150 mortes por uma guerra pol\u00edtica&#8221;","author":"da Reda\u00e7\u00e3o","date":"30 de outubro de 2025","format":false,"excerpt":"Mereceu pouco espa\u00e7o no notici\u00e1rio sobre a matan\u00e7a no Rio o protesto dos moradores que tomaram a frente do Pal\u00e1cio Guanabara, sede do governo do Estado, na quarta-feira. Eles acusaram o governador Claudio Castro de ter liderado \"uma carnificina na opera\u00e7\u00e3o policial\" que deixou mais de 100 mortos. (O n\u00famero\u2026","rel":"","context":"Em &quot;Geral-MAT\u00c9RIA&quot;","block_context":{"text":"Geral-MAT\u00c9RIA","link":"https:\/\/www.jornalja.com.br\/geral\/category\/geral\/"},"img":{"alt_text":"","src":"https:\/\/i0.wp.com\/www.jornalja.com.br\/geral\/wp-content\/uploads\/sites\/4\/2025\/10\/rio-guerra-moradores-protestam.png?resize=350%2C200&ssl=1","width":350,"height":200,"srcset":"https:\/\/i0.wp.com\/www.jornalja.com.br\/geral\/wp-content\/uploads\/sites\/4\/2025\/10\/rio-guerra-moradores-protestam.png?resize=350%2C200&ssl=1 1x, https:\/\/i0.wp.com\/www.jornalja.com.br\/geral\/wp-content\/uploads\/sites\/4\/2025\/10\/rio-guerra-moradores-protestam.png?resize=525%2C300&ssl=1 1.5x"},"classes":[]},{"id":72365,"url":"https:\/\/www.jornalja.com.br\/geral\/nova-administracao-ja-recolheu-2-300-celulares-dos-presidios-no-ceara\/","url_meta":{"origin":72214,"position":4},"title":"Nova administra\u00e7\u00e3o j\u00e1 recolheu 2.300 celulares dos pres\u00eddios no Cear\u00e1","author":"da Reda\u00e7\u00e3o","date":"22 de janeiro de 2019","format":false,"excerpt":"A Secretaria da Administra\u00e7\u00e3o Penitenci\u00e1ria\u00a0 do Cear\u00e1 divulgou o n\u00famero de celulares apreendidos nos pres\u00eddios do Estado\u00a0nesses 22 dias de janeiro:\u00a0 2.300, mais de 100 por dia na m\u00e9dia. A inten\u00e7\u00e3o segundo a secretaria \u00e9\u00a0 cortar a comunica\u00e7\u00e3o entre internos e criminosos que agem fora das pris\u00f5es. Outra medida adotada\u2026","rel":"","context":"Em &quot;Geral-MAT\u00c9RIA&quot;","block_context":{"text":"Geral-MAT\u00c9RIA","link":"https:\/\/www.jornalja.com.br\/geral\/category\/geral\/"},"img":{"alt_text":"","src":"","width":0,"height":0},"classes":[]},{"id":81461,"url":"https:\/\/www.jornalja.com.br\/geral\/dez-quarteis-ocupados-e-150-mortes-em-seis-dias-violencia-nao-cede-mesmo-com-intervencao-federal-no-ceara\/","url_meta":{"origin":72214,"position":5},"title":"Dez quart\u00e9is ocupados e 150 mortes em seis dias: viol\u00eancia n\u00e3o cede com interven\u00e7\u00e3o federal no Cear\u00e1","author":"da Reda\u00e7\u00e3o","date":"25 de fevereiro de 2020","format":false,"excerpt":"Chegou a 150 mortes nesta ter\u00e7a-feira o saldo da crise com os policiais militares no Cear\u00e1. Apesar da sensa\u00e7\u00e3o de mais seguran\u00e7a, com as tropas do Ex\u00e9rcito policiando as ruas de Fortaleza, a situa\u00e7\u00e3o permanece quase inalterada na capital. Al\u00e9m da regi\u00e3o metropolitana, tamb\u00e9m h\u00e1 tropas federais em Sobral, onde\u2026","rel":"","context":"Em &quot;Geral-MAT\u00c9RIA&quot;","block_context":{"text":"Geral-MAT\u00c9RIA","link":"https:\/\/www.jornalja.com.br\/geral\/category\/geral\/"},"img":{"alt_text":"","src":"https:\/\/i0.wp.com\/www.jornalja.com.br\/geral\/wp-content\/uploads\/sites\/4\/2020\/02\/Violencia-no-Cear%C3%A1-governador-visita-quart%C3%A9is.png?resize=350%2C200&ssl=1","width":350,"height":200,"srcset":"https:\/\/i0.wp.com\/www.jornalja.com.br\/geral\/wp-content\/uploads\/sites\/4\/2020\/02\/Violencia-no-Cear%C3%A1-governador-visita-quart%C3%A9is.png?resize=350%2C200&ssl=1 1x, https:\/\/i0.wp.com\/www.jornalja.com.br\/geral\/wp-content\/uploads\/sites\/4\/2020\/02\/Violencia-no-Cear%C3%A1-governador-visita-quart%C3%A9is.png?resize=525%2C300&ssl=1 1.5x, https:\/\/i0.wp.com\/www.jornalja.com.br\/geral\/wp-content\/uploads\/sites\/4\/2020\/02\/Violencia-no-Cear%C3%A1-governador-visita-quart%C3%A9is.png?resize=700%2C400&ssl=1 2x"},"classes":[]}],"jetpack_sharing_enabled":true,"_links":{"self":[{"href":"https:\/\/www.jornalja.com.br\/geral\/wp-json\/wp\/v2\/posts\/72214","targetHints":{"allow":["GET"]}}],"collection":[{"href":"https:\/\/www.jornalja.com.br\/geral\/wp-json\/wp\/v2\/posts"}],"about":[{"href":"https:\/\/www.jornalja.com.br\/geral\/wp-json\/wp\/v2\/types\/post"}],"author":[{"embeddable":true,"href":"https:\/\/www.jornalja.com.br\/geral\/wp-json\/wp\/v2\/users\/5"}],"replies":[{"embeddable":true,"href":"https:\/\/www.jornalja.com.br\/geral\/wp-json\/wp\/v2\/comments?post=72214"}],"version-history":[{"count":0,"href":"https:\/\/www.jornalja.com.br\/geral\/wp-json\/wp\/v2\/posts\/72214\/revisions"}],"wp:featuredmedia":[{"embeddable":true,"href":"https:\/\/www.jornalja.com.br\/geral\/wp-json\/"}],"wp:attachment":[{"href":"https:\/\/www.jornalja.com.br\/geral\/wp-json\/wp\/v2\/media?parent=72214"}],"wp:term":[{"taxonomy":"category","embeddable":true,"href":"https:\/\/www.jornalja.com.br\/geral\/wp-json\/wp\/v2\/categories?post=72214"},{"taxonomy":"post_tag","embeddable":true,"href":"https:\/\/www.jornalja.com.br\/geral\/wp-json\/wp\/v2\/tags?post=72214"}],"curies":[{"name":"wp","href":"https:\/\/api.w.org\/{rel}","templated":true}]}}