{"id":72224,"date":"2019-01-13T13:02:59","date_gmt":"2019-01-13T15:02:59","guid":{"rendered":"https:\/\/www.jornalja.com.br\/?p=72224"},"modified":"2019-01-13T13:02:59","modified_gmt":"2019-01-13T15:02:59","slug":"caso-battisti-extradicao-ainda-tem-que-passar-pelo-brasil","status":"publish","type":"post","link":"https:\/\/www.jornalja.com.br\/geral\/caso-battisti-extradicao-ainda-tem-que-passar-pelo-brasil\/","title":{"rendered":"Pol\u00edcia italiana levou 26 anos para capturar Cesare Battisti"},"content":{"rendered":"<p>Uma equipe da Interpol formada por agentes italianos e brasileiros capturou Cesare Battisti, condenado \u00e0 pris\u00e3o perp\u00e9tua na It\u00e1lia por quatro assassinatos.<br \/>\nMais de 40 anos se passaram desde os crimes atribu\u00eddos a ele (que se diz inocente) at\u00e9 este s\u00e1bado, 12, quando foi abordado pelos policiais numa rua\u00a0de Santa Cruz de La Sierra, Bol\u00edvia e se entregou sem reagir.<br \/>\nPelos crimes, ocorridos nos anos 1970, ele foi condenado em 1993 e fugiu. Foi preso, portanto, 26 anos depois da condena\u00e7\u00e3o.<br \/>\nSua pris\u00e3o foi comemorada pelo presidente Jair Bolsonaro que aproveitou retomar os ataques ao PT, pelo twitter:.<br \/>\n&#8220;Parab\u00e9ns aos respons\u00e1veis pela captura do terrorista Cesare Battisti! Finalmente a justi\u00e7a ser\u00e1 feita ao assassino italiano e companheiro de ideais de um dos governos mais corruptos que j\u00e1 existiram no mundo (PT)&#8221;.<br \/>\nO deputado Eduardo Bolsonaro, filho do presidente tamb\u00e9m comemorou no Twitter: &#8220;Ciao Battisti, a esquerda chora&#8221;.<br \/>\nAs autoridades bolivianas informaram que &#8220;est\u00e3o tomando todas as provid\u00eancias necess\u00e1rias, em coopera\u00e7\u00e3o com o Governo da Bol\u00edvia e com o Governo da It\u00e1lia, para cumprir a extradi\u00e7\u00e3o de Battisti e entreg\u00e1-lo \u00e0s autoridades italianas&#8221;.<br \/>\nO governo brasileiro chegou a informar que &#8220;o italiano Cesare Battisti far\u00e1 escala no Brasil antes de ser extraditado para a It\u00e1lia&#8221;.<br \/>\nA decis\u00e3o foi anunciadaneste domingo pelo ministro do Gabinete de Seguran\u00e7a Institucional (GSI), general Augusto Heleno, ap\u00f3s reuni\u00e3o no Pal\u00e1cio da Alvorada, com o presidente Jair Bolsonaro, o ministro da Justi\u00e7a e da Seguran\u00e7a P\u00fablica, Sergio Moro, e o chanceler Ernesto Ara\u00fajo.<br \/>\nO governo italiano no entanto foi mais r\u00e1pido e providenciou a remo\u00e7\u00e3o de Battisti ainda na noite de domingo. .<br \/>\nBattisti foi ativista do grupo Prolet\u00e1rios Armados pelo Comunismo (PAC), um bra\u00e7o das Brigadas Vermelhas. Foi condenado \u00e0 pris\u00e3o perp\u00e9tua por quatro homic\u00eddios ocorridos entre 1977 e 1979, que ele nega ter cometido. Ele se diz v\u00edtima de uma persegui\u00e7\u00e3o pol\u00edtica.<br \/>\nViveu 15 anos exilado na Fran\u00e7a, onde se tornou um bem-sucedido autor de romances policiais, mas a press\u00e3o das autoridades italianas o levaram a deixar a Europa e mudar-se para o M\u00e9xico, onde viveu at\u00e9 2004. Da\u00ed mudou-se ao Brasil, onde permaneceu oculto at\u00e9 que, em 2007, quando foi preso.<br \/>\nEm 2009, o\u00a0Supremo Tribunal Federal aceitou sua extradi\u00e7\u00e3o, numa decis\u00e3o n\u00e3o vinculante, que deixou a decis\u00e3o nas m\u00e3os do ent\u00e3o presidente Luiz In\u00e1cio Lula da Silva. Lula rejeitou o pedido de extradi\u00e7\u00e3o e concedeu asilo a Battisti no dia 31 de dezembro de 2010, \u00faltimo dia de seu segundo mandato.<br \/>\nEm 2013, o italiano casou-se no Brasil com uma brasileira, com quem tem um filho.<br \/>\nNa \u00faltima elei\u00e7\u00e3o, o caso foi tema de campanha. O ent\u00e3o candidato Jair\u00a0 Bolsonaro prometeu entreg\u00e1-lo \u00e0 justi\u00e7a italiana se chegasse ao Planalto.<br \/>\nN\u00e3o precisou. No dia 13 de dezembro, valendo-se de um decreto do ent\u00e3o presidente Michel Temer, o STF ordenou sua deten\u00e7\u00e3o para que fosse extraditado para a It\u00e1lia. Battisti ent\u00e3o tornou-se fugitivo at\u00e9 a noite de s\u00e1bado.<br \/>\n&nbsp;<\/p>\n","protected":false},"excerpt":{"rendered":"<p>Uma equipe da Interpol formada por agentes italianos e brasileiros capturou Cesare Battisti, condenado \u00e0 pris\u00e3o perp\u00e9tua na It\u00e1lia por quatro assassinatos. Mais de 40 anos se passaram desde os crimes atribu\u00eddos a ele (que se diz inocente) at\u00e9 este s\u00e1bado, 12, quando foi abordado pelos policiais numa rua\u00a0de Santa Cruz de La Sierra, Bol\u00edvia [&hellip;]<\/p>\n","protected":false},"author":4,"featured_media":72225,"comment_status":"open","ping_status":"closed","sticky":false,"template":"","format":"standard","meta":{"jetpack_post_was_ever_published":false,"_jetpack_newsletter_access":"","_jetpack_dont_email_post_to_subs":false,"_jetpack_newsletter_tier_id":0,"_jetpack_memberships_contains_paywalled_content":false,"_jetpack_memberships_contains_paid_content":false,"footnotes":"","jetpack_publicize_message":"","jetpack_publicize_feature_enabled":true,"jetpack_social_post_already_shared":true,"jetpack_social_options":{"image_generator_settings":{"template":"highway","default_image_id":0,"font":"","enabled":false},"version":2}},"categories":[2],"tags":[],"class_list":["post-72224","post","type-post","status-publish","format-standard","has-post-thumbnail","hentry","category-geral"],"aioseo_notices":[],"jetpack_publicize_connections":[],"jetpack_featured_media_url":"","jetpack_shortlink":"https:\/\/wp.me\/pbKhrD-iMU","jetpack-related-posts":[{"id":75275,"url":"https:\/\/www.jornalja.com.br\/geral\/justica-italiana-condena-24-a-prisao-perpetua-por-envolvimento-com-a-operacao-condor\/","url_meta":{"origin":72224,"position":0},"title":"Justi\u00e7a italiana condena 24 \u00e0 pris\u00e3o perp\u00e9tua por envolvimento com a opera\u00e7\u00e3o Condor","author":"da Reda\u00e7\u00e3o","date":"8 de julho de 2019","format":false,"excerpt":"A Justi\u00e7a italiana condenou hoje (8) \u00e0 pris\u00e3o perp\u00e9tua 24 envolvidos na Opera\u00e7\u00e3o Condor. Entre os condenados est\u00e3o ex-chefes de Estado e expoentes dos servi\u00e7os militares e de seguran\u00e7a da Bol\u00edvia, Chile, Peru e Uruguai, acusados de sequestrar e assassinar 23 cidad\u00e3os de origem italiana que viviam em pa\u00edses sul-americanos\u2026","rel":"","context":"Em &quot;Geral-MAT\u00c9RIA&quot;","block_context":{"text":"Geral-MAT\u00c9RIA","link":"https:\/\/www.jornalja.com.br\/geral\/category\/geral\/"},"img":{"alt_text":"","src":"","width":0,"height":0},"classes":[]},{"id":100289,"url":"https:\/\/www.jornalja.com.br\/geral\/stf-encerra-julgamento-de-bolsonaro-27-anos-e-seis-meses-de-prisao\/","url_meta":{"origin":72224,"position":1},"title":"STF encerra julgamento de Bolsonaro: 27 anos e tr\u00eas meses de pris\u00e3o","author":"da Reda\u00e7\u00e3o","date":"25 de novembro de 2025","format":false,"excerpt":"O Supremo Tribunal Federal (STF) considerou que o processo do ex-presidente Jair Bolsonaro por golpe de Estado transitou em julgado. Ou seja: n\u00e3o cabem mais recursos. A decis\u00e3o foi anunciada no in\u00edcio da tarde desta ter\u00e7a-feira, 25 de novembro Al\u00e9m de Bolsonaro,\u00a0 foi concluso tamb\u00e9m julgamento de Alexandre Ramagem (PL-RJ),\u2026","rel":"","context":"Em &quot;Geral-MAT\u00c9RIA&quot;","block_context":{"text":"Geral-MAT\u00c9RIA","link":"https:\/\/www.jornalja.com.br\/geral\/category\/geral\/"},"img":{"alt_text":"","src":"https:\/\/i0.wp.com\/www.jornalja.com.br\/geral\/wp-content\/uploads\/sites\/4\/2025\/11\/bolsonaro-preso-2.png?resize=350%2C200&ssl=1","width":350,"height":200,"srcset":"https:\/\/i0.wp.com\/www.jornalja.com.br\/geral\/wp-content\/uploads\/sites\/4\/2025\/11\/bolsonaro-preso-2.png?resize=350%2C200&ssl=1 1x, https:\/\/i0.wp.com\/www.jornalja.com.br\/geral\/wp-content\/uploads\/sites\/4\/2025\/11\/bolsonaro-preso-2.png?resize=525%2C300&ssl=1 1.5x"},"classes":[]},{"id":100744,"url":"https:\/\/www.jornalja.com.br\/geral\/afastamento-de-dias-toffoli-do-caso-master-sela-a-mais-grave-crise-do-judiciario-desde-o-imperio\/","url_meta":{"origin":72224,"position":2},"title":"Afastamento de Dias Toffoli do caso Master sela a mais grave crise do judici\u00e1rio desde o Imp\u00e9rio","author":"Elmar Bones","date":"16 de fevereiro de 2026","format":false,"excerpt":"A sa\u00edda do ministro Dias Toffoli da relatoria do caso Master, que se deu ap\u00f3s a Pol\u00edcia Federal encontrar no celular de Daniel Vorcaro, dono do Master, men\u00e7\u00f5es ao ministro da Suprema Corte, culmina em uma crise sem precedentes na hist\u00f3ria do judici\u00e1rio brasileiro. H\u00e1 juristas e historiadores que consideram\u2026","rel":"","context":"Em &quot;Geral-MAT\u00c9RIA&quot;","block_context":{"text":"Geral-MAT\u00c9RIA","link":"https:\/\/www.jornalja.com.br\/geral\/category\/geral\/"},"img":{"alt_text":"","src":"https:\/\/i0.wp.com\/www.jornalja.com.br\/geral\/wp-content\/uploads\/sites\/4\/2026\/02\/0d9a7589-1-4.jpg?resize=350%2C200&ssl=1","width":350,"height":200,"srcset":"https:\/\/i0.wp.com\/www.jornalja.com.br\/geral\/wp-content\/uploads\/sites\/4\/2026\/02\/0d9a7589-1-4.jpg?resize=350%2C200&ssl=1 1x, https:\/\/i0.wp.com\/www.jornalja.com.br\/geral\/wp-content\/uploads\/sites\/4\/2026\/02\/0d9a7589-1-4.jpg?resize=525%2C300&ssl=1 1.5x, https:\/\/i0.wp.com\/www.jornalja.com.br\/geral\/wp-content\/uploads\/sites\/4\/2026\/02\/0d9a7589-1-4.jpg?resize=700%2C400&ssl=1 2x"},"classes":[]},{"id":100233,"url":"https:\/\/www.jornalja.com.br\/geral\/100233-2\/","url_meta":{"origin":72224,"position":3},"title":"STF publica ac\u00f3rd\u00e3o do julgamento que manteve condena\u00e7\u00e3o; Bolsonaro ainda tem cinco dias para recorrer","author":"da Reda\u00e7\u00e3o","date":"17 de novembro de 2025","format":false,"excerpt":"Est\u00e1 publicado no \"Di\u00e1rio de Justi\u00e7a Eletr\u00f4nico\" desta ter\u00e7a-feira, 18,\u00a0 o ac\u00f3rd\u00e3o do julgamento em que o STF rejeitou os recursos do ex-presidente Jair Bolsonaro e mais seis r\u00e9us condenados pela tentativa de golpe de Estados. Com a publica\u00e7\u00e3o do ac\u00f3rd\u00e3o (o resultado do julgamento), correm os prazos para a\u2026","rel":"","context":"Em &quot;Geral-MAT\u00c9RIA&quot;","block_context":{"text":"Geral-MAT\u00c9RIA","link":"https:\/\/www.jornalja.com.br\/geral\/category\/geral\/"},"img":{"alt_text":"","src":"https:\/\/i0.wp.com\/www.jornalja.com.br\/geral\/wp-content\/uploads\/sites\/4\/2025\/09\/bolsonaro-julgameto.png?resize=350%2C200&ssl=1","width":350,"height":200},"classes":[]},{"id":100975,"url":"https:\/\/www.jornalja.com.br\/geral\/extinto-o-processo-que-pedia-falencia-do-jornal-ja\/","url_meta":{"origin":72224,"position":4},"title":"Extinto o processo que pedia fal\u00eancia do Jornal J\u00c1","author":"Elmar Bones","date":"31 de mar\u00e7o de 2026","format":false,"excerpt":"Foi extinto o processo judicial que o empres\u00e1rio Luiz Henrique Sanfelice movia contra o jornal J\u00c1 desde 2014. Sanfelice cobrava uma indeniza\u00e7\u00e3o por dano moral e desde mar\u00e7o do ano passado pedira a fal\u00eancia do jornal. Em fevereiro deste ano, o juiz Jo\u00e3o Garcez de Moraes Neto, expediu um \u201cMandado\u2026","rel":"","context":"Em &quot;Geral-MAT\u00c9RIA&quot;","block_context":{"text":"Geral-MAT\u00c9RIA","link":"https:\/\/www.jornalja.com.br\/geral\/category\/geral\/"},"img":{"alt_text":"","src":"https:\/\/i0.wp.com\/www.jornalja.com.br\/geral\/wp-content\/uploads\/sites\/4\/2026\/03\/sentenca-1.png?resize=350%2C200&ssl=1","width":350,"height":200,"srcset":"https:\/\/i0.wp.com\/www.jornalja.com.br\/geral\/wp-content\/uploads\/sites\/4\/2026\/03\/sentenca-1.png?resize=350%2C200&ssl=1 1x, https:\/\/i0.wp.com\/www.jornalja.com.br\/geral\/wp-content\/uploads\/sites\/4\/2026\/03\/sentenca-1.png?resize=525%2C300&ssl=1 1.5x, https:\/\/i0.wp.com\/www.jornalja.com.br\/geral\/wp-content\/uploads\/sites\/4\/2026\/03\/sentenca-1.png?resize=700%2C400&ssl=1 2x, https:\/\/i0.wp.com\/www.jornalja.com.br\/geral\/wp-content\/uploads\/sites\/4\/2026\/03\/sentenca-1.png?resize=1050%2C600&ssl=1 3x, https:\/\/i0.wp.com\/www.jornalja.com.br\/geral\/wp-content\/uploads\/sites\/4\/2026\/03\/sentenca-1.png?resize=1400%2C800&ssl=1 4x"},"classes":[]},{"id":100261,"url":"https:\/\/www.jornalja.com.br\/geral\/elevado-risco-de-fuga-diz-alexandre-de-moraes-ao-decretar-a-prisao-de-bolsonaro\/","url_meta":{"origin":72224,"position":5},"title":"&#8220;Elevado risco de fuga&#8221;, diz Alexandre de Moraes ao decretar a pris\u00e3o de Bolsonaro","author":"da Reda\u00e7\u00e3o","date":"22 de novembro de 2025","format":false,"excerpt":"O ex-presidente Jair Bolsonaro foi preso por volta das seis horas da manh\u00e3 deste s\u00e1bado (22). Em nota, a Pol\u00edcia Federal informou que cumpriu um mandado de pris\u00e3o preventiva expedido pelo Supremo Tribunal Federal (STF). Na sexta-feira (21) o senador Fl\u00e1vio Bolsonaro (PL) convocou, pelas redes sociais uma vig\u00edlia de\u2026","rel":"","context":"Em &quot;Geral-MAT\u00c9RIA&quot;","block_context":{"text":"Geral-MAT\u00c9RIA","link":"https:\/\/www.jornalja.com.br\/geral\/category\/geral\/"},"img":{"alt_text":"","src":"https:\/\/i0.wp.com\/www.jornalja.com.br\/geral\/wp-content\/uploads\/sites\/4\/2025\/11\/bolsonaro-preso-2.png?resize=350%2C200&ssl=1","width":350,"height":200,"srcset":"https:\/\/i0.wp.com\/www.jornalja.com.br\/geral\/wp-content\/uploads\/sites\/4\/2025\/11\/bolsonaro-preso-2.png?resize=350%2C200&ssl=1 1x, https:\/\/i0.wp.com\/www.jornalja.com.br\/geral\/wp-content\/uploads\/sites\/4\/2025\/11\/bolsonaro-preso-2.png?resize=525%2C300&ssl=1 1.5x"},"classes":[]}],"jetpack_sharing_enabled":true,"_links":{"self":[{"href":"https:\/\/www.jornalja.com.br\/geral\/wp-json\/wp\/v2\/posts\/72224","targetHints":{"allow":["GET"]}}],"collection":[{"href":"https:\/\/www.jornalja.com.br\/geral\/wp-json\/wp\/v2\/posts"}],"about":[{"href":"https:\/\/www.jornalja.com.br\/geral\/wp-json\/wp\/v2\/types\/post"}],"author":[{"embeddable":true,"href":"https:\/\/www.jornalja.com.br\/geral\/wp-json\/wp\/v2\/users\/4"}],"replies":[{"embeddable":true,"href":"https:\/\/www.jornalja.com.br\/geral\/wp-json\/wp\/v2\/comments?post=72224"}],"version-history":[{"count":0,"href":"https:\/\/www.jornalja.com.br\/geral\/wp-json\/wp\/v2\/posts\/72224\/revisions"}],"wp:featuredmedia":[{"embeddable":true,"href":"https:\/\/www.jornalja.com.br\/geral\/wp-json\/"}],"wp:attachment":[{"href":"https:\/\/www.jornalja.com.br\/geral\/wp-json\/wp\/v2\/media?parent=72224"}],"wp:term":[{"taxonomy":"category","embeddable":true,"href":"https:\/\/www.jornalja.com.br\/geral\/wp-json\/wp\/v2\/categories?post=72224"},{"taxonomy":"post_tag","embeddable":true,"href":"https:\/\/www.jornalja.com.br\/geral\/wp-json\/wp\/v2\/tags?post=72224"}],"curies":[{"name":"wp","href":"https:\/\/api.w.org\/{rel}","templated":true}]}}