{"id":72365,"date":"2019-01-22T23:43:24","date_gmt":"2019-01-23T01:43:24","guid":{"rendered":"https:\/\/www.jornalja.com.br\/?p=72365"},"modified":"2019-01-22T23:43:24","modified_gmt":"2019-01-23T01:43:24","slug":"nova-administracao-ja-recolheu-2-300-celulares-dos-presidios-no-ceara","status":"publish","type":"post","link":"https:\/\/www.jornalja.com.br\/geral\/nova-administracao-ja-recolheu-2-300-celulares-dos-presidios-no-ceara\/","title":{"rendered":"Nova administra\u00e7\u00e3o j\u00e1 recolheu 2.300 celulares dos pres\u00eddios no Cear\u00e1"},"content":{"rendered":"<div>A Secretaria da Administra\u00e7\u00e3o Penitenci\u00e1ria\u00a0 do Cear\u00e1 divulgou o n\u00famero de celulares apreendidos nos pres\u00eddios do Estado\u00a0nesses 22 dias de janeiro:\u00a0 2.300, mais de 100 por dia na m\u00e9dia.<\/div>\n<div><\/div>\n<div>A inten\u00e7\u00e3o segundo a secretaria \u00e9\u00a0 cortar a comunica\u00e7\u00e3o entre internos e criminosos que agem fora das pris\u00f5es.<\/div>\n<div><\/div>\n<div>Outra medida adotada pela SAP foi a publica\u00e7\u00e3o de uma portaria, nesta ter\u00e7a-feira, 22, que restringe a entrada alimentos e objetos pessoais nas pris\u00f5es. Conforme a SAP, os familiares s\u00f3 poder\u00e3o levar comida extra em dias de visita para o consumo de internos e visitantes.<\/div>\n<div><\/div>\n<div>A secretaria da Administra\u00e7\u00e3o Penitenci\u00e1ria ressaltou que, durante a semana, a alimenta\u00e7\u00e3o ficar\u00e1 restrita a cinco refei\u00e7\u00f5es di\u00e1rias fornecidas pelo Estado.<\/div>\n<div><\/div>\n<div>O secret\u00e1rio da Administra\u00e7\u00e3o Penitenci\u00e1ria, Lu\u00eds Mauro Albuquerque, anunciou que todas as unidades prisionais do Cear\u00e1 passariam por uma &#8220;limpeza&#8221;.<\/div>\n<div><\/div>\n<div>\u00a0\u201cPe\u00e7o aos diretores de cada unidade penitenci\u00e1ria para colocar seus agentes para retirar qualquer apologia \u00e0s fac\u00e7\u00f5es criminosas de dentro dos pres\u00eddios. Faremos uma higieniza\u00e7\u00e3o e combateremos a cada um deles\u201d.<\/div>\n<div><\/div>\n<div>De acordo com o \u00f3rg\u00e3o, foram retirados tamb\u00e9m centenas de aparelhos de TV, al\u00e9m de armas. Al\u00e9m disso, em janeiro deste ano, 84 cadeias p\u00fablicas foram desativadas e 39 detentos foram transferidos para o pres\u00eddio de seguran\u00e7a m\u00e1xima do Rio Grande do Norte.<\/div>\n<div><\/div>\n<div>Os ataques, que come\u00e7aram no dia 2 de janeiro, diminuiram mas ainda \u00e9 registrado pelo menos um por dia.<\/div>\n","protected":false},"excerpt":{"rendered":"<p>A Secretaria da Administra\u00e7\u00e3o Penitenci\u00e1ria\u00a0 do Cear\u00e1 divulgou o n\u00famero de celulares apreendidos nos pres\u00eddios do Estado\u00a0nesses 22 dias de janeiro:\u00a0 2.300, mais de 100 por dia na m\u00e9dia. A inten\u00e7\u00e3o segundo a secretaria \u00e9\u00a0 cortar a comunica\u00e7\u00e3o entre internos e criminosos que agem fora das pris\u00f5es. Outra medida adotada pela SAP foi a publica\u00e7\u00e3o [&hellip;]<\/p>\n","protected":false},"author":4,"featured_media":72367,"comment_status":"open","ping_status":"closed","sticky":false,"template":"","format":"standard","meta":{"jetpack_post_was_ever_published":false,"_jetpack_newsletter_access":"","_jetpack_dont_email_post_to_subs":false,"_jetpack_newsletter_tier_id":0,"_jetpack_memberships_contains_paywalled_content":false,"_jetpack_memberships_contains_paid_content":false,"footnotes":"","jetpack_publicize_message":"","jetpack_publicize_feature_enabled":true,"jetpack_social_post_already_shared":true,"jetpack_social_options":{"image_generator_settings":{"template":"highway","default_image_id":0,"font":"","enabled":false},"version":2}},"categories":[2],"tags":[],"class_list":["post-72365","post","type-post","status-publish","format-standard","has-post-thumbnail","hentry","category-geral"],"aioseo_notices":[],"jetpack_publicize_connections":[],"jetpack_featured_media_url":"","jetpack_shortlink":"https:\/\/wp.me\/pbKhrD-iPb","jetpack-related-posts":[{"id":72121,"url":"https:\/\/www.jornalja.com.br\/geral\/retiradas-de-celulares-de-presidios-e-causa-dos-ataques-no-ceara\/","url_meta":{"origin":72365,"position":0},"title":"Retirada de celulares de pres\u00eddios \u00e9 causa dos ataques no Cear\u00e1","author":"da Reda\u00e7\u00e3o","date":"7 de janeiro de 2019","format":false,"excerpt":"A Secretaria da Seguran\u00e7a do Cear\u00e1 atualizou o n\u00famero de pris\u00f5es por envolvimento nas a\u00e7\u00f5es criminosas que aterrorizam o Estado h\u00e1 seis dias: j\u00e1 s\u00e3o 110 suspeitos presos, sendo 34 menores de idade. Entre as autua\u00e7\u00f5es, est\u00e1 um homem, preso em flagrante, pela venda irregular de combust\u00edveis a grupos criminosos.\u2026","rel":"","context":"Em &quot;Geral-MAT\u00c9RIA&quot;","block_context":{"text":"Geral-MAT\u00c9RIA","link":"https:\/\/www.jornalja.com.br\/geral\/category\/geral\/"},"img":{"alt_text":"","src":"","width":0,"height":0},"classes":[]},{"id":72214,"url":"https:\/\/www.jornalja.com.br\/geral\/violencia-que-aterroriza-o-ceara-e-o-desafio-do-brasil-em-2019\/","url_meta":{"origin":72365,"position":1},"title":"Viol\u00eancia que aterroriza o Cear\u00e1 \u00e9 o desafio do Brasil em 2019","author":"Elmar Bones","date":"12 de janeiro de 2019","format":false,"excerpt":"A situa\u00e7\u00e3o que o governador Camilo Santana (PT) est\u00e1 enfrentando desde o dia 3 de janeiro e que j\u00e1 acumula quase 200 atentados na capital, Fortaleza, e em pelo menos\u00a0 40 cidades do Cear\u00e1, \u00e9 a mesma que v\u00e3o enfrentar os demais governadores e o governo federal se realmente cumprirem\u2026","rel":"","context":"Em &quot;Geral-MAT\u00c9RIA&quot;","block_context":{"text":"Geral-MAT\u00c9RIA","link":"https:\/\/www.jornalja.com.br\/geral\/category\/geral\/"},"img":{"alt_text":"","src":"","width":0,"height":0},"classes":[]},{"id":72402,"url":"https:\/\/www.jornalja.com.br\/geral\/ataques-no-ceara-atingem-escola-e-posto-de-saude\/","url_meta":{"origin":72365,"position":2},"title":"Ataques no Cear\u00e1 atingem escola e posto de sa\u00fade","author":"da Reda\u00e7\u00e3o","date":"25 de janeiro de 2019","format":false,"excerpt":"Mais uma noite e uma madrugada de a\u00e7\u00f5es criminosas em diferentes cidades do Cear\u00e1. Em menos de 12 horas, na noite e madrugada de quinta-feira, um posto de sa\u00fade, uma escola municipal, um posto de combust\u00edveis, dois tratores e, pelo menos, dois \u00f4nibus foram incendiados em tr\u00eas munic\u00edpios. Em Eus\u00e9bio,\u2026","rel":"","context":"Em &quot;Geral-MAT\u00c9RIA&quot;","block_context":{"text":"Geral-MAT\u00c9RIA","link":"https:\/\/www.jornalja.com.br\/geral\/category\/geral\/"},"img":{"alt_text":"","src":"","width":0,"height":0},"classes":[]},{"id":72835,"url":"https:\/\/www.jornalja.com.br\/geral\/transferencia-dos-lideres-do-pcc-foi-o-maior-golpe-no-crime-organizado\/","url_meta":{"origin":72365,"position":3},"title":"Transfer\u00eancia dos l\u00edderes do PCC foi o maior golpe no crime organizado","author":"da Reda\u00e7\u00e3o","date":"15 de fevereiro de 2019","format":false,"excerpt":"Se o promotor Lincoln Gakiya est\u00e1 certo, a transfer\u00eancia de 22 l\u00edderes do PCC para pres\u00eddios federais de Seguran\u00e7a M\u00e1xima \u00e9 o maior golpe j\u00e1 dado na maior organiza\u00e7\u00e3o do crime organizado no pa\u00eds. O Primeiro Comando da Capital (PCC) baseado em S\u00e3o Paulo, hoje tem ramifica\u00e7\u00f5es em quase todos\u2026","rel":"","context":"Em &quot;Geral-MAT\u00c9RIA&quot;","block_context":{"text":"Geral-MAT\u00c9RIA","link":"https:\/\/www.jornalja.com.br\/geral\/category\/geral\/"},"img":{"alt_text":"","src":"https:\/\/i0.wp.com\/www.jornalja.com.br\/wp-content\/uploads\/2019\/02\/PCC-promotor-diz-que-remo%C3%A7%C3%A3o-isolou-o-comando.jpg?resize=350%2C200&ssl=1","width":350,"height":200},"classes":[]},{"id":82263,"url":"https:\/\/www.jornalja.com.br\/geral\/medidas-para-o-sistema-prisional\/","url_meta":{"origin":72365,"position":4},"title":"Medidas para o sistema prisional","author":"Elmar Bones","date":"19 de mar\u00e7o de 2020","format":false,"excerpt":"O Conselho Nacional de Justi\u00e7a (CNJ) emitiu nesta ter\u00e7a-feira (17\/3) recomenda\u00e7\u00e3o a tribunais e magistrados para ado\u00e7\u00e3o de medidas preventivas \u00e0 propaga\u00e7\u00e3o do novo coronav\u00edrus no sistema de justi\u00e7a penal e socioeducativo (Recomenda\u00e7\u00e3o CNJ 62\/2020). As medidas devem vigorar por 90 dias, com possibilidade de prorroga\u00e7\u00e3o. A recomenda\u00e7\u00e3o foi enviada\u2026","rel":"","context":"Em &quot;Geral-MAT\u00c9RIA&quot;","block_context":{"text":"Geral-MAT\u00c9RIA","link":"https:\/\/www.jornalja.com.br\/geral\/category\/geral\/"},"img":{"alt_text":"","src":"","width":0,"height":0},"classes":[]},{"id":93640,"url":"https:\/\/www.jornalja.com.br\/geral\/terror-em-porto-alegre-tregua-na-guerra-de-faccoes-nao-dura-cinco-meses\/","url_meta":{"origin":72365,"position":5},"title":"Terror em Porto Alegre: tr\u00e9gua na guerra de fac\u00e7\u00f5es dura quatro meses","author":"da Reda\u00e7\u00e3o","date":"5 de setembro de 2022","format":false,"excerpt":"Duas mortes e 24 feridos em ataque a um bar na zona Sul, na noite de s\u00e1bado, 3. Uma granada arremessada (sem detonar) num condominio na av. Jo\u00e3o Pessoa, na madrugada do domingo, 4. S\u00e3o os sinais claros de que a guerra entre fac\u00e7\u00f5es criminosas em Porto Alegre recome\u00e7ou, depois\u2026","rel":"","context":"Em &quot;Geral-MAT\u00c9RIA&quot;","block_context":{"text":"Geral-MAT\u00c9RIA","link":"https:\/\/www.jornalja.com.br\/geral\/category\/geral\/"},"img":{"alt_text":"","src":"","width":0,"height":0},"classes":[]}],"jetpack_sharing_enabled":true,"_links":{"self":[{"href":"https:\/\/www.jornalja.com.br\/geral\/wp-json\/wp\/v2\/posts\/72365","targetHints":{"allow":["GET"]}}],"collection":[{"href":"https:\/\/www.jornalja.com.br\/geral\/wp-json\/wp\/v2\/posts"}],"about":[{"href":"https:\/\/www.jornalja.com.br\/geral\/wp-json\/wp\/v2\/types\/post"}],"author":[{"embeddable":true,"href":"https:\/\/www.jornalja.com.br\/geral\/wp-json\/wp\/v2\/users\/4"}],"replies":[{"embeddable":true,"href":"https:\/\/www.jornalja.com.br\/geral\/wp-json\/wp\/v2\/comments?post=72365"}],"version-history":[{"count":0,"href":"https:\/\/www.jornalja.com.br\/geral\/wp-json\/wp\/v2\/posts\/72365\/revisions"}],"wp:featuredmedia":[{"embeddable":true,"href":"https:\/\/www.jornalja.com.br\/geral\/wp-json\/"}],"wp:attachment":[{"href":"https:\/\/www.jornalja.com.br\/geral\/wp-json\/wp\/v2\/media?parent=72365"}],"wp:term":[{"taxonomy":"category","embeddable":true,"href":"https:\/\/www.jornalja.com.br\/geral\/wp-json\/wp\/v2\/categories?post=72365"},{"taxonomy":"post_tag","embeddable":true,"href":"https:\/\/www.jornalja.com.br\/geral\/wp-json\/wp\/v2\/tags?post=72365"}],"curies":[{"name":"wp","href":"https:\/\/api.w.org\/{rel}","templated":true}]}}