{"id":73023,"date":"2019-02-25T11:15:18","date_gmt":"2019-02-25T14:15:18","guid":{"rendered":"https:\/\/www.jornalja.com.br\/?p=73023"},"modified":"2019-02-25T11:15:18","modified_gmt":"2019-02-25T14:15:18","slug":"curso-a-distancia-oferece-pos-graduacao-em-gestao-de-igrejas","status":"publish","type":"post","link":"https:\/\/www.jornalja.com.br\/geral\/curso-a-distancia-oferece-pos-graduacao-em-gestao-de-igrejas\/","title":{"rendered":"Curso \u00e0 dist\u00e2ncia oferece p\u00f3s-gradua\u00e7\u00e3o em gest\u00e3o de igrejas"},"content":{"rendered":"<p><em>Aumento de institui\u00e7\u00f5es religiosas incentiva cria\u00e7\u00e3o de novo curso<\/em><br \/>\nConhecido por sua diversidade religiosa, o Brasil est\u00e1 passando por um aumento no n\u00famero de igrejas.<br \/>\nDe acordo com levantamento do jornal O Globo junto \u00e0 Receita Federal, 67.951 entidades se registraram sob a rubrica \u201corganiza\u00e7\u00f5es religiosas ou filos\u00f3ficas\u201d entre janeiro de 2010 e fevereiro de 2017, uma m\u00e9dia de uma por hora.<br \/>\nMotivado por esse aumento, o Centro Universit\u00e1rio Internacional Uninter inaugura a p\u00f3s-gradua\u00e7\u00e3o em Gest\u00e3o de Igrejas e Institui\u00e7\u00f5es Sociais.<br \/>\n\u201cEmbora a gest\u00e3o de igrejas tenha muitos pontos em comum com a gest\u00e3o empresarial, institui\u00e7\u00f5es religiosas t\u00eam suas especificidades e precisam de profissionais especializados\u201d, explica Patr\u00edcia Carla Ferreira, professora e coordenadora do curso.<br \/>\nLogo, al\u00e9m de disciplinas tradicionais de supervis\u00e3o, ger\u00eancia e dire\u00e7\u00e3o, os estudantes contar\u00e3o com mat\u00e9rias espec\u00edficas, como gest\u00e3o financeira e legisla\u00e7\u00e3o aplicadas \u00e0s igrejas e institui\u00e7\u00f5es sociais. O curso visa religiosos, te\u00f3logos e gestores.<br \/>\n\u201cIgrejas e institui\u00e7\u00f5es sociais t\u00eam objetivos espec\u00edficos, que s\u00f3 ser\u00e3o atingidos com uma boa gest\u00e3o. Por isso esse profissional se faz cada dia mais importante\u201d, pontua a professora.<br \/>\nA forma\u00e7\u00e3o \u00e9 ofertada na modalidade \u00e0 dist\u00e2ncia, em que as aulas s\u00e3o disponibilizadas por meio do Ambiente Virtual de Aprendizagem (AVA).<br \/>\nOs estudantes t\u00eam acesso ao material did\u00e1tico digital e podem interagir com professores\u00a0<em>on-line<\/em>. Tamb\u00e9m contam com a estrutura do polo de apoio presencial da Uninter mais pr\u00f3ximo de sua casa.<br \/>\n&nbsp;<\/p>\n","protected":false},"excerpt":{"rendered":"<p>Aumento de institui\u00e7\u00f5es religiosas incentiva cria\u00e7\u00e3o de novo curso Conhecido por sua diversidade religiosa, o Brasil est\u00e1 passando por um aumento no n\u00famero de igrejas. De acordo com levantamento do jornal O Globo junto \u00e0 Receita Federal, 67.951 entidades se registraram sob a rubrica \u201corganiza\u00e7\u00f5es religiosas ou filos\u00f3ficas\u201d entre janeiro de 2010 e fevereiro de [&hellip;]<\/p>\n","protected":false},"author":4,"featured_media":73024,"comment_status":"open","ping_status":"closed","sticky":false,"template":"","format":"standard","meta":{"jetpack_post_was_ever_published":false,"_jetpack_newsletter_access":"","_jetpack_dont_email_post_to_subs":false,"_jetpack_newsletter_tier_id":0,"_jetpack_memberships_contains_paywalled_content":false,"_jetpack_memberships_contains_paid_content":false,"footnotes":"","jetpack_publicize_message":"","jetpack_publicize_feature_enabled":true,"jetpack_social_post_already_shared":true,"jetpack_social_options":{"image_generator_settings":{"template":"highway","default_image_id":0,"font":"","enabled":false},"version":2}},"categories":[2],"tags":[],"class_list":["post-73023","post","type-post","status-publish","format-standard","has-post-thumbnail","hentry","category-geral"],"aioseo_notices":[],"jetpack_publicize_connections":[],"jetpack_featured_media_url":"","jetpack_shortlink":"https:\/\/wp.me\/pbKhrD-iZN","jetpack-related-posts":[{"id":82682,"url":"https:\/\/www.jornalja.com.br\/geral\/cnbb-lanca-campanha-nacional-de-doacao-de-alimentos-a-familias-carentes\/","url_meta":{"origin":73023,"position":0},"title":"CNBB lan\u00e7a campanha nacional de doa\u00e7\u00e3o de alimentos a familias carentes","author":"da Reda\u00e7\u00e3o","date":"12 de abril de 2020","format":false,"excerpt":"A Confer\u00eancia Nacional dos Bispos do Brasil (CNBB) lan\u00e7ou neste\u00a0 Domingo de P\u00e1scoa uma campanha nacional de doa\u00e7\u00e3o de alimentos e produtos de higiene para fam\u00edlias carentes, que est\u00e3o em isolamento por causa da epidemia. Mobiliza\u00e7\u00f5es semelhantes j\u00e1 ocorrem em organiza\u00e7\u00f5es n\u00e3o governamentais e segmentos religiosos, em car\u00e1ter local, desde\u2026","rel":"","context":"Em &quot;Geral-MAT\u00c9RIA&quot;","block_context":{"text":"Geral-MAT\u00c9RIA","link":"https:\/\/www.jornalja.com.br\/geral\/category\/geral\/"},"img":{"alt_text":"","src":"","width":0,"height":0},"classes":[]},{"id":77448,"url":"https:\/\/www.jornalja.com.br\/geral\/movimento-contra-intolerancia-religiosa-faz-caminhada-no-rio\/","url_meta":{"origin":73023,"position":1},"title":"Movimento pela liberdade religiosa faz caminhada no Rio","author":"da Reda\u00e7\u00e3o","date":"16 de setembro de 2019","format":false,"excerpt":"A Caminhada em Defesa da Liberdade Religiosa chegou neste domingo (15) \u00e0 sua 12\u00aa edi\u00e7\u00e3o, reunindo na Praia de Copacabana representantes de todos os segmentos religiosos. Este ano, o evento contou com a participa\u00e7\u00e3o de pastores afro-americanos da Igreja Luther King, de Atlanta, Estados Unidos, e de Arab\u00e1 Agbaye Olu\u2026","rel":"","context":"Em &quot;Geral-MAT\u00c9RIA&quot;","block_context":{"text":"Geral-MAT\u00c9RIA","link":"https:\/\/www.jornalja.com.br\/geral\/category\/geral\/"},"img":{"alt_text":"","src":"https:\/\/i0.wp.com\/www.jornalja.com.br\/wp-content\/uploads\/2019\/09\/Religiosos-pedem-2-450x300.jpg?resize=350%2C200&ssl=1","width":350,"height":200},"classes":[]},{"id":81415,"url":"https:\/\/www.jornalja.com.br\/geral\/novas-regras-para-bolsas-de-pos-graduacao\/","url_meta":{"origin":73023,"position":2},"title":"Novas regras para bolsas de p\u00f3s-gradua\u00e7\u00e3o","author":"da Reda\u00e7\u00e3o","date":"23 de fevereiro de 2020","format":false,"excerpt":"A Coordena\u00e7\u00e3o de Aperfei\u00e7oamento de Pessoal de N\u00edvel Superior (Capes) divulgou as novas regras para bolsas de p\u00f3s-gradua\u00e7ao. O novo modelo leva em considera\u00e7\u00e3o fatores como o desempenho acad\u00eamico e o \u00cdndice de Desenvolvimento Humano Municipal (IDHM) do local onde o curso \u00e9 oferecido. Trata-se de um modelo in\u00e9dito, pois\u2026","rel":"","context":"Em &quot;Geral-NOTAS&quot;","block_context":{"text":"Geral-NOTAS","link":"https:\/\/www.jornalja.com.br\/geral\/category\/geral-notas\/"},"img":{"alt_text":"","src":"","width":0,"height":0},"classes":[]},{"id":100111,"url":"https:\/\/www.jornalja.com.br\/geral\/catedral-da-se-lotada-nos-50-anos-da-morte-de-herzog\/","url_meta":{"origin":73023,"position":3},"title":"Catedral da S\u00e9 lotada nos 50 anos da morte de Herzog","author":"Elmar Bones","date":"28 de outubro de 2025","format":false,"excerpt":"Ato inter-religioso \u00e9 dedicado \u00e0 mem\u00f3ria das v\u00edtimas da ditadura Camila Boehm - Rep\u00f3rter da Ag\u00eancia Brasil Para marcar este 25 de outubro, data em que o jornalista Vladimir Herzog foi assassinado pela ditadura militar h\u00e1 50 anos, a Comiss\u00e3o Arns e o Instituto Vladimir Herzog realizaram um ato ecum\u00eanico\u2026","rel":"","context":"Em &quot;Geral-MAT\u00c9RIA&quot;","block_context":{"text":"Geral-MAT\u00c9RIA","link":"https:\/\/www.jornalja.com.br\/geral\/category\/geral\/"},"img":{"alt_text":"","src":"https:\/\/i0.wp.com\/www.jornalja.com.br\/geral\/wp-content\/uploads\/sites\/4\/2025\/10\/herzog-homenagem-na-catedral-da-se-foto-paulo-pinto-ebc.png?resize=350%2C200&ssl=1","width":350,"height":200,"srcset":"https:\/\/i0.wp.com\/www.jornalja.com.br\/geral\/wp-content\/uploads\/sites\/4\/2025\/10\/herzog-homenagem-na-catedral-da-se-foto-paulo-pinto-ebc.png?resize=350%2C200&ssl=1 1x, https:\/\/i0.wp.com\/www.jornalja.com.br\/geral\/wp-content\/uploads\/sites\/4\/2025\/10\/herzog-homenagem-na-catedral-da-se-foto-paulo-pinto-ebc.png?resize=525%2C300&ssl=1 1.5x"},"classes":[]},{"id":78658,"url":"https:\/\/www.jornalja.com.br\/geral\/sinodo-amazonico-aprova-documento-com-120-pontos-incluindo-definir-pecado-ecologico\/","url_meta":{"origin":73023,"position":4},"title":"Sacerdotes casados, mais l\u00edderes mulheres e o &quot;pecado ecol\u00f3gico&quot;: novidades do S\u00ednodo Amaz\u00f4nico","author":"da Reda\u00e7\u00e3o","date":"27 de outubro de 2019","format":false,"excerpt":"Defesa dos povos ind\u00edgenas, rito amaz\u00f4nico, novos minist\u00e9rios, diaconato das mulheres, incultura\u00e7\u00e3o e ecologia integral s\u00e3o alguns dos temas que passaram pela aprova\u00e7\u00e3o da assembleia do S\u00ednodo para Amaz\u00f4nia, no s\u00e1bado (26), depois de tr\u00eas semanas de discuss\u00f5es. Todos os 120 pontos do Documento foram aprovados. O qu\u00f3rum m\u00ednimo de\u2026","rel":"","context":"Em &quot;Geral-MAT\u00c9RIA&quot;","block_context":{"text":"Geral-MAT\u00c9RIA","link":"https:\/\/www.jornalja.com.br\/geral\/category\/geral\/"},"img":{"alt_text":"","src":"https:\/\/i0.wp.com\/www.jornalja.com.br\/wp-content\/uploads\/2019\/10\/papa-s%C3%ADnodo-amaz%C3%B4nico.jpg?resize=350%2C200&ssl=1","width":350,"height":200},"classes":[]},{"id":74984,"url":"https:\/\/www.jornalja.com.br\/geral\/evangelicos-fazem-marcha-com-jesus-e-anunciam-presenca-de-bolsonaro\/","url_meta":{"origin":73023,"position":5},"title":"Evang\u00e9licos fazem &quot;Marcha para Jesus&quot; e anunciam presen\u00e7a de Bolsonaro","author":"da Reda\u00e7\u00e3o","date":"20 de junho de 2019","format":false,"excerpt":"Milhares de pessoas participam nesta quint-feira, 20, da\u00a0 27\u00aa edi\u00e7\u00e3o da \"Marcha para Jesus, evento gospel liderado pela Igreja Renascer em Cristo, mas que conta com a participa\u00e7\u00e3o de outras igrejas evang\u00e9licas. O evento combina caminhada, shows e apresenta\u00e7\u00f5es de pastores evang\u00e9licos. Os organizadores esperam 2 milh\u00f5es de pessoas. Anunciaram\u2026","rel":"","context":"Em &quot;Geral-MAT\u00c9RIA&quot;","block_context":{"text":"Geral-MAT\u00c9RIA","link":"https:\/\/www.jornalja.com.br\/geral\/category\/geral\/"},"img":{"alt_text":"","src":"","width":0,"height":0},"classes":[]}],"jetpack_sharing_enabled":true,"_links":{"self":[{"href":"https:\/\/www.jornalja.com.br\/geral\/wp-json\/wp\/v2\/posts\/73023","targetHints":{"allow":["GET"]}}],"collection":[{"href":"https:\/\/www.jornalja.com.br\/geral\/wp-json\/wp\/v2\/posts"}],"about":[{"href":"https:\/\/www.jornalja.com.br\/geral\/wp-json\/wp\/v2\/types\/post"}],"author":[{"embeddable":true,"href":"https:\/\/www.jornalja.com.br\/geral\/wp-json\/wp\/v2\/users\/4"}],"replies":[{"embeddable":true,"href":"https:\/\/www.jornalja.com.br\/geral\/wp-json\/wp\/v2\/comments?post=73023"}],"version-history":[{"count":0,"href":"https:\/\/www.jornalja.com.br\/geral\/wp-json\/wp\/v2\/posts\/73023\/revisions"}],"wp:featuredmedia":[{"embeddable":true,"href":"https:\/\/www.jornalja.com.br\/geral\/wp-json\/"}],"wp:attachment":[{"href":"https:\/\/www.jornalja.com.br\/geral\/wp-json\/wp\/v2\/media?parent=73023"}],"wp:term":[{"taxonomy":"category","embeddable":true,"href":"https:\/\/www.jornalja.com.br\/geral\/wp-json\/wp\/v2\/categories?post=73023"},{"taxonomy":"post_tag","embeddable":true,"href":"https:\/\/www.jornalja.com.br\/geral\/wp-json\/wp\/v2\/tags?post=73023"}],"curies":[{"name":"wp","href":"https:\/\/api.w.org\/{rel}","templated":true}]}}