{"id":73235,"date":"2019-03-09T20:55:05","date_gmt":"2019-03-09T23:55:05","guid":{"rendered":"https:\/\/www.jornalja.com.br\/?p=73235"},"modified":"2019-03-09T20:55:05","modified_gmt":"2019-03-09T23:55:05","slug":"guru-dos-bolsonaro-diz-que-governo-esta-repleto-de-inimigos-do-presidente","status":"publish","type":"post","link":"https:\/\/www.jornalja.com.br\/geral\/guru-dos-bolsonaro-diz-que-governo-esta-repleto-de-inimigos-do-presidente\/","title":{"rendered":"Guru dos Bolsonaro diz que &quot;governo est\u00e1 repleto de inimigos do presidente&quot;"},"content":{"rendered":"<p>Apontado como \u201cguru\u201d da fam\u00edlia Bolsonaro, o professor Olavo de Carvalho trouxe a p\u00fablico uma crise no interior do governo de Jair Bolsonaro.<\/p>\n<div class=\"\">\n<div id=\"content\">\n<article>\n<div id=\"content-core\">\n<div id=\"parent-fieldname-text\" class=\"\">\n<div>\n<div class=\"texto-externo\">\nEm post em sua p\u00e1gina no Facebook, Carvalho recomendou aos alunos de seu curso online a deixarem o governo, no MEC espec\u00edficamente, onde sua influ\u00eancia come\u00e7a pelo ministro V\u00e9lez Rodrigues, que foi indicado por ele.<br \/>\nA recomenda\u00e7\u00e3o tamb\u00e9m aparece na conta de Twitter atribu\u00edda ao ide\u00f3logo:<br \/>\n\u201c<em>Jamais gostei da ideia de meus alunos ocuparem cargos no governo, mas, como eles se entusiasmaram com a ascens\u00e3o do Bolsonaro e imaginaram que em determinados postos poderiam fazer algo de bom pelo pa\u00eds, achei cruel destruir essa ilus\u00e3o num primeiro momento. Mas agora j\u00e1 n\u00e3o posso me calar mais. Todos os meus alunos que ocupam cargos no governo \u2014 umas poucas dezenas, creio eu \u2014 deveriam, no meu entender, abandon\u00e1-los o mais cedo poss\u00edvel e voltar \u00e0 sua vida de estudos&#8221;.\u00a0<\/em><br \/>\n&#8220;<em>O presente governo est\u00e1 repleto de inimigos do presidente e inimigos do povo, e andar em companhia desses p\u00fastulas s\u00f3 \u00e9 bom para quem seja como eles\u201d, escreveu..<\/em>\n<\/div>\n<\/div>\n<\/div>\n<\/div>\n<div class=\"documentActions\"><span style=\"font-weight: 300\">Em seguida em novos tu\u00edtes, Olavo diz que \u201coficiais militares induzem o ministro Velez a tomar atitudes erradas e depois lan\u00e7am a culpa nos meus alunos\u201d. \u201cS\u00e3o trapaceiros e covardes\u201d.<\/span><\/div>\n<\/article>\n<\/div>\n<\/div>\n<p>Ressalvou, por\u00e9m, que \u201cnenhum Olavette&#8221; havia, at\u00e9 ent\u00e3o, sido demitido do Minist\u00e9rio da Educa\u00e7\u00e3o. &#8220;Foram apenas transferidos para cargos politicamente in\u00f3cuos\u201d.<br \/>\nAinda no s\u00e1bado, o assessor especial do Ministerio da Educa\u00e7\u00e3o, Silvio Grimaldo, um dos ex-alunos de Olavo de Carvalho, disse que h\u00e1 um \u201cexpurgo\u201d em andamento no setor.<\/p>\n<div class=\"teads-inread sm-screen\">\n<div id=\"teads0\" class=\"teads-player\"><span style=\"font-weight: 300\">Em sua p\u00e1gina no Facebook, Grimaldo, um dos prov\u00e1veis exonerados, afirmou: \u201cO expurgo de alunos do Olavo de Carvalho\u00a0do MEC \u00e9 a maior trai\u00e7\u00e3o dentro do governo Bolsonaro que se viu at\u00e9 agora. Nem as trairagens do Mour\u00e3o ou do Bibiano chegaram a esse n\u00edvel\u201d.<\/span><\/div>\n<\/div>\n<div class=\"code-block code-block-1\"><\/div>\n<p>O traidor seria o ministro da Educa\u00e7\u00e3o, Ricardo V\u00e9lez Rodr\u00edguez, indicado para o cargo por Olavo.<br \/>\nAl\u00e9m de Grimaldo, Tiago Tondinelli, advogado e tamb\u00e9m ex-aluno de Olavo de Carvalho, dever\u00e1 deixar o cargo de chefe de gabinete do minist\u00e9rio.<br \/>\nTondinelli era uma das pessoas mais pr\u00f3ximas de V\u00e9lez Rodr\u00edguez, at\u00e9 o momento.<br \/>\nAo contr\u00e1rio de Grimaldo, ele n\u00e3o quis comentar a sua sa\u00edda. Disse, apenas, que ela estava prevista j\u00e1 antes dos coment\u00e1rios de Olavo de Carvalho e que a raz\u00e3o era pessoal.<br \/>\n(Com informa\u00e7\u00f5es da revista Forum)<\/p>\n","protected":false},"excerpt":{"rendered":"<p>Apontado como \u201cguru\u201d da fam\u00edlia Bolsonaro, o professor Olavo de Carvalho trouxe a p\u00fablico uma crise no interior do governo de Jair Bolsonaro. Em post em sua p\u00e1gina no Facebook, Carvalho recomendou aos alunos de seu curso online a deixarem o governo, no MEC espec\u00edficamente, onde sua influ\u00eancia come\u00e7a pelo ministro V\u00e9lez Rodrigues, que foi [&hellip;]<\/p>\n","protected":false},"author":4,"featured_media":73236,"comment_status":"open","ping_status":"closed","sticky":false,"template":"","format":"standard","meta":{"jetpack_post_was_ever_published":false,"_jetpack_newsletter_access":"","_jetpack_dont_email_post_to_subs":false,"_jetpack_newsletter_tier_id":0,"_jetpack_memberships_contains_paywalled_content":false,"_jetpack_memberships_contains_paid_content":false,"footnotes":"","jetpack_publicize_message":"","jetpack_publicize_feature_enabled":true,"jetpack_social_post_already_shared":true,"jetpack_social_options":{"image_generator_settings":{"template":"highway","default_image_id":0,"font":"","enabled":false},"version":2}},"categories":[2],"tags":[],"class_list":["post-73235","post","type-post","status-publish","format-standard","has-post-thumbnail","hentry","category-geral"],"aioseo_notices":[],"jetpack_publicize_connections":[],"jetpack_featured_media_url":"","jetpack_shortlink":"https:\/\/wp.me\/pbKhrD-j3d","jetpack-related-posts":[{"id":100289,"url":"https:\/\/www.jornalja.com.br\/geral\/stf-encerra-julgamento-de-bolsonaro-27-anos-e-seis-meses-de-prisao\/","url_meta":{"origin":73235,"position":0},"title":"STF encerra julgamento de Bolsonaro: 27 anos e tr\u00eas meses de pris\u00e3o","author":"da Reda\u00e7\u00e3o","date":"25 de novembro de 2025","format":false,"excerpt":"O Supremo Tribunal Federal (STF) considerou que o processo do ex-presidente Jair Bolsonaro por golpe de Estado transitou em julgado. Ou seja: n\u00e3o cabem mais recursos. A decis\u00e3o foi anunciada no in\u00edcio da tarde desta ter\u00e7a-feira, 25 de novembro Al\u00e9m de Bolsonaro,\u00a0 foi concluso tamb\u00e9m julgamento de Alexandre Ramagem (PL-RJ),\u2026","rel":"","context":"Em &quot;Geral-MAT\u00c9RIA&quot;","block_context":{"text":"Geral-MAT\u00c9RIA","link":"https:\/\/www.jornalja.com.br\/geral\/category\/geral\/"},"img":{"alt_text":"","src":"https:\/\/i0.wp.com\/www.jornalja.com.br\/geral\/wp-content\/uploads\/sites\/4\/2025\/11\/bolsonaro-preso-2.png?resize=350%2C200&ssl=1","width":350,"height":200,"srcset":"https:\/\/i0.wp.com\/www.jornalja.com.br\/geral\/wp-content\/uploads\/sites\/4\/2025\/11\/bolsonaro-preso-2.png?resize=350%2C200&ssl=1 1x, https:\/\/i0.wp.com\/www.jornalja.com.br\/geral\/wp-content\/uploads\/sites\/4\/2025\/11\/bolsonaro-preso-2.png?resize=525%2C300&ssl=1 1.5x"},"classes":[]},{"id":91649,"url":"https:\/\/www.jornalja.com.br\/geral\/olavo-de-carvalho-guru-de-bolsonaro-morre-aos-74-nos-estados-unidos\/","url_meta":{"origin":73235,"position":1},"title":"Bolsonaro diz que Olavo de Carvalho &#8220;foi gigante na luta pela liberdade&#8221;","author":"da Reda\u00e7\u00e3o","date":"25 de janeiro de 2022","format":false,"excerpt":"O guru do governo Bolsonaro, Olavo de Carvalho morreu nessa segunda-feira (24), aos 74 anos, nos Estados Unidos, onde vivia. A informa\u00e7\u00e3o foi dada pela fam\u00edlia nas redes sociais do escritor. \u201cCom grande pesar, a fam\u00edlia do professor Olavo de Carvalho comunica sua morte na noite de\u00a024 de janeiro, na\u2026","rel":"","context":"Em &quot;Geral-MAT\u00c9RIA&quot;","block_context":{"text":"Geral-MAT\u00c9RIA","link":"https:\/\/www.jornalja.com.br\/geral\/category\/geral\/"},"img":{"alt_text":"","src":"","width":0,"height":0},"classes":[]},{"id":73382,"url":"https:\/\/www.jornalja.com.br\/geral\/olavo-diz-que-generais-querem-restaurar-64-e-usam-bolsonaro-como-camisinha\/","url_meta":{"origin":73235,"position":2},"title":"Olavo diz que generais querem restaurar 64 e usam Bolsonaro como &quot;camisinha&quot;","author":"da Reda\u00e7\u00e3o","date":"17 de mar\u00e7o de 2019","format":false,"excerpt":"Em entrevista ao Valor, no s\u00e1bado \u00e0 noite, em Washington, o guru da familia Bolsonaro\u00a0, o fil\u00f3sofo Olavo de Carvalho repetiu sua avalia\u00e7\u00e3o, de\u00a0que o presidente est\u00e1 de m\u00e3os amarradas por militares pr\u00f3ximos com \"mentalidade golpista\". Advertiu sobre a necessidade de uma mudan\u00e7a de rumo para o governo n\u00e3o acabar\u2026","rel":"","context":"Em &quot;Geral-MAT\u00c9RIA&quot;","block_context":{"text":"Geral-MAT\u00c9RIA","link":"https:\/\/www.jornalja.com.br\/geral\/category\/geral\/"},"img":{"alt_text":"","src":"","width":0,"height":0},"classes":[]},{"id":100532,"url":"https:\/\/www.jornalja.com.br\/geral\/veto-a-dosimetria-manifestacoess-contra-anistia-a-golpistas-pesaram-na-decisao-de-lula\/","url_meta":{"origin":73235,"position":3},"title":"Veto \u00e0 dosimetria: manifesta\u00e7\u00f5es contra anistia a golpistas pesaram na decis\u00e3o de Lula","author":"Elmar Bones","date":"9 de janeiro de 2026","format":false,"excerpt":"Tr\u00eas anos depois do ataque golpista \u00e0 democracia em 2023, o dia 08 de janeiro \u00e9 marcado por manifesta\u00e7\u00f5es populares em todo o pa\u00eds em defesa da soberania do Brasil e que tamb\u00e9m exigiram o cumprimento da pena dos condenados pela tentativa de golpe de Estado, tentativa de aboli\u00e7\u00e3o violenta\u2026","rel":"","context":"Em &quot;Geral-MAT\u00c9RIA&quot;","block_context":{"text":"Geral-MAT\u00c9RIA","link":"https:\/\/www.jornalja.com.br\/geral\/category\/geral\/"},"img":{"alt_text":"","src":"https:\/\/i0.wp.com\/www.jornalja.com.br\/geral\/wp-content\/uploads\/sites\/4\/2026\/01\/dosimetria-fora-bozo.png?resize=350%2C200&ssl=1","width":350,"height":200,"srcset":"https:\/\/i0.wp.com\/www.jornalja.com.br\/geral\/wp-content\/uploads\/sites\/4\/2026\/01\/dosimetria-fora-bozo.png?resize=350%2C200&ssl=1 1x, https:\/\/i0.wp.com\/www.jornalja.com.br\/geral\/wp-content\/uploads\/sites\/4\/2026\/01\/dosimetria-fora-bozo.png?resize=525%2C300&ssl=1 1.5x"},"classes":[]},{"id":100261,"url":"https:\/\/www.jornalja.com.br\/geral\/elevado-risco-de-fuga-diz-alexandre-de-moraes-ao-decretar-a-prisao-de-bolsonaro\/","url_meta":{"origin":73235,"position":4},"title":"&#8220;Elevado risco de fuga&#8221;, diz Alexandre de Moraes ao decretar a pris\u00e3o de Bolsonaro","author":"da Reda\u00e7\u00e3o","date":"22 de novembro de 2025","format":false,"excerpt":"O ex-presidente Jair Bolsonaro foi preso por volta das seis horas da manh\u00e3 deste s\u00e1bado (22). Em nota, a Pol\u00edcia Federal informou que cumpriu um mandado de pris\u00e3o preventiva expedido pelo Supremo Tribunal Federal (STF). Na sexta-feira (21) o senador Fl\u00e1vio Bolsonaro (PL) convocou, pelas redes sociais uma vig\u00edlia de\u2026","rel":"","context":"Em &quot;Geral-MAT\u00c9RIA&quot;","block_context":{"text":"Geral-MAT\u00c9RIA","link":"https:\/\/www.jornalja.com.br\/geral\/category\/geral\/"},"img":{"alt_text":"","src":"https:\/\/i0.wp.com\/www.jornalja.com.br\/geral\/wp-content\/uploads\/sites\/4\/2025\/11\/bolsonaro-preso-2.png?resize=350%2C200&ssl=1","width":350,"height":200,"srcset":"https:\/\/i0.wp.com\/www.jornalja.com.br\/geral\/wp-content\/uploads\/sites\/4\/2025\/11\/bolsonaro-preso-2.png?resize=350%2C200&ssl=1 1x, https:\/\/i0.wp.com\/www.jornalja.com.br\/geral\/wp-content\/uploads\/sites\/4\/2025\/11\/bolsonaro-preso-2.png?resize=525%2C300&ssl=1 1.5x"},"classes":[]},{"id":100277,"url":"https:\/\/www.jornalja.com.br\/geral\/unanimidade-stf-mantem-prisao-preventiva-do-ex-presidente-jair-bolsonaro\/","url_meta":{"origin":73235,"position":5},"title":"Unanimidade:  STF mant\u00e9m pris\u00e3o preventiva do ex-presidente Jair Bolsonaro","author":"da Reda\u00e7\u00e3o","date":"24 de novembro de 2025","format":false,"excerpt":"Por unanimidade, a Primeira Turma do Supremo Tribunal Federal (STF) manteve, nesta segunda-feira (24), a decis\u00e3o do ministro Alexandre de Moraes que decretou a pris\u00e3o preventiva do ex-presidente da Rep\u00fablica Jair Bolsonaro. A medida foi analisada em sess\u00e3o extraordin\u00e1ria virtual,\u00a0 com encerramento \u00e0s 20h, mas no fim da manh\u00e3 todos\u2026","rel":"","context":"Em &quot;Geral-MAT\u00c9RIA&quot;","block_context":{"text":"Geral-MAT\u00c9RIA","link":"https:\/\/www.jornalja.com.br\/geral\/category\/geral\/"},"img":{"alt_text":"","src":"https:\/\/i0.wp.com\/www.jornalja.com.br\/geral\/wp-content\/uploads\/sites\/4\/2025\/11\/bolsonaro-stf-mantem-prisao.jpg?resize=350%2C200&ssl=1","width":350,"height":200,"srcset":"https:\/\/i0.wp.com\/www.jornalja.com.br\/geral\/wp-content\/uploads\/sites\/4\/2025\/11\/bolsonaro-stf-mantem-prisao.jpg?resize=350%2C200&ssl=1 1x, https:\/\/i0.wp.com\/www.jornalja.com.br\/geral\/wp-content\/uploads\/sites\/4\/2025\/11\/bolsonaro-stf-mantem-prisao.jpg?resize=525%2C300&ssl=1 1.5x, https:\/\/i0.wp.com\/www.jornalja.com.br\/geral\/wp-content\/uploads\/sites\/4\/2025\/11\/bolsonaro-stf-mantem-prisao.jpg?resize=700%2C400&ssl=1 2x, https:\/\/i0.wp.com\/www.jornalja.com.br\/geral\/wp-content\/uploads\/sites\/4\/2025\/11\/bolsonaro-stf-mantem-prisao.jpg?resize=1050%2C600&ssl=1 3x, https:\/\/i0.wp.com\/www.jornalja.com.br\/geral\/wp-content\/uploads\/sites\/4\/2025\/11\/bolsonaro-stf-mantem-prisao.jpg?resize=1400%2C800&ssl=1 4x"},"classes":[]}],"jetpack_sharing_enabled":true,"_links":{"self":[{"href":"https:\/\/www.jornalja.com.br\/geral\/wp-json\/wp\/v2\/posts\/73235","targetHints":{"allow":["GET"]}}],"collection":[{"href":"https:\/\/www.jornalja.com.br\/geral\/wp-json\/wp\/v2\/posts"}],"about":[{"href":"https:\/\/www.jornalja.com.br\/geral\/wp-json\/wp\/v2\/types\/post"}],"author":[{"embeddable":true,"href":"https:\/\/www.jornalja.com.br\/geral\/wp-json\/wp\/v2\/users\/4"}],"replies":[{"embeddable":true,"href":"https:\/\/www.jornalja.com.br\/geral\/wp-json\/wp\/v2\/comments?post=73235"}],"version-history":[{"count":0,"href":"https:\/\/www.jornalja.com.br\/geral\/wp-json\/wp\/v2\/posts\/73235\/revisions"}],"wp:featuredmedia":[{"embeddable":true,"href":"https:\/\/www.jornalja.com.br\/geral\/wp-json\/"}],"wp:attachment":[{"href":"https:\/\/www.jornalja.com.br\/geral\/wp-json\/wp\/v2\/media?parent=73235"}],"wp:term":[{"taxonomy":"category","embeddable":true,"href":"https:\/\/www.jornalja.com.br\/geral\/wp-json\/wp\/v2\/categories?post=73235"},{"taxonomy":"post_tag","embeddable":true,"href":"https:\/\/www.jornalja.com.br\/geral\/wp-json\/wp\/v2\/tags?post=73235"}],"curies":[{"name":"wp","href":"https:\/\/api.w.org\/{rel}","templated":true}]}}