{"id":73382,"date":"2019-03-17T16:27:14","date_gmt":"2019-03-17T19:27:14","guid":{"rendered":"https:\/\/www.jornalja.com.br\/?p=73382"},"modified":"2019-03-17T16:27:14","modified_gmt":"2019-03-17T19:27:14","slug":"olavo-diz-que-generais-querem-restaurar-64-e-usam-bolsonaro-como-camisinha","status":"publish","type":"post","link":"https:\/\/www.jornalja.com.br\/geral\/olavo-diz-que-generais-querem-restaurar-64-e-usam-bolsonaro-como-camisinha\/","title":{"rendered":"Olavo diz que generais querem restaurar 64 e usam Bolsonaro como &quot;camisinha&quot;"},"content":{"rendered":"<p>Em entrevista ao Valor, no s\u00e1bado \u00e0 noite, em Washington, o guru da familia Bolsonaro\u00a0, o fil\u00f3sofo Olavo de Carvalho repetiu sua avalia\u00e7\u00e3o, de\u00a0que o presidente est\u00e1 de m\u00e3os amarradas por militares pr\u00f3ximos com &#8220;mentalidade golpista&#8221;.<br \/>\nAdvertiu sobre a necessidade de uma mudan\u00e7a de rumo para o governo n\u00e3o acabar daqui a seis meses. Ele chamou esses militares, que v\u00ea associados \u00e0 m\u00eddia oposicionista, como um &#8220;bando de cag\u00f5es&#8221;.<\/p>\n<div class=\"article__newsletter\"><label class=\"article__newsletter-email-label\" for=\"article__newsletter-email\">Olavo de Carvalho falou depois<span style=\"font-weight: 300\">\u00a0da apresenta\u00e7\u00e3o de um document\u00e1rio sobre suas ideias no Trump International Hotel, em Washington, e disse sobre o governo Bolsonaro:<\/span><\/label><\/div>\n<p>&#8211; Se tudo continuar como est\u00e1, j\u00e1 est\u00e1 mal. N\u00e3o precisa mudar nada para ficar mal. \u00c9 s\u00f3 continuar assim. Mais seis meses, acabou &#8211; disse.<br \/>\nPara ele, Bolsonaro \u00e9 um grande homem, mas est\u00e1 sozinho e cercado por traidores fardados. &#8220;Ele n\u00e3o escolheu 200 generais. Foram 200 generais que o escolheram. Esse pessoal quer restaurar o regime de 1964, sob um aspecto democr\u00e1tico.,Eles est\u00e3o govern\\ando usando o Bolsonaro como camisinha&#8221;<br \/>\nOlavo fez men\u00e7\u00e3o especificamente ao vice-presidente Hamilton Mour\u00e3o.<br \/>\n&#8211; N\u00e3o digo que seja realidade, mas o que eles querem. O Mour\u00e3o disse isso. Que voltaram ao poder pela via democr\u00e1tica &#8211; disse.<br \/>\nEnt\u00e3o, refor\u00e7ou o ataque:<br \/>\n&#8211; &#8220;Se n\u00e3o \u00e9 um golpe, \u00e9 uma mentalidade golpista.<br \/>\nOlavo fez esses coment\u00e1rios \u00e0 sa\u00edda de uma sess\u00e3o do filme &#8220;Jardim das Afli\u00e7\u00f5es&#8221;, sobre suas ideias, em evento organizado pelo estrategista americano Steve Bannon e pelo executivo do mercado financeiro Gerald Brant. Foi uma tentativa, segundo Bannon, de apresentar o pensamento de Olavo para fora da comunidade brasileira.<br \/>\nQuestionado se falar\u00e1 sobre isso com Bolsonaro no jantar deste domingo \u00e0 noite com expoentes da direita americana, na resid\u00eancia do embaixador brasileiro em Washington, Olavo disse que esse n\u00e3o \u00e9 o ambiente adequado.<\/p>\n<section class=\"block block--advertising\">\n<div class=\"block__advertising\">\n<div class=\"block__advertising-content\">\n<div id=\"pub-super-2\" class=\"advertising advertising--desktop advertising--loaded\" data-oglobo-advertising-format=\"super\" data-oglobo-advertising-index=\"2\" data-google-query-id=\"CKed2IDwieECFURmwQodviUCzg\">\n<div id=\"google_ads_iframe_\/85042905\/info.web.oglobo\/brasil\/materia_4__container__\"><span style=\"font-weight: 300\">&#8211; Vou l\u00e1 para comer.\u00a0<\/span><\/div>\n<\/div>\n<\/div>\n<\/div>\n<\/section>\n<p>O fil\u00f3sofo comentou ainda a crise no Minist\u00e9rio da Educa\u00e7\u00e3o e fez quest\u00e3o de mostrar distanciamento dos epis\u00f3dios envolvendo o ministro Ricardo V\u00e9lez Rodr\u00edguez. Ele afirmou ter tido apenas duas conversas at\u00e9 agora com V\u00e9lez.<br \/>\n&#8211; Uma para cumpriment\u00e1-lo e outra para mand\u00e1-lo enfiar o minist\u00e9rio no cu.<br \/>\nOlavo reiterou que n\u00e3o se v\u00ea como guru do governo Bolsonaro e atacou a m\u00eddia.<br \/>\n&#8211; O sonho dos jornalistas \u00e9 exercer influ\u00eancia no governo. Acham que eu sou igual a eles? Isso \u00e9 muito vil, \u00e9 muito miser\u00e1vel para um homem como eu.<br \/>\nDe acordo com ele, suas pretens\u00f5es s\u00e3o maiores.<br \/>\n&#8211; Eu quero mudar o destino da cultura brasileira por d\u00e9cadas ou s\u00e9culos \u00e0 frente. Estou tentando formar uma gera\u00e7\u00e3o de intelectuais s\u00e9rios, que v\u00e3o formar outras gera\u00e7\u00f5es de intelectuais s\u00e9rios. Eu sou Olavo de Carvalho, sou escritor, n\u00e3o preciso de governo, de cargos no governo.<br \/>\n* Do Valor Econ\u00f4mico<\/p>\n","protected":false},"excerpt":{"rendered":"<p>Em entrevista ao Valor, no s\u00e1bado \u00e0 noite, em Washington, o guru da familia Bolsonaro\u00a0, o fil\u00f3sofo Olavo de Carvalho repetiu sua avalia\u00e7\u00e3o, de\u00a0que o presidente est\u00e1 de m\u00e3os amarradas por militares pr\u00f3ximos com &#8220;mentalidade golpista&#8221;. Advertiu sobre a necessidade de uma mudan\u00e7a de rumo para o governo n\u00e3o acabar daqui a seis meses. Ele [&hellip;]<\/p>\n","protected":false},"author":4,"featured_media":73383,"comment_status":"open","ping_status":"closed","sticky":false,"template":"","format":"standard","meta":{"jetpack_post_was_ever_published":false,"_jetpack_newsletter_access":"","_jetpack_dont_email_post_to_subs":false,"_jetpack_newsletter_tier_id":0,"_jetpack_memberships_contains_paywalled_content":false,"_jetpack_memberships_contains_paid_content":false,"footnotes":"","jetpack_publicize_message":"","jetpack_publicize_feature_enabled":true,"jetpack_social_post_already_shared":true,"jetpack_social_options":{"image_generator_settings":{"template":"highway","default_image_id":0,"font":"","enabled":false},"version":2}},"categories":[2],"tags":[],"class_list":["post-73382","post","type-post","status-publish","format-standard","has-post-thumbnail","hentry","category-geral"],"aioseo_notices":[],"jetpack_publicize_connections":[],"jetpack_featured_media_url":"","jetpack_shortlink":"https:\/\/wp.me\/pbKhrD-j5A","jetpack-related-posts":[{"id":100289,"url":"https:\/\/www.jornalja.com.br\/geral\/stf-encerra-julgamento-de-bolsonaro-27-anos-e-seis-meses-de-prisao\/","url_meta":{"origin":73382,"position":0},"title":"STF encerra julgamento de Bolsonaro: 27 anos e tr\u00eas meses de pris\u00e3o","author":"da Reda\u00e7\u00e3o","date":"25 de novembro de 2025","format":false,"excerpt":"O Supremo Tribunal Federal (STF) considerou que o processo do ex-presidente Jair Bolsonaro por golpe de Estado transitou em julgado. Ou seja: n\u00e3o cabem mais recursos. A decis\u00e3o foi anunciada no in\u00edcio da tarde desta ter\u00e7a-feira, 25 de novembro Al\u00e9m de Bolsonaro,\u00a0 foi concluso tamb\u00e9m julgamento de Alexandre Ramagem (PL-RJ),\u2026","rel":"","context":"Em &quot;Geral-MAT\u00c9RIA&quot;","block_context":{"text":"Geral-MAT\u00c9RIA","link":"https:\/\/www.jornalja.com.br\/geral\/category\/geral\/"},"img":{"alt_text":"","src":"https:\/\/i0.wp.com\/www.jornalja.com.br\/geral\/wp-content\/uploads\/sites\/4\/2025\/11\/bolsonaro-preso-2.png?resize=350%2C200&ssl=1","width":350,"height":200,"srcset":"https:\/\/i0.wp.com\/www.jornalja.com.br\/geral\/wp-content\/uploads\/sites\/4\/2025\/11\/bolsonaro-preso-2.png?resize=350%2C200&ssl=1 1x, https:\/\/i0.wp.com\/www.jornalja.com.br\/geral\/wp-content\/uploads\/sites\/4\/2025\/11\/bolsonaro-preso-2.png?resize=525%2C300&ssl=1 1.5x"},"classes":[]},{"id":73235,"url":"https:\/\/www.jornalja.com.br\/geral\/guru-dos-bolsonaro-diz-que-governo-esta-repleto-de-inimigos-do-presidente\/","url_meta":{"origin":73382,"position":1},"title":"Guru dos Bolsonaro diz que &quot;governo est\u00e1 repleto de inimigos do presidente&quot;","author":"da Reda\u00e7\u00e3o","date":"9 de mar\u00e7o de 2019","format":false,"excerpt":"Apontado como \u201cguru\u201d da fam\u00edlia Bolsonaro, o professor Olavo de Carvalho trouxe a p\u00fablico uma crise no interior do governo de Jair Bolsonaro. Em post em sua p\u00e1gina no Facebook, Carvalho recomendou aos alunos de seu curso online a deixarem o governo, no MEC espec\u00edficamente, onde sua influ\u00eancia come\u00e7a pelo\u2026","rel":"","context":"Em &quot;Geral-MAT\u00c9RIA&quot;","block_context":{"text":"Geral-MAT\u00c9RIA","link":"https:\/\/www.jornalja.com.br\/geral\/category\/geral\/"},"img":{"alt_text":"","src":"","width":0,"height":0},"classes":[]},{"id":91649,"url":"https:\/\/www.jornalja.com.br\/geral\/olavo-de-carvalho-guru-de-bolsonaro-morre-aos-74-nos-estados-unidos\/","url_meta":{"origin":73382,"position":2},"title":"Bolsonaro diz que Olavo de Carvalho &#8220;foi gigante na luta pela liberdade&#8221;","author":"da Reda\u00e7\u00e3o","date":"25 de janeiro de 2022","format":false,"excerpt":"O guru do governo Bolsonaro, Olavo de Carvalho morreu nessa segunda-feira (24), aos 74 anos, nos Estados Unidos, onde vivia. A informa\u00e7\u00e3o foi dada pela fam\u00edlia nas redes sociais do escritor. \u201cCom grande pesar, a fam\u00edlia do professor Olavo de Carvalho comunica sua morte na noite de\u00a024 de janeiro, na\u2026","rel":"","context":"Em &quot;Geral-MAT\u00c9RIA&quot;","block_context":{"text":"Geral-MAT\u00c9RIA","link":"https:\/\/www.jornalja.com.br\/geral\/category\/geral\/"},"img":{"alt_text":"","src":"","width":0,"height":0},"classes":[]},{"id":84099,"url":"https:\/\/www.jornalja.com.br\/geral\/olavista-vai-substituir-weintraub-no-ministerio-da-educacao\/","url_meta":{"origin":73382,"position":3},"title":"Nada vai mudar no MEC: Weintraub ser\u00e1 substitu\u00eddo por secret\u00e1rio olavista","author":"da Reda\u00e7\u00e3o","date":"18 de junho de 2020","format":false,"excerpt":"O presidente Jair Bolsonaro vai demitir o ministro da Educa\u00e7\u00e3o, Abraham Weintraub. O atual secret\u00e1rio de Alfabetiza\u00e7\u00e3o da pasta, Carlos Nadalim, deve ser nomeado ministro interino enquanto um nome definitivo n\u00e3o \u00e9 escolhido. A informa\u00e7\u00e3o foi confirmada pelo\u00a0Congresso em Foco\u00a0com auxiliares de Bolsonaro. A decis\u00e3o deve ser publicada no Di\u00e1rio\u2026","rel":"","context":"Em &quot;Geral-MAT\u00c9RIA&quot;","block_context":{"text":"Geral-MAT\u00c9RIA","link":"https:\/\/www.jornalja.com.br\/geral\/category\/geral\/"},"img":{"alt_text":"","src":"https:\/\/i0.wp.com\/www.jornalja.com.br\/geral\/wp-content\/uploads\/sites\/4\/2020\/06\/Weintraub-Abraham-deixa-o-governo-foto-Luis-Fontes-MEC.jpg?resize=350%2C200&ssl=1","width":350,"height":200,"srcset":"https:\/\/i0.wp.com\/www.jornalja.com.br\/geral\/wp-content\/uploads\/sites\/4\/2020\/06\/Weintraub-Abraham-deixa-o-governo-foto-Luis-Fontes-MEC.jpg?resize=350%2C200&ssl=1 1x, https:\/\/i0.wp.com\/www.jornalja.com.br\/geral\/wp-content\/uploads\/sites\/4\/2020\/06\/Weintraub-Abraham-deixa-o-governo-foto-Luis-Fontes-MEC.jpg?resize=525%2C300&ssl=1 1.5x, https:\/\/i0.wp.com\/www.jornalja.com.br\/geral\/wp-content\/uploads\/sites\/4\/2020\/06\/Weintraub-Abraham-deixa-o-governo-foto-Luis-Fontes-MEC.jpg?resize=700%2C400&ssl=1 2x"},"classes":[]},{"id":84134,"url":"https:\/\/www.jornalja.com.br\/geral\/filha-de-olavo-de-carvalho-deu-a-pista-de-onde-estava-queiroz\/","url_meta":{"origin":73382,"position":4},"title":"Filha de Olavo de Carvalho deu a pista de onde estava Queiroz","author":"da Reda\u00e7\u00e3o","date":"19 de junho de 2020","format":false,"excerpt":"Foi Helo\u00edsa de Carvalho, filha do\u00a0 guru da fam\u00edlia Bolsonaro, Olavo de Carvalho quem revelou \u00e0 pol\u00edcia o paradeiro de Fabricio Queiroz, o ex-assessor de Fl\u00e1vio Bolsonaro, preso na quinta-feira. Militante contra a extrema direita, Helo\u00edsa j\u00e1 publicou\u00a0 carta denunciando o pai por maus tratos contra ela e seus irm\u00e3os.\u2026","rel":"","context":"Em &quot;Geral-MAT\u00c9RIA&quot;","block_context":{"text":"Geral-MAT\u00c9RIA","link":"https:\/\/www.jornalja.com.br\/geral\/category\/geral\/"},"img":{"alt_text":"","src":"https:\/\/i0.wp.com\/www.jornalja.com.br\/geral\/wp-content\/uploads\/sites\/4\/2020\/06\/Queiroz-paradeiro-foi-revelado-pela-filha-de-Olavo-de-Carvalho-scaled.jpg?resize=350%2C200&ssl=1","width":350,"height":200,"srcset":"https:\/\/i0.wp.com\/www.jornalja.com.br\/geral\/wp-content\/uploads\/sites\/4\/2020\/06\/Queiroz-paradeiro-foi-revelado-pela-filha-de-Olavo-de-Carvalho-scaled.jpg?resize=350%2C200&ssl=1 1x, https:\/\/i0.wp.com\/www.jornalja.com.br\/geral\/wp-content\/uploads\/sites\/4\/2020\/06\/Queiroz-paradeiro-foi-revelado-pela-filha-de-Olavo-de-Carvalho-scaled.jpg?resize=525%2C300&ssl=1 1.5x, https:\/\/i0.wp.com\/www.jornalja.com.br\/geral\/wp-content\/uploads\/sites\/4\/2020\/06\/Queiroz-paradeiro-foi-revelado-pela-filha-de-Olavo-de-Carvalho-scaled.jpg?resize=700%2C400&ssl=1 2x"},"classes":[]},{"id":100261,"url":"https:\/\/www.jornalja.com.br\/geral\/elevado-risco-de-fuga-diz-alexandre-de-moraes-ao-decretar-a-prisao-de-bolsonaro\/","url_meta":{"origin":73382,"position":5},"title":"&#8220;Elevado risco de fuga&#8221;, diz Alexandre de Moraes ao decretar a pris\u00e3o de Bolsonaro","author":"da Reda\u00e7\u00e3o","date":"22 de novembro de 2025","format":false,"excerpt":"O ex-presidente Jair Bolsonaro foi preso por volta das seis horas da manh\u00e3 deste s\u00e1bado (22). Em nota, a Pol\u00edcia Federal informou que cumpriu um mandado de pris\u00e3o preventiva expedido pelo Supremo Tribunal Federal (STF). Na sexta-feira (21) o senador Fl\u00e1vio Bolsonaro (PL) convocou, pelas redes sociais uma vig\u00edlia de\u2026","rel":"","context":"Em &quot;Geral-MAT\u00c9RIA&quot;","block_context":{"text":"Geral-MAT\u00c9RIA","link":"https:\/\/www.jornalja.com.br\/geral\/category\/geral\/"},"img":{"alt_text":"","src":"https:\/\/i0.wp.com\/www.jornalja.com.br\/geral\/wp-content\/uploads\/sites\/4\/2025\/11\/bolsonaro-preso-2.png?resize=350%2C200&ssl=1","width":350,"height":200,"srcset":"https:\/\/i0.wp.com\/www.jornalja.com.br\/geral\/wp-content\/uploads\/sites\/4\/2025\/11\/bolsonaro-preso-2.png?resize=350%2C200&ssl=1 1x, https:\/\/i0.wp.com\/www.jornalja.com.br\/geral\/wp-content\/uploads\/sites\/4\/2025\/11\/bolsonaro-preso-2.png?resize=525%2C300&ssl=1 1.5x"},"classes":[]}],"jetpack_sharing_enabled":true,"_links":{"self":[{"href":"https:\/\/www.jornalja.com.br\/geral\/wp-json\/wp\/v2\/posts\/73382","targetHints":{"allow":["GET"]}}],"collection":[{"href":"https:\/\/www.jornalja.com.br\/geral\/wp-json\/wp\/v2\/posts"}],"about":[{"href":"https:\/\/www.jornalja.com.br\/geral\/wp-json\/wp\/v2\/types\/post"}],"author":[{"embeddable":true,"href":"https:\/\/www.jornalja.com.br\/geral\/wp-json\/wp\/v2\/users\/4"}],"replies":[{"embeddable":true,"href":"https:\/\/www.jornalja.com.br\/geral\/wp-json\/wp\/v2\/comments?post=73382"}],"version-history":[{"count":0,"href":"https:\/\/www.jornalja.com.br\/geral\/wp-json\/wp\/v2\/posts\/73382\/revisions"}],"wp:featuredmedia":[{"embeddable":true,"href":"https:\/\/www.jornalja.com.br\/geral\/wp-json\/"}],"wp:attachment":[{"href":"https:\/\/www.jornalja.com.br\/geral\/wp-json\/wp\/v2\/media?parent=73382"}],"wp:term":[{"taxonomy":"category","embeddable":true,"href":"https:\/\/www.jornalja.com.br\/geral\/wp-json\/wp\/v2\/categories?post=73382"},{"taxonomy":"post_tag","embeddable":true,"href":"https:\/\/www.jornalja.com.br\/geral\/wp-json\/wp\/v2\/tags?post=73382"}],"curies":[{"name":"wp","href":"https:\/\/api.w.org\/{rel}","templated":true}]}}