{"id":73580,"date":"2019-03-31T13:39:58","date_gmt":"2019-03-31T16:39:58","guid":{"rendered":"https:\/\/www.jornalja.com.br\/?p=73580"},"modified":"2021-11-16T09:50:18","modified_gmt":"2021-11-16T12:50:18","slug":"seminario-sobre-reforma-da-previdencia-lota-a-camara-num-sabado","status":"publish","type":"post","link":"https:\/\/www.jornalja.com.br\/geral\/seminario-sobre-reforma-da-previdencia-lota-a-camara-num-sabado\/","title":{"rendered":"Semin\u00e1rio sobre reforma da Previd\u00eancia lota a C\u00e2mara num s\u00e1bado"},"content":{"rendered":"<p style=\"text-align: left\">O audit\u00f3rio Ana Terra, da C\u00e2mara de Vereadores de Porto Alegre, foi pequeno para o p\u00fablico que compareceu ao semin\u00e1rio sobre a Reforma da Previd\u00eancia, na tarde deste s\u00e1bado, 30 de mar\u00e7o.<\/p>\n<p>Havia gente pelos corredores e escadarias ao longo de todo o evento, que se estendeu das 13h \u00e0s 18 horas e contou com mais de 200 pessoas. Lideran\u00e7as<span style=\"font-weight: 300\">\u00a0do movimento sindical e representantes de diversos n\u00facleos do interior do Estado, um p\u00fablico multiplicador e animado que se mostrou disposto a &#8220;uma arrancada capaz de barrar a reforma&#8221;.<\/span><br \/>\n&#8220;Tem que partir para o ataque&#8221;, instigou a professora Maria L\u00facia Fattoreli, a principal palestrante da tarde, que arrancou aplausos.<br \/>\nSara Granemann, professora da Universidade do Rio de Janeiro, especialista em sistemas de Previd\u00eancia, abriu o semin\u00e1rio saudando a disposi\u00e7\u00e3o dos que estavam ali &#8220;sacrificando um s\u00e1bado lindo de sol&#8221; para estar reunidos num recinto fechado, em busca de informa\u00e7\u00f5es.<\/p>\n<section class=\"container1 maisNoticiasContainer clearfix\"><\/section>\n<p>&#8220;\u00c9 importante, porque, estamos diante\u00a0 de uma contra-reforma, que \u00e9 o maior atentado aos direitos dos trabalhadores j\u00e1 concebido&#8221;, disse a professora.<br \/>\nEla enumerou as reformas parciais j\u00e1 feitas na Previd\u00eancia nos governos Collor, Fernando Henrique Cardoso, Lula e Dilma.<br \/>\n&#8220;Essa \u00e9 a pior, porque vai al\u00e9m da previd\u00eancia social. Pretende desmontar o regime de seguridade social inscrito na constitui\u00e7\u00e3o de 1988&#8221;.<br \/>\nAo extinguir o princ\u00edpio da solidariedade e reparti\u00e7\u00e3o em que se baseia o regime de seguridade brasileiro, a reforma que vai ser votada &#8220;mexe em algo que \u00e9 um fundamento da na\u00e7\u00e3o. \u00c9 muito grave&#8221;, diz Granemann.<br \/>\nO centro da reforma, segundo a pesquisadora, \u00e9 instituir a capitaliza\u00e7\u00e3o, que nada mais \u00e9 do que uma aplica\u00e7\u00e3o financeira, &#8220;com todos os riscos inerentes a uma aplica\u00e7\u00e3o financeira&#8221;. Na capitaliza\u00e7\u00e3o, disse ela, &#8220;o cidad\u00e3o sabe quanto vai pagar, n\u00e3o sabe quanto vai receber&#8221;<br \/>\nApoiada em gr\u00e1ficos e estat\u00edsticas oficiais, Sara Granemann demonstrou didaticamente que n\u00e3o falta dinheiro no sistema de previd\u00eancia social e estimou que chega a R$ 4 trilh\u00f5es o dinheiro que circula no sistema. &#8220;Esse \u00e9 o tamanho do neg\u00f3cio&#8221;.<br \/>\nNo Chile, segundo a pesquisadora, a capitaliza\u00e7\u00e3o foi adotada por decreto do ditador Augusto Pinochet, em novembro de 1980. Citando pesquisa recente, a professora disse que 44% dos aposentados chilenos est\u00e3o abaixo da linha da pobreza, com menos de 2 d\u00f3lares de renda por dia.<br \/>\nA advogada especializada em\u00a0direito previdenci\u00e1rio, Marilinda Marques Fernandes falou dos pa\u00edses que adotaram o regime de capitaliza\u00e7\u00e3o nas \u00faltimas d\u00e9cadas. &#8220;S\u00e3o 30 pa\u00edses, oito j\u00e1 voltaram ao sistema anterior. E que na maioria deles aumentou a desigualdade e a mis\u00e9ria, sem atacar o d\u00e9ficit&#8221;. Citou o exemplo de sua terra natal, Portugal, &#8220;que quase afundou e teve que voltar atr\u00e1s&#8221;.<br \/>\nA reforma brasileira, segundo Marilinda, \u00e9 c\u00f3pia do que j\u00e1 foi aplicado nesses pa\u00edses. &#8220;\u00c9 um modelo tirado de manual&#8221;, disse.<\/p>\n<section class=\"container1 clearfix\">\n<article class=\"noticiaCorpo\">\n<div class=\"texto\">\nMaria L\u00facia Fattorelli, auditora fiscal aposentada e coordenadora nacional do movimento pela Auditoria da D\u00edvida, encerrou o semin\u00e1rio, falando quase duas horas, com apoio de tabelas e gr\u00e1ficos para demonstrar sua tese central: o Brasil vive uma crise provocada pela pol\u00edtica monet\u00e1ria do Banco Central, toda ela voltada para atender aos interesses do sistema financeiro.<br \/>\nA palestra dela merece um registro \u00e0 parte.\n<\/div>\n<\/article>\n<\/section>\n","protected":false},"excerpt":{"rendered":"<p>O audit\u00f3rio Ana Terra, da C\u00e2mara de Vereadores de Porto Alegre, foi pequeno para o p\u00fablico que compareceu ao semin\u00e1rio sobre a Reforma da Previd\u00eancia, na tarde deste s\u00e1bado, 30 de mar\u00e7o. Havia gente pelos corredores e escadarias ao longo de todo o evento, que se estendeu das 13h \u00e0s 18 horas e contou com [&hellip;]<\/p>\n","protected":false},"author":4,"featured_media":73589,"comment_status":"open","ping_status":"closed","sticky":false,"template":"","format":"standard","meta":{"jetpack_post_was_ever_published":false,"_jetpack_newsletter_access":"","_jetpack_dont_email_post_to_subs":false,"_jetpack_newsletter_tier_id":0,"_jetpack_memberships_contains_paywalled_content":false,"_jetpack_memberships_contains_paid_content":false,"footnotes":"","jetpack_publicize_message":"","jetpack_publicize_feature_enabled":true,"jetpack_social_post_already_shared":true,"jetpack_social_options":{"image_generator_settings":{"template":"highway","default_image_id":0,"font":"","enabled":false},"version":2}},"categories":[2],"tags":[202,29,204,205,206,207,208,209],"class_list":["post-73580","post","type-post","status-publish","format-standard","has-post-thumbnail","hentry","category-geral","tag-camara-dos-vereadores-de-porto-alegre","tag-divida-publica","tag-elmar-bones","tag-jornal-ja","tag-maria-lucia-fattorelli","tag-marilinda-marques-fernandes","tag-reforma-da-previdencia","tag-sara-granemann"],"aioseo_notices":[],"jetpack_publicize_connections":[],"jetpack_featured_media_url":"","jetpack_shortlink":"https:\/\/wp.me\/pbKhrD-j8M","jetpack-related-posts":[{"id":100257,"url":"https:\/\/www.jornalja.com.br\/geral\/reforma-interminavel-100-de-atraso-e-40-de-aumento-no-custo-das-obras-do-viaduto\/","url_meta":{"origin":73580,"position":0},"title":"Reforma intermin\u00e1vel: 100% de atraso e 40% de aumento no custo nas obras do Viaduto","author":"da Reda\u00e7\u00e3o","date":"24 de novembro de 2025","format":false,"excerpt":"Dados divulgados pelo vereador Pedro Ruas na semana passada e n\u00e3o contestados questionam o andamento da reforma do Viaduto Ot\u00e1vio Rocha, em Porto Alegre. L\u00edder do PSOL e decano da C\u00e2mara Municipal, Ruas diz que \"houve cinco termos aditivos sucessivos para a obra do Viaduto Ot\u00e1vio Rocha, na avenida Borges\u2026","rel":"","context":"Em &quot;Geral-MAT\u00c9RIA&quot;","block_context":{"text":"Geral-MAT\u00c9RIA","link":"https:\/\/www.jornalja.com.br\/geral\/category\/geral\/"},"img":{"alt_text":"","src":"https:\/\/i0.wp.com\/www.jornalja.com.br\/geral\/wp-content\/uploads\/sites\/4\/2025\/11\/viaduto-homens-do-sirex-scaled.jpg?resize=350%2C200&ssl=1","width":350,"height":200,"srcset":"https:\/\/i0.wp.com\/www.jornalja.com.br\/geral\/wp-content\/uploads\/sites\/4\/2025\/11\/viaduto-homens-do-sirex-scaled.jpg?resize=350%2C200&ssl=1 1x, https:\/\/i0.wp.com\/www.jornalja.com.br\/geral\/wp-content\/uploads\/sites\/4\/2025\/11\/viaduto-homens-do-sirex-scaled.jpg?resize=525%2C300&ssl=1 1.5x, https:\/\/i0.wp.com\/www.jornalja.com.br\/geral\/wp-content\/uploads\/sites\/4\/2025\/11\/viaduto-homens-do-sirex-scaled.jpg?resize=700%2C400&ssl=1 2x, https:\/\/i0.wp.com\/www.jornalja.com.br\/geral\/wp-content\/uploads\/sites\/4\/2025\/11\/viaduto-homens-do-sirex-scaled.jpg?resize=1050%2C600&ssl=1 3x, https:\/\/i0.wp.com\/www.jornalja.com.br\/geral\/wp-content\/uploads\/sites\/4\/2025\/11\/viaduto-homens-do-sirex-scaled.jpg?resize=1400%2C800&ssl=1 4x"},"classes":[]},{"id":100843,"url":"https:\/\/www.jornalja.com.br\/geral\/policia-civil-indicia-34-pessoas-por-suspeitas-de-fraudes-milionarias-na-educacao-em-porto-alegre\/","url_meta":{"origin":73580,"position":1},"title":"Pol\u00edcia Civil indicia 34 pessoas por suspeitas de fraudes milion\u00e1rias na Educa\u00e7\u00e3o em Porto Alegre","author":"da Reda\u00e7\u00e3o","date":"19 de fevereiro de 2026","format":false,"excerpt":"Nesta quinta-feira, 19 de fevereiro de 2026, a Pol\u00edcia Civil ga\u00facha finalizou o conjunto de inqu\u00e9ritos da Opera\u00e7\u00e3o Capa Dura, no total foram 34 pessoas indiciadas. O esquema pode ter movimentado mais de R$ 58 milh\u00f5es e funcionou dentro da Secretaria Municipal de Educa\u00e7\u00e3o de Porto Alegre (Smed) entre 2021\u2026","rel":"","context":"Em &quot;Geral-MAT\u00c9RIA&quot;","block_context":{"text":"Geral-MAT\u00c9RIA","link":"https:\/\/www.jornalja.com.br\/geral\/category\/geral\/"},"img":{"alt_text":"","src":"https:\/\/i0.wp.com\/www.jornalja.com.br\/geral\/wp-content\/uploads\/sites\/4\/2026\/02\/12100524-515394-gdo.jpeg?resize=350%2C200&ssl=1","width":350,"height":200,"srcset":"https:\/\/i0.wp.com\/www.jornalja.com.br\/geral\/wp-content\/uploads\/sites\/4\/2026\/02\/12100524-515394-gdo.jpeg?resize=350%2C200&ssl=1 1x, https:\/\/i0.wp.com\/www.jornalja.com.br\/geral\/wp-content\/uploads\/sites\/4\/2026\/02\/12100524-515394-gdo.jpeg?resize=525%2C300&ssl=1 1.5x, https:\/\/i0.wp.com\/www.jornalja.com.br\/geral\/wp-content\/uploads\/sites\/4\/2026\/02\/12100524-515394-gdo.jpeg?resize=700%2C400&ssl=1 2x"},"classes":[]},{"id":100041,"url":"https:\/\/www.jornalja.com.br\/geral\/frente-convoca-nova-manifestacao-contra-a-privatizacao-do-dmae\/","url_meta":{"origin":73580,"position":2},"title":"Frente convoca nova manifesta\u00e7\u00e3o contra a privatiza\u00e7\u00e3o do DMAE","author":"da Reda\u00e7\u00e3o","date":"19 de outubro de 2025","format":false,"excerpt":"A concentra\u00e7\u00e3o come\u00e7a a partir das 11h de quarta-feira, na C\u00e2mara de Vereadores de Porto Alegre. A \"Frente em Defesa da \u00c1gua e do DMAE P\u00fablico e Estatal\" decidiu intensificar a mobiliza\u00e7\u00e3o contra o Projeto de Lei 028\/2025, que deve ser votado na C\u00e2mara de Vereadores na pr\u00f3xima quarta-feira (22\/10).\u2026","rel":"","context":"Em &quot;Geral-MAT\u00c9RIA&quot;","block_context":{"text":"Geral-MAT\u00c9RIA","link":"https:\/\/www.jornalja.com.br\/geral\/category\/geral\/"},"img":{"alt_text":"","src":"https:\/\/i0.wp.com\/www.jornalja.com.br\/geral\/wp-content\/uploads\/sites\/4\/2025\/10\/dmae-guarda-municipal-reprimiu-protesto.jpeg?resize=350%2C200&ssl=1","width":350,"height":200,"srcset":"https:\/\/i0.wp.com\/www.jornalja.com.br\/geral\/wp-content\/uploads\/sites\/4\/2025\/10\/dmae-guarda-municipal-reprimiu-protesto.jpeg?resize=350%2C200&ssl=1 1x, https:\/\/i0.wp.com\/www.jornalja.com.br\/geral\/wp-content\/uploads\/sites\/4\/2025\/10\/dmae-guarda-municipal-reprimiu-protesto.jpeg?resize=525%2C300&ssl=1 1.5x, https:\/\/i0.wp.com\/www.jornalja.com.br\/geral\/wp-content\/uploads\/sites\/4\/2025\/10\/dmae-guarda-municipal-reprimiu-protesto.jpeg?resize=700%2C400&ssl=1 2x"},"classes":[]},{"id":88412,"url":"https:\/\/www.jornalja.com.br\/geral\/melo-conclui-agenda-de-marchezan-com-reforma-da-previdencia-e-privatizacao-da-carris\/","url_meta":{"origin":73580,"position":3},"title":"Com reforma da Previd\u00eancia e privatiza\u00e7\u00e3o da Carris, Melo conclui agenda de Marchezan","author":"da Reda\u00e7\u00e3o","date":"24 de junho de 2021","format":false,"excerpt":"A C\u00e2mara de Porto Alegre aprovou, na quarta, 23,\u00a0 a reforma da Previd\u00eancia Municipal, por 24 votos a 11. Em dez dias \u00fateis dever\u00e1 ocorrer a vota\u00e7\u00e3o em segundo. O voto do vereador Airto Ferronato (PSB) foi decisivo para a vit\u00f3ria do prefeito Sebasti\u00e3o Melo, que at\u00e9 poucos dias antes\u2026","rel":"","context":"Em &quot;Geral-MAT\u00c9RIA&quot;","block_context":{"text":"Geral-MAT\u00c9RIA","link":"https:\/\/www.jornalja.com.br\/geral\/category\/geral\/"},"img":{"alt_text":"","src":"https:\/\/i0.wp.com\/www.jornalja.com.br\/geral\/wp-content\/uploads\/sites\/4\/2021\/06\/camara-aprova-reforma-da-previdencia-municpal.jpg?resize=350%2C200&ssl=1","width":350,"height":200},"classes":[]},{"id":100621,"url":"https:\/\/www.jornalja.com.br\/geral\/privatizacao-da-agua-e-manchete-nos-jornais-deste-fim-de-semana-em-londres\/","url_meta":{"origin":73580,"position":4},"title":"Privatiza\u00e7\u00e3o da \u00e1gua foi manchete nos jornais deste fim de semana (em Londres)","author":"Elmar Bones","date":"18 de janeiro de 2026","format":false,"excerpt":"A privatiza\u00e7\u00e3o dos servi\u00e7os de abastecimento de \u00e1gua foi manchete neste fim de semana. N\u00e3o em Porto Alegre, onde um pol\u00eamico projeto de concess\u00e3o est\u00e1 em exame na C\u00e2mara de Vereadores. Foi em Londres, onde o princ\u00edpio de delegar servi\u00e7os p\u00fablicos \u00e0 iniciativa privada se instaurou, com Margaret Thatcher, h\u00e1\u2026","rel":"","context":"Em &quot;MANCHETE do Site&quot;","block_context":{"text":"MANCHETE do Site","link":"https:\/\/www.jornalja.com.br\/geral\/category\/manchete-do-site\/"},"img":{"alt_text":"","src":"https:\/\/i0.wp.com\/www.jornalja.com.br\/geral\/wp-content\/uploads\/sites\/4\/2026\/01\/privatizacao-da-agua.png?resize=350%2C200&ssl=1","width":350,"height":200,"srcset":"https:\/\/i0.wp.com\/www.jornalja.com.br\/geral\/wp-content\/uploads\/sites\/4\/2026\/01\/privatizacao-da-agua.png?resize=350%2C200&ssl=1 1x, https:\/\/i0.wp.com\/www.jornalja.com.br\/geral\/wp-content\/uploads\/sites\/4\/2026\/01\/privatizacao-da-agua.png?resize=525%2C300&ssl=1 1.5x"},"classes":[]},{"id":100965,"url":"https:\/\/www.jornalja.com.br\/geral\/debate-o-novo-plano-diretor-respeita-o-direito-a-cidade\/","url_meta":{"origin":73580,"position":5},"title":"Debate: &#8220;O Novo Plano Diretor Respeita o Direito \u00e0 Cidade?&#8221;","author":"da Reda\u00e7\u00e3o","date":"30 de mar\u00e7o de 2026","format":false,"excerpt":"Sul21, Brasil de Fato e IAB-RS promovem um debate sobre o Plano Diretor de Porto Alegre, no dia 30 de mar\u00e7o. O evento \u201cO Novo Plano Diretor Respeita o Direito \u00e0 Cidade?\u201d ser\u00e1 realizado a partir das 19h30, no solar do IAB, que fica na Rua General Canabarro, n\u00ba 363,\u2026","rel":"","context":"Em &quot;Geral-MAT\u00c9RIA&quot;","block_context":{"text":"Geral-MAT\u00c9RIA","link":"https:\/\/www.jornalja.com.br\/geral\/category\/geral\/"},"img":{"alt_text":"","src":"https:\/\/i0.wp.com\/www.jornalja.com.br\/geral\/wp-content\/uploads\/sites\/4\/2026\/03\/ede-8942.jpg?resize=350%2C200&ssl=1","width":350,"height":200,"srcset":"https:\/\/i0.wp.com\/www.jornalja.com.br\/geral\/wp-content\/uploads\/sites\/4\/2026\/03\/ede-8942.jpg?resize=350%2C200&ssl=1 1x, https:\/\/i0.wp.com\/www.jornalja.com.br\/geral\/wp-content\/uploads\/sites\/4\/2026\/03\/ede-8942.jpg?resize=525%2C300&ssl=1 1.5x, https:\/\/i0.wp.com\/www.jornalja.com.br\/geral\/wp-content\/uploads\/sites\/4\/2026\/03\/ede-8942.jpg?resize=700%2C400&ssl=1 2x, https:\/\/i0.wp.com\/www.jornalja.com.br\/geral\/wp-content\/uploads\/sites\/4\/2026\/03\/ede-8942.jpg?resize=1050%2C600&ssl=1 3x, https:\/\/i0.wp.com\/www.jornalja.com.br\/geral\/wp-content\/uploads\/sites\/4\/2026\/03\/ede-8942.jpg?resize=1400%2C800&ssl=1 4x"},"classes":[]}],"jetpack_sharing_enabled":true,"_links":{"self":[{"href":"https:\/\/www.jornalja.com.br\/geral\/wp-json\/wp\/v2\/posts\/73580","targetHints":{"allow":["GET"]}}],"collection":[{"href":"https:\/\/www.jornalja.com.br\/geral\/wp-json\/wp\/v2\/posts"}],"about":[{"href":"https:\/\/www.jornalja.com.br\/geral\/wp-json\/wp\/v2\/types\/post"}],"author":[{"embeddable":true,"href":"https:\/\/www.jornalja.com.br\/geral\/wp-json\/wp\/v2\/users\/4"}],"replies":[{"embeddable":true,"href":"https:\/\/www.jornalja.com.br\/geral\/wp-json\/wp\/v2\/comments?post=73580"}],"version-history":[{"count":1,"href":"https:\/\/www.jornalja.com.br\/geral\/wp-json\/wp\/v2\/posts\/73580\/revisions"}],"predecessor-version":[{"id":90935,"href":"https:\/\/www.jornalja.com.br\/geral\/wp-json\/wp\/v2\/posts\/73580\/revisions\/90935"}],"wp:featuredmedia":[{"embeddable":true,"href":"https:\/\/www.jornalja.com.br\/geral\/wp-json\/"}],"wp:attachment":[{"href":"https:\/\/www.jornalja.com.br\/geral\/wp-json\/wp\/v2\/media?parent=73580"}],"wp:term":[{"taxonomy":"category","embeddable":true,"href":"https:\/\/www.jornalja.com.br\/geral\/wp-json\/wp\/v2\/categories?post=73580"},{"taxonomy":"post_tag","embeddable":true,"href":"https:\/\/www.jornalja.com.br\/geral\/wp-json\/wp\/v2\/tags?post=73580"}],"curies":[{"name":"wp","href":"https:\/\/api.w.org\/{rel}","templated":true}]}}