{"id":73600,"date":"2019-04-01T10:54:33","date_gmt":"2019-04-01T13:54:33","guid":{"rendered":"https:\/\/www.jornalja.com.br\/?p=73600"},"modified":"2019-04-01T10:54:33","modified_gmt":"2019-04-01T13:54:33","slug":"joao-alfredo-sera-rua-completa","status":"publish","type":"post","link":"https:\/\/www.jornalja.com.br\/geral\/joao-alfredo-sera-rua-completa\/","title":{"rendered":"Jo\u00e3o Alfredo ser\u00e1 &quot;Rua Completa&quot;"},"content":{"rendered":"<div class=\"adn ads\" data-message-id=\"#msg-f:1629455390523927479\" data-legacy-message-id=\"169cfd0b61862bb7\">\n<div class=\"gs\">\n<div class=\"\">\n<div id=\":xe\" class=\"ii gt adO\">\n<div id=\":10b\" class=\"a3s aXjCH \">\n<div dir=\"ltr\">\n<div>A prefeitura apresentou, neste s\u00e1bado, 30, o conceito de &#8220;Ruas Completas&#8221; no evento &#8220;P\u00e1tio Cultural&#8221;. A rua Jo\u00e3o Alfredo, na Cidade Baixa, foi a rua escolhida para inaugurar a iniciativa em Porto Alegre.<\/div>\n<div><\/div>\n<div>Com o objetivo de promover a ocupa\u00e7\u00e3o do espa\u00e7o p\u00fablico durante o dia e ampliar a seguran\u00e7a no tr\u00e2nsito, a iniciativa da Secretaria Municipal de Infraestrutura e Mobilidade (SMIM) e da Empresa P\u00fablica de Transporte e Circula\u00e7\u00e3o (EPTC), ouviu sugest\u00f5es da popula\u00e7\u00e3o em tr\u00eas pain\u00e9is que foram distribu\u00eddos pela via.<\/div>\n<div class=\"m_5481209408267373757gmail-texto_visualiza\">\n<div><\/div>\n<div>\u201cA l\u00f3gica do Ruas Completas \u00e9 uma via mais humanizada, com cal\u00e7adas amplas para termos um conv\u00edvio melhor entre moradores, comerciantes e frequentadores\u201d, explica o vice-prefeito de Porto Alegre, Gustavo Paim.<\/div>\n<div><\/div>\n<div>\u201cEstamos ouvindo os moradores para saber o que eles querem para esta via. Ap\u00f3s, vamos colher todas as informa\u00e7\u00f5es, estudar e partir para a\u00e7\u00e3o\u201d, explica o diretor-presidente da EPTC, Fabio Berwanger Juliano.<\/div>\n<div><\/div>\n<div>A sinaliza\u00e7\u00e3o tempor\u00e1ria j\u00e1 foi instalada na r\u00f3tula da Jo\u00e3o Alfredo com a Lopo Goncalves. As cal\u00e7adas foram ampliadas, foram adicionadas travessias de pedestres e uma mostra com vegeta\u00e7\u00e3o, que integram o conceito de Ruas Completas.<\/div>\n<div><\/div>\n<div>O artista pl\u00e1stico Lucas An\u00e3o, junto com crian\u00e7as, pintou a Flor da Vida na rua, alertando para a quest\u00e3o da seguran\u00e7a.<\/div>\n<\/div>\n<div><\/div>\n<div><strong>Ruas Completas<\/strong><\/div>\n<div class=\"m_5481209408267373757gmail-texto_visualiza\">\nDez vias de dez cidades do pa\u00eds foram escolhidas para servir de modelo \u00e0 replica\u00e7\u00e3o do conceito de Ruas Completas. A Jo\u00e3o Alfredo \u00e9 uma delas. O projeto, que envolve a Prefeitura de Porto Alegre, por meio da EPTC, Smim e Secretaria Municipal de Rela\u00e7\u00f5es Institucionais, Ong WRI e Frente Nacional de Prefeitos, busca a requalifica\u00e7\u00e3o da rua Jo\u00e3o Alfredo. Tem como objetivo remodelar o espa\u00e7o p\u00fablico, com desenho urbano diferenciado, incentivo \u00e0 mobilidade ativa (meios de transporte n\u00e3o motorizados) e atividades no per\u00edodo diurno.<br \/>\nA qualifica\u00e7\u00e3o ir\u00e1 beneficiar a popula\u00e7\u00e3o que transita pelo local, com mais seguran\u00e7a para todos (moradores, comerciantes e visitantes). Essa primeira etapa, com a apresenta\u00e7\u00e3o do conceito para popula\u00e7\u00e3o, \u00e9 chamada de etapa tempor\u00e1ria. Uma sinaliza\u00e7\u00e3o \u00e9 implantada na rua antes da instala\u00e7\u00e3o da etapa definitiva, que vai contar com alargamento das cal\u00e7adas e elementos para promover o conv\u00edvio harm\u00f4nico do espa\u00e7o.\n<\/div>\n<\/div>\n<\/div>\n<\/div>\n<\/div>\n<\/div>\n<div class=\"ajx\"><em>Com informa\u00e7\u00f5es de assessoria<\/em><\/div>\n<\/div>\n<div class=\"gA gt acV\">\n<div class=\"gB xu\">\n<div class=\"ip iq\"><\/div>\n<\/div>\n<\/div>\n","protected":false},"excerpt":{"rendered":"<p>A prefeitura apresentou, neste s\u00e1bado, 30, o conceito de &#8220;Ruas Completas&#8221; no evento &#8220;P\u00e1tio Cultural&#8221;. A rua Jo\u00e3o Alfredo, na Cidade Baixa, foi a rua escolhida para inaugurar a iniciativa em Porto Alegre. Com o objetivo de promover a ocupa\u00e7\u00e3o do espa\u00e7o p\u00fablico durante o dia e ampliar a seguran\u00e7a no tr\u00e2nsito, a iniciativa da [&hellip;]<\/p>\n","protected":false},"author":4,"featured_media":73603,"comment_status":"open","ping_status":"closed","sticky":false,"template":"","format":"standard","meta":{"jetpack_post_was_ever_published":false,"_jetpack_newsletter_access":"","_jetpack_dont_email_post_to_subs":false,"_jetpack_newsletter_tier_id":0,"_jetpack_memberships_contains_paywalled_content":false,"_jetpack_memberships_contains_paid_content":false,"footnotes":"","jetpack_publicize_message":"","jetpack_publicize_feature_enabled":true,"jetpack_social_post_already_shared":true,"jetpack_social_options":{"image_generator_settings":{"template":"highway","default_image_id":0,"font":"","enabled":false},"version":2}},"categories":[2],"tags":[213,214,132,215],"class_list":["post-73600","post","type-post","status-publish","format-standard","has-post-thumbnail","hentry","category-geral","tag-joao-alfredo","tag-lucas-anao","tag-porto-alegre","tag-ruas-completas"],"aioseo_notices":[],"jetpack_publicize_connections":[],"jetpack_featured_media_url":"","jetpack_shortlink":"https:\/\/wp.me\/pbKhrD-j96","jetpack-related-posts":[{"id":92575,"url":"https:\/\/www.jornalja.com.br\/geral\/pt-completa-28-regionais-para-coordenar-a-campanha-de-adao-pretto-ao-governo-gaucho\/","url_meta":{"origin":73600,"position":0},"title":"PT completa 28 regionais para coordenar a campanha de Edegar Pretto ao governo ga\u00facho","author":"da Reda\u00e7\u00e3o","date":"11 de maio de 2022","format":false,"excerpt":"Evento encerra um ciclo de organiza\u00e7\u00e3o em todo o estado. Pr\u00f3ximo passo \u00e9 a elabora\u00e7\u00e3o do Programa de Governo O Partido dos Trabalhadores (PT) instala nesta quarta-feira (11) a coordena\u00e7\u00e3o de pr\u00e9-campanha de Edegar Pretto e Lula em Porto Alegre. Ser\u00e1 no Sindicato dos Municip\u00e1rios (Simpa), na rua Jo\u00e3o Alfredo,\u2026","rel":"","context":"Em &quot;Geral-NOTAS&quot;","block_context":{"text":"Geral-NOTAS","link":"https:\/\/www.jornalja.com.br\/geral\/category\/geral-notas\/"},"img":{"alt_text":"","src":"https:\/\/i0.wp.com\/www.jornalja.com.br\/geral\/wp-content\/uploads\/sites\/4\/2022\/05\/edegar-pretto-foto-rafael-stedile.jpeg?resize=350%2C200&ssl=1","width":350,"height":200,"srcset":"https:\/\/i0.wp.com\/www.jornalja.com.br\/geral\/wp-content\/uploads\/sites\/4\/2022\/05\/edegar-pretto-foto-rafael-stedile.jpeg?resize=350%2C200&ssl=1 1x, https:\/\/i0.wp.com\/www.jornalja.com.br\/geral\/wp-content\/uploads\/sites\/4\/2022\/05\/edegar-pretto-foto-rafael-stedile.jpeg?resize=525%2C300&ssl=1 1.5x, https:\/\/i0.wp.com\/www.jornalja.com.br\/geral\/wp-content\/uploads\/sites\/4\/2022\/05\/edegar-pretto-foto-rafael-stedile.jpeg?resize=700%2C400&ssl=1 2x, https:\/\/i0.wp.com\/www.jornalja.com.br\/geral\/wp-content\/uploads\/sites\/4\/2022\/05\/edegar-pretto-foto-rafael-stedile.jpeg?resize=1050%2C600&ssl=1 3x"},"classes":[]},{"id":101058,"url":"https:\/\/www.jornalja.com.br\/geral\/jornalista-batista-filho-palestra-em-ato-pelos-62-anos-do-golpe-militar\/","url_meta":{"origin":73600,"position":1},"title":"Jornalista Batista Filho palestra em ato pelos 62 anos do Golpe Militar","author":"da Reda\u00e7\u00e3o","date":"8 de abril de 2026","format":false,"excerpt":"O jornalista Jo\u00e3o Batista Filho, de 86 anos, ser\u00e1 o palestrante do \u201cAto de Rep\u00fadio pelos 62 Anos da Ditadura Militar\u201d, que ocorre nesta quarta-feira (8), \u00e0s 19h, no Audit\u00f3rio Ana Terra da C\u00e2mara Municipal de Porto Alegre. A atividade \u00e9 promovida pela Associa\u00e7\u00e3o dos Ex-Presos e Perseguidos Pol\u00edticos do\u2026","rel":"","context":"Em &quot;Geral-MAT\u00c9RIA&quot;","block_context":{"text":"Geral-MAT\u00c9RIA","link":"https:\/\/www.jornalja.com.br\/geral\/category\/geral\/"},"img":{"alt_text":"","src":"https:\/\/i0.wp.com\/www.jornalja.com.br\/geral\/wp-content\/uploads\/sites\/4\/2026\/04\/sem-titulo-1.jpg?resize=350%2C200&ssl=1","width":350,"height":200,"srcset":"https:\/\/i0.wp.com\/www.jornalja.com.br\/geral\/wp-content\/uploads\/sites\/4\/2026\/04\/sem-titulo-1.jpg?resize=350%2C200&ssl=1 1x, https:\/\/i0.wp.com\/www.jornalja.com.br\/geral\/wp-content\/uploads\/sites\/4\/2026\/04\/sem-titulo-1.jpg?resize=525%2C300&ssl=1 1.5x, https:\/\/i0.wp.com\/www.jornalja.com.br\/geral\/wp-content\/uploads\/sites\/4\/2026\/04\/sem-titulo-1.jpg?resize=700%2C400&ssl=1 2x, https:\/\/i0.wp.com\/www.jornalja.com.br\/geral\/wp-content\/uploads\/sites\/4\/2026\/04\/sem-titulo-1.jpg?resize=1050%2C600&ssl=1 3x"},"classes":[]},{"id":100981,"url":"https:\/\/www.jornalja.com.br\/geral\/carta-de-porto-alegre-propoe-frente-global-em-defesa-da-democracia\/","url_meta":{"origin":73600,"position":2},"title":"&#8220;Carta de Porto Alegre&#8221; prop\u00f5e frente global em defesa da democracia","author":"da Reda\u00e7\u00e3o","date":"31 de mar\u00e7o de 2026","format":false,"excerpt":"Na quinta-feira, Ol\u00edvio Dutra foi o primeiro a falar. Disse que a luta contra o fascismo \u00e9, essencialmente, uma luta contra governos que n\u00e3o colocam a vida humana como prioridade central das pol\u00edticas p\u00fablicas. \u201cA democracia deve ser social e participativa, e n\u00e3o um instrumento controlado por minorias ou pelo\u2026","rel":"","context":"Em &quot;Geral-MAT\u00c9RIA&quot;","block_context":{"text":"Geral-MAT\u00c9RIA","link":"https:\/\/www.jornalja.com.br\/geral\/category\/geral\/"},"img":{"alt_text":"","src":"https:\/\/i0.wp.com\/www.jornalja.com.br\/geral\/wp-content\/uploads\/sites\/4\/2026\/03\/systemuploadsnews36af8a82acdf9331cdd-700x460xfit-0aec1.jpg?resize=350%2C200&ssl=1","width":350,"height":200,"srcset":"https:\/\/i0.wp.com\/www.jornalja.com.br\/geral\/wp-content\/uploads\/sites\/4\/2026\/03\/systemuploadsnews36af8a82acdf9331cdd-700x460xfit-0aec1.jpg?resize=350%2C200&ssl=1 1x, https:\/\/i0.wp.com\/www.jornalja.com.br\/geral\/wp-content\/uploads\/sites\/4\/2026\/03\/systemuploadsnews36af8a82acdf9331cdd-700x460xfit-0aec1.jpg?resize=525%2C300&ssl=1 1.5x, https:\/\/i0.wp.com\/www.jornalja.com.br\/geral\/wp-content\/uploads\/sites\/4\/2026\/03\/systemuploadsnews36af8a82acdf9331cdd-700x460xfit-0aec1.jpg?resize=700%2C400&ssl=1 2x"},"classes":[]},{"id":101178,"url":"https:\/\/www.jornalja.com.br\/geral\/dois-anos-do-incendio-na-pousada-garoa-11-vitimas-ainda-sem-justica\/","url_meta":{"origin":73600,"position":3},"title":"Dois anos do inc\u00eandio na Pousada Garoa: 11 v\u00edtimas ainda sem justi\u00e7a","author":"da Reda\u00e7\u00e3o","date":"27 de abril de 2026","format":false,"excerpt":"Um ato simb\u00f3lico marcou, neste domingo, 26\/04, os dois anos do inc\u00eandio na Pousada Garoa, albergue conveniado com a prefeitura de Porto Alegre, na avenida Farrapos. Na trag\u00e9dia, 11 pessoas morreram queimadas e, ao menos, outras 15 sofreram ferimentos. \u201cO que houve aqui, h\u00e1 dois anos, independentemente da origem do\u2026","rel":"","context":"Em &quot;MANCHETE do Site&quot;","block_context":{"text":"MANCHETE do Site","link":"https:\/\/www.jornalja.com.br\/geral\/category\/manchete-do-site\/"},"img":{"alt_text":"","src":"https:\/\/i0.wp.com\/www.jornalja.com.br\/geral\/wp-content\/uploads\/sites\/4\/2026\/04\/pousada-garoa-2-anos-2-scaled.jpg?resize=350%2C200&ssl=1","width":350,"height":200,"srcset":"https:\/\/i0.wp.com\/www.jornalja.com.br\/geral\/wp-content\/uploads\/sites\/4\/2026\/04\/pousada-garoa-2-anos-2-scaled.jpg?resize=350%2C200&ssl=1 1x, https:\/\/i0.wp.com\/www.jornalja.com.br\/geral\/wp-content\/uploads\/sites\/4\/2026\/04\/pousada-garoa-2-anos-2-scaled.jpg?resize=525%2C300&ssl=1 1.5x, https:\/\/i0.wp.com\/www.jornalja.com.br\/geral\/wp-content\/uploads\/sites\/4\/2026\/04\/pousada-garoa-2-anos-2-scaled.jpg?resize=700%2C400&ssl=1 2x, https:\/\/i0.wp.com\/www.jornalja.com.br\/geral\/wp-content\/uploads\/sites\/4\/2026\/04\/pousada-garoa-2-anos-2-scaled.jpg?resize=1050%2C600&ssl=1 3x, https:\/\/i0.wp.com\/www.jornalja.com.br\/geral\/wp-content\/uploads\/sites\/4\/2026\/04\/pousada-garoa-2-anos-2-scaled.jpg?resize=1400%2C800&ssl=1 4x"},"classes":[]},{"id":87350,"url":"https:\/\/www.jornalja.com.br\/geral\/vacinacao-de-idosos-na-faixa-dos-79-em-porto-alegre-veja-os-locais\/","url_meta":{"origin":73600,"position":4},"title":"Vacina\u00e7\u00e3o de idosos na faixa dos 79 anos em Porto Alegre; veja os locais","author":"da Reda\u00e7\u00e3o","date":"8 de mar\u00e7o de 2021","format":false,"excerpt":"Idosos na faixa dos 79 anos ser\u00e3o vacinados contra a Covid-19 \u00a0nesta segunda-feira, 8, em Porto Alegre. Tamb\u00e9m recebem a segunda dose profissionais da sa\u00fade cujas primeiras doses foram no dia 6 de fevereiro. Segundo a Secretaria Municipal de Sa\u00fade (SMS), 117.764 porto-alegrenses j\u00e1 receberam a primeira dose das vacinas,\u2026","rel":"","context":"Em &quot;Geral-NOTAS&quot;","block_context":{"text":"Geral-NOTAS","link":"https:\/\/www.jornalja.com.br\/geral\/category\/geral-notas\/"},"img":{"alt_text":"","src":"","width":0,"height":0},"classes":[]},{"id":100955,"url":"https:\/\/www.jornalja.com.br\/geral\/pedro-ruas-denuncia-isencoes-abusivas-de-iptu-para-grandes-construtoras\/","url_meta":{"origin":73600,"position":5},"title":"Pedro Ruas denuncia &#8220;isen\u00e7\u00f5es abusivas&#8221; de IPTU para grandes construtoras","author":"da Reda\u00e7\u00e3o","date":"25 de mar\u00e7o de 2026","format":false,"excerpt":"No ano passado, a prefeitura de Porto Alegre deixou de arrecadar R$ 74 milh\u00f5es por isen\u00e7\u00f5es de IPTU. Deste total, R$ 55 milh\u00f5es (74.5%) correspondem a 40 grandes empresas, como a Frapport Brasil, concession\u00e1ria do aeroporto Salgado Filho; o grupo Melnick; a construtora Cyrella; a OAS; e at\u00e9 o Country\u2026","rel":"","context":"Em &quot;Geral-MAT\u00c9RIA&quot;","block_context":{"text":"Geral-MAT\u00c9RIA","link":"https:\/\/www.jornalja.com.br\/geral\/category\/geral\/"},"img":{"alt_text":"","src":"https:\/\/i0.wp.com\/www.jornalja.com.br\/geral\/wp-content\/uploads\/sites\/4\/2026\/03\/lco9398.jpg?resize=350%2C200&ssl=1","width":350,"height":200,"srcset":"https:\/\/i0.wp.com\/www.jornalja.com.br\/geral\/wp-content\/uploads\/sites\/4\/2026\/03\/lco9398.jpg?resize=350%2C200&ssl=1 1x, https:\/\/i0.wp.com\/www.jornalja.com.br\/geral\/wp-content\/uploads\/sites\/4\/2026\/03\/lco9398.jpg?resize=525%2C300&ssl=1 1.5x, https:\/\/i0.wp.com\/www.jornalja.com.br\/geral\/wp-content\/uploads\/sites\/4\/2026\/03\/lco9398.jpg?resize=700%2C400&ssl=1 2x, https:\/\/i0.wp.com\/www.jornalja.com.br\/geral\/wp-content\/uploads\/sites\/4\/2026\/03\/lco9398.jpg?resize=1050%2C600&ssl=1 3x, https:\/\/i0.wp.com\/www.jornalja.com.br\/geral\/wp-content\/uploads\/sites\/4\/2026\/03\/lco9398.jpg?resize=1400%2C800&ssl=1 4x"},"classes":[]}],"jetpack_sharing_enabled":true,"_links":{"self":[{"href":"https:\/\/www.jornalja.com.br\/geral\/wp-json\/wp\/v2\/posts\/73600","targetHints":{"allow":["GET"]}}],"collection":[{"href":"https:\/\/www.jornalja.com.br\/geral\/wp-json\/wp\/v2\/posts"}],"about":[{"href":"https:\/\/www.jornalja.com.br\/geral\/wp-json\/wp\/v2\/types\/post"}],"author":[{"embeddable":true,"href":"https:\/\/www.jornalja.com.br\/geral\/wp-json\/wp\/v2\/users\/4"}],"replies":[{"embeddable":true,"href":"https:\/\/www.jornalja.com.br\/geral\/wp-json\/wp\/v2\/comments?post=73600"}],"version-history":[{"count":0,"href":"https:\/\/www.jornalja.com.br\/geral\/wp-json\/wp\/v2\/posts\/73600\/revisions"}],"wp:featuredmedia":[{"embeddable":true,"href":"https:\/\/www.jornalja.com.br\/geral\/wp-json\/"}],"wp:attachment":[{"href":"https:\/\/www.jornalja.com.br\/geral\/wp-json\/wp\/v2\/media?parent=73600"}],"wp:term":[{"taxonomy":"category","embeddable":true,"href":"https:\/\/www.jornalja.com.br\/geral\/wp-json\/wp\/v2\/categories?post=73600"},{"taxonomy":"post_tag","embeddable":true,"href":"https:\/\/www.jornalja.com.br\/geral\/wp-json\/wp\/v2\/tags?post=73600"}],"curies":[{"name":"wp","href":"https:\/\/api.w.org\/{rel}","templated":true}]}}