{"id":73615,"date":"2019-04-01T18:57:43","date_gmt":"2019-04-01T21:57:43","guid":{"rendered":"https:\/\/www.jornalja.com.br\/?p=73615"},"modified":"2019-04-01T18:57:43","modified_gmt":"2019-04-01T21:57:43","slug":"sindicatos-de-servidores-pressionam-governo-por-repasses","status":"publish","type":"post","link":"https:\/\/www.jornalja.com.br\/geral\/sindicatos-de-servidores-pressionam-governo-por-repasses\/","title":{"rendered":"Sindicatos de servidores pressionam governo por repasses"},"content":{"rendered":"<p><span style=\"font-weight: 400\">Dirigentes de entidades representativas do funcionalismo estadual foram recebidos na manh\u00e3 desta segunda-feira (1\u00ba) pelo chefe de gabinete do governador, Paulo Mourales, no Sal\u00e3o Negrinho do Pastoreio do Pal\u00e1cio Piratini. <\/span><br \/>\n<span style=\"font-weight: 400\">Em pauta, o atraso no repasse das contribui\u00e7\u00f5es sindicais. Segundo servidores, pela primeira vez desde o come\u00e7o dos atrasos, iniciados na gest\u00e3o Sartori, a demora ultrapassou o per\u00edodo de um m\u00eas.<\/span><br \/>\n<span style=\"font-weight: 400\">\u201cEstamos em abril e ainda n\u00e3o recebemos o repasse de fevereiro. O atraso obriga as entidades a contra\u00edrem empr\u00e9stimos para arcar com o custeio e reflete diretamente nas condi\u00e7\u00f5es para a organiza\u00e7\u00e3o e mobiliza\u00e7\u00e3o das categorias, bem como na garantia dos direitos dos trabalhadores que atuam nas entidades\u201d, afirma a\u00a0presidente do CPERS, Helenir Aguiar Sch\u00fcrer.<\/span><br \/>\n<span style=\"font-weight: 400\">A quest\u00e3o j\u00e1 havia sido levada ao governo, em reuni\u00e3o no dia 15 de mar\u00e7o com o secret\u00e1rio da Fazenda. Na ocasi\u00e3o, o titular da pasta, Marco Aur\u00e9lio Santos Cardoso, assumiu o compromisso de divulgar a data do repasse no \u00faltimo dia do m\u00eas, o que n\u00e3o se concretizou.<\/span><br \/>\n<span style=\"font-weight: 400\">\u00a0\u201c\u00c9 uma postura antidemocr\u00e1tica, pois este recurso \u00e9 fundamental para que possamos defender os direitos dos trabalhadores contra as medidas do governo e s\u00f3 tomamos conhecimento da data de pagamento atrav\u00e9s da imprensa\u201d, reivindica \u00c9rico Corr\u00eaa, diretor do Sindicaixa.<\/span><br \/>\n<span style=\"font-weight: 400\">Paulo Mourales afirmou que o tema ser\u00e1 tratado diretamente com o governador, na reuni\u00e3o de secret\u00e1rios desta ter\u00e7a (2), e o encaminhamento ser\u00e1 comunicado \u00e0s entidades no mesmo dia. Tamb\u00e9m participaram da reuni\u00e3o Diva da Costa, diretora do Sindicato dos Servidores P\u00fablicos do Estado do Rio Grande do Sul (Sindisepe-rs), e Isaac Ortiz, presidente do Sindicato dos Escriv\u00e3es, Inspetores e Investigadores de Pol\u00edcia do RS.<\/span><br \/>\n<em>Com informa\u00e7\u00f5es de assessoria.<\/em><\/p>\n","protected":false},"excerpt":{"rendered":"<p>Dirigentes de entidades representativas do funcionalismo estadual foram recebidos na manh\u00e3 desta segunda-feira (1\u00ba) pelo chefe de gabinete do governador, Paulo Mourales, no Sal\u00e3o Negrinho do Pastoreio do Pal\u00e1cio Piratini. Em pauta, o atraso no repasse das contribui\u00e7\u00f5es sindicais. Segundo servidores, pela primeira vez desde o come\u00e7o dos atrasos, iniciados na gest\u00e3o Sartori, a demora [&hellip;]<\/p>\n","protected":false},"author":4,"featured_media":73616,"comment_status":"open","ping_status":"closed","sticky":false,"template":"","format":"standard","meta":{"jetpack_post_was_ever_published":false,"_jetpack_newsletter_access":"","_jetpack_dont_email_post_to_subs":false,"_jetpack_newsletter_tier_id":0,"_jetpack_memberships_contains_paywalled_content":false,"_jetpack_memberships_contains_paid_content":false,"footnotes":"","jetpack_publicize_message":"","jetpack_publicize_feature_enabled":true,"jetpack_social_post_already_shared":true,"jetpack_social_options":{"image_generator_settings":{"template":"highway","default_image_id":0,"font":"","enabled":false},"version":2}},"categories":[2],"tags":[216,67,217,218,219,220,221,15,222,223,224],"class_list":["post-73615","post","type-post","status-publish","format-standard","has-post-thumbnail","hentry","category-geral","tag-atrasos","tag-cpers","tag-erico-correa","tag-helenir-aguiar-schurer","tag-marco-aurelio-santos-cardoso","tag-paulo-mourales","tag-repasse-sindical","tag-rs","tag-sindicaixa","tag-sindisepe-rs","tag-ugeirm"],"aioseo_notices":[],"jetpack_publicize_connections":[],"jetpack_featured_media_url":"","jetpack_shortlink":"https:\/\/wp.me\/pbKhrD-j9l","jetpack-related-posts":[{"id":86125,"url":"https:\/\/www.jornalja.com.br\/geral\/entidades-gauchas-cobram-solucao-para-atrasos-da-cef-no-repasse-de-recursos-do-minha-casa-minha-vida\/","url_meta":{"origin":73615,"position":0},"title":"Entidades ga\u00fachas cobram solu\u00e7\u00e3o para atrasos da CEF no repasse de recursos do Minha Casa, Minha Vida \u00a0","author":"Higino Barros","date":"15 de outubro de 2020","format":false,"excerpt":"Representantes de 22 entidades que constroem habita\u00e7\u00f5es populares no Rio Grande do Sul, pelo extinto Programa Minha Casa, Minha Vida, cobram nessa quinta-feira, em reuni\u00e3o virtual \u00e0s 10hrs, de Alfredo Eduardo Santos, Secret\u00e1rio Nacional da Habita\u00e7\u00e3o, \u00f3rg\u00e3o vinculado ao Minist\u00e9rio de Desenvolvimento Regional, o fim dos atrasos nos repasses de\u2026","rel":"","context":"Em &quot;Geral-MAT\u00c9RIA&quot;","block_context":{"text":"Geral-MAT\u00c9RIA","link":"https:\/\/www.jornalja.com.br\/geral\/category\/geral\/"},"img":{"alt_text":"","src":"https:\/\/i0.wp.com\/www.jornalja.com.br\/geral\/wp-content\/uploads\/sites\/4\/2020\/10\/25-08-2020-lancamento-do-programa-casa-verde-e-amarelasantos-fc2508200910.jpg?resize=350%2C200&ssl=1","width":350,"height":200,"srcset":"https:\/\/i0.wp.com\/www.jornalja.com.br\/geral\/wp-content\/uploads\/sites\/4\/2020\/10\/25-08-2020-lancamento-do-programa-casa-verde-e-amarelasantos-fc2508200910.jpg?resize=350%2C200&ssl=1 1x, https:\/\/i0.wp.com\/www.jornalja.com.br\/geral\/wp-content\/uploads\/sites\/4\/2020\/10\/25-08-2020-lancamento-do-programa-casa-verde-e-amarelasantos-fc2508200910.jpg?resize=525%2C300&ssl=1 1.5x, https:\/\/i0.wp.com\/www.jornalja.com.br\/geral\/wp-content\/uploads\/sites\/4\/2020\/10\/25-08-2020-lancamento-do-programa-casa-verde-e-amarelasantos-fc2508200910.jpg?resize=700%2C400&ssl=1 2x, https:\/\/i0.wp.com\/www.jornalja.com.br\/geral\/wp-content\/uploads\/sites\/4\/2020\/10\/25-08-2020-lancamento-do-programa-casa-verde-e-amarelasantos-fc2508200910.jpg?resize=1050%2C600&ssl=1 3x"},"classes":[]},{"id":88237,"url":"https:\/\/www.jornalja.com.br\/geral\/governo-gaucho-recebeu-r-3-bilhoes-de-repasses-federais-em-2020\/","url_meta":{"origin":73615,"position":1},"title":"Governo ga\u00facho recebeu R$ 3 bilh\u00f5es de repasses federais em 2020","author":"da Reda\u00e7\u00e3o","date":"9 de junho de 2021","format":false,"excerpt":"Essa investida de Bolsonaro para provar que as Secretarias Estaduais de Sa\u00fade inflaram o n\u00famero de mortes por Covid tem um alvo preferencial: o governador do Rio Grande do Sul,\u00a0 Eduardo Leite,\u00a0 pr\u00e9-candidato \u00e0 presid\u00eancia. No relat\u00f3rio que o governo ga\u00facho divulgou recentemente consta que a ajuda federal ao Estado\u2026","rel":"","context":"Em &quot;Geral-MAT\u00c9RIA&quot;","block_context":{"text":"Geral-MAT\u00c9RIA","link":"https:\/\/www.jornalja.com.br\/geral\/category\/geral\/"},"img":{"alt_text":"","src":"https:\/\/i0.wp.com\/www.jornalja.com.br\/geral\/wp-content\/uploads\/sites\/4\/2021\/06\/covid-eduardo-leite.jpg?resize=350%2C200&ssl=1","width":350,"height":200,"srcset":"https:\/\/i0.wp.com\/www.jornalja.com.br\/geral\/wp-content\/uploads\/sites\/4\/2021\/06\/covid-eduardo-leite.jpg?resize=350%2C200&ssl=1 1x, https:\/\/i0.wp.com\/www.jornalja.com.br\/geral\/wp-content\/uploads\/sites\/4\/2021\/06\/covid-eduardo-leite.jpg?resize=525%2C300&ssl=1 1.5x, https:\/\/i0.wp.com\/www.jornalja.com.br\/geral\/wp-content\/uploads\/sites\/4\/2021\/06\/covid-eduardo-leite.jpg?resize=700%2C400&ssl=1 2x"},"classes":[]},{"id":95387,"url":"https:\/\/www.jornalja.com.br\/geral\/uniao-paga-r-785-milhoes-de-estados-caloteiros-rs-e-um-deles\/","url_meta":{"origin":73615,"position":2},"title":"Uni\u00e3o paga R$ 785 milh\u00f5es de Estados caloteiros; RS \u00e9 um deles","author":"da Reda\u00e7\u00e3o","date":"8 de maio de 2023","format":false,"excerpt":"O Tesouro Nacional divulgou nesta segunda 8, o Relat\u00f3rio de Garantias Honradas pela Uni\u00e3o com os valores pagos em abril pelo governo federal para cobrir d\u00edvidas que Estados e Munic\u00edpios n\u00e3o conseguiram pagar. Foram R$ 785,03 milh\u00f5es em d\u00edvidas atrasadas de estados, no m\u00eas de abril. Do total, R$ 318,40\u2026","rel":"","context":"Em &quot;Geral-NOTAS&quot;","block_context":{"text":"Geral-NOTAS","link":"https:\/\/www.jornalja.com.br\/geral\/category\/geral-notas\/"},"img":{"alt_text":"","src":"","width":0,"height":0},"classes":[]},{"id":100941,"url":"https:\/\/www.jornalja.com.br\/geral\/concessao-do-cais-maua-trava-de-novo\/","url_meta":{"origin":73615,"position":3},"title":"Concess\u00e3o do Cais Mau\u00e1 trava, de novo","author":"da Reda\u00e7\u00e3o","date":"12 de mar\u00e7o de 2026","format":false,"excerpt":"A concess\u00e3o do Cais Mau\u00e1 vive um novo impasse. O cons\u00f3rcio\u00a0Pulsa RS, vencedor da licita\u00e7\u00e3o, solicitou ao governo ga\u00facho a prorroga\u00e7\u00e3o do prazo para a assinatura final do contrato, prevista para quarta-feira, 11 de mar\u00e7o. Com isso, o grupo fica dispensado, por ora, do pagamento de mais de R$ 11\u2026","rel":"","context":"Em &quot;Geral-MAT\u00c9RIA&quot;","block_context":{"text":"Geral-MAT\u00c9RIA","link":"https:\/\/www.jornalja.com.br\/geral\/category\/geral\/"},"img":{"alt_text":"","src":"https:\/\/i0.wp.com\/www.jornalja.com.br\/geral\/wp-content\/uploads\/sites\/4\/2026\/02\/cais-armazens2-scaled-1.jpeg?resize=350%2C200&ssl=1","width":350,"height":200,"srcset":"https:\/\/i0.wp.com\/www.jornalja.com.br\/geral\/wp-content\/uploads\/sites\/4\/2026\/02\/cais-armazens2-scaled-1.jpeg?resize=350%2C200&ssl=1 1x, https:\/\/i0.wp.com\/www.jornalja.com.br\/geral\/wp-content\/uploads\/sites\/4\/2026\/02\/cais-armazens2-scaled-1.jpeg?resize=525%2C300&ssl=1 1.5x, https:\/\/i0.wp.com\/www.jornalja.com.br\/geral\/wp-content\/uploads\/sites\/4\/2026\/02\/cais-armazens2-scaled-1.jpeg?resize=700%2C400&ssl=1 2x"},"classes":[]},{"id":83274,"url":"https:\/\/www.jornalja.com.br\/geral\/tce-determina-que-marchezan-retome-os-repasses-as-creches-comunitarias\/","url_meta":{"origin":73615,"position":4},"title":"TCE determina que Marchezan retome os repasses \u00e0s creches comunit\u00e1rias","author":"da Reda\u00e7\u00e3o","date":"4 de maio de 2020","format":false,"excerpt":"O Tribunal de Contas do Estado (TCE-RS) emitiu medida cautelar determinando que o prefeito de Porto Alegre, Nelson Marchezan J\u00fanior, se abstenha de suspender integralmente os repasses \u00e0s creches e escolas comunit\u00e1rias, readequando-os para garantir a continuidade dos pagamentos. O Executivo municipal suspendeu os repasses \u00e0s entidades educacionais, atrav\u00e9s de\u2026","rel":"","context":"Em &quot;Geral-MAT\u00c9RIA&quot;","block_context":{"text":"Geral-MAT\u00c9RIA","link":"https:\/\/www.jornalja.com.br\/geral\/category\/geral\/"},"img":{"alt_text":"","src":"https:\/\/i0.wp.com\/www.jornalja.com.br\/geral\/wp-content\/uploads\/sites\/4\/2020\/04\/20200416_170502-scaled.jpg?resize=350%2C200&ssl=1","width":350,"height":200,"srcset":"https:\/\/i0.wp.com\/www.jornalja.com.br\/geral\/wp-content\/uploads\/sites\/4\/2020\/04\/20200416_170502-scaled.jpg?resize=350%2C200&ssl=1 1x, https:\/\/i0.wp.com\/www.jornalja.com.br\/geral\/wp-content\/uploads\/sites\/4\/2020\/04\/20200416_170502-scaled.jpg?resize=525%2C300&ssl=1 1.5x, https:\/\/i0.wp.com\/www.jornalja.com.br\/geral\/wp-content\/uploads\/sites\/4\/2020\/04\/20200416_170502-scaled.jpg?resize=700%2C400&ssl=1 2x"},"classes":[]},{"id":98793,"url":"https:\/\/www.jornalja.com.br\/geral\/enchente-jornal-diz-que-choque-eleitoral-atrasa-obras-e-apoio-a-vitimas-no-rs\/","url_meta":{"origin":73615,"position":5},"title":"Enchente: jornal diz que disputa pol\u00edtica atrasa obras e apoio a v\u00edtimas no RS","author":"Elmar Bones","date":"9 de maio de 2025","format":false,"excerpt":"\"Embates pol\u00edticos prejudicam a recupera\u00e7\u00e3o do Rio Grande do Sul\". \u00c9 o t\u00edtulo do editorial do jornal O Globo desta quarta-feira, 30\/05. Diz o texto: \"Um ano depois do desastre ambiental que atingiu 2 milh\u00f5es em quase 500 munic\u00edpios do Rio Grande do Sul, o enfrentamento entre o governador Eduardo\u2026","rel":"","context":"Em &quot;Geral-MAT\u00c9RIA&quot;","block_context":{"text":"Geral-MAT\u00c9RIA","link":"https:\/\/www.jornalja.com.br\/geral\/category\/geral\/"},"img":{"alt_text":"","src":"https:\/\/i0.wp.com\/www.jornalja.com.br\/geral\/wp-content\/uploads\/sites\/4\/2025\/05\/leite-e-seu-vice-gabriel-de-souza-pre-candidado-a-sucessao-no-piratini.jpeg?resize=350%2C200&ssl=1","width":350,"height":200,"srcset":"https:\/\/i0.wp.com\/www.jornalja.com.br\/geral\/wp-content\/uploads\/sites\/4\/2025\/05\/leite-e-seu-vice-gabriel-de-souza-pre-candidado-a-sucessao-no-piratini.jpeg?resize=350%2C200&ssl=1 1x, https:\/\/i0.wp.com\/www.jornalja.com.br\/geral\/wp-content\/uploads\/sites\/4\/2025\/05\/leite-e-seu-vice-gabriel-de-souza-pre-candidado-a-sucessao-no-piratini.jpeg?resize=525%2C300&ssl=1 1.5x, https:\/\/i0.wp.com\/www.jornalja.com.br\/geral\/wp-content\/uploads\/sites\/4\/2025\/05\/leite-e-seu-vice-gabriel-de-souza-pre-candidado-a-sucessao-no-piratini.jpeg?resize=700%2C400&ssl=1 2x"},"classes":[]}],"jetpack_sharing_enabled":true,"_links":{"self":[{"href":"https:\/\/www.jornalja.com.br\/geral\/wp-json\/wp\/v2\/posts\/73615","targetHints":{"allow":["GET"]}}],"collection":[{"href":"https:\/\/www.jornalja.com.br\/geral\/wp-json\/wp\/v2\/posts"}],"about":[{"href":"https:\/\/www.jornalja.com.br\/geral\/wp-json\/wp\/v2\/types\/post"}],"author":[{"embeddable":true,"href":"https:\/\/www.jornalja.com.br\/geral\/wp-json\/wp\/v2\/users\/4"}],"replies":[{"embeddable":true,"href":"https:\/\/www.jornalja.com.br\/geral\/wp-json\/wp\/v2\/comments?post=73615"}],"version-history":[{"count":0,"href":"https:\/\/www.jornalja.com.br\/geral\/wp-json\/wp\/v2\/posts\/73615\/revisions"}],"wp:featuredmedia":[{"embeddable":true,"href":"https:\/\/www.jornalja.com.br\/geral\/wp-json\/"}],"wp:attachment":[{"href":"https:\/\/www.jornalja.com.br\/geral\/wp-json\/wp\/v2\/media?parent=73615"}],"wp:term":[{"taxonomy":"category","embeddable":true,"href":"https:\/\/www.jornalja.com.br\/geral\/wp-json\/wp\/v2\/categories?post=73615"},{"taxonomy":"post_tag","embeddable":true,"href":"https:\/\/www.jornalja.com.br\/geral\/wp-json\/wp\/v2\/tags?post=73615"}],"curies":[{"name":"wp","href":"https:\/\/api.w.org\/{rel}","templated":true}]}}